{"id":1166354,"date":"2026-09-04T06:36:16","date_gmt":"2026-09-04T06:36:16","guid":{"rendered":"https:\/\/www.europesays.com\/fr\/1166354\/"},"modified":"2026-09-04T06:36:16","modified_gmt":"2026-09-04T06:36:16","slug":"le-quai-du-rire-sur-le-vieux-port-a-marseille-retrouve-son-nom-historique","status":"publish","type":"post","link":"https:\/\/www.europesays.com\/fr\/1166354\/","title":{"rendered":"Le Quai du Rire sur le Vieux-Port \u00e0 Marseille retrouve son nom historique"},"content":{"rendered":"<p>C\u2019est un nom charg\u00e9 d\u2019histoire qui retrouve sa place sur le Vieux-Port en cette fin d\u2019\u00e9t\u00e9. \u00ab\u00a0Le <a href=\"https:\/\/www.laprovence.com\/article\/culture-loisirs\/68306013339918\/humour-soirees-boat-party-kouss-kouss-festival-que-faire-a-marseille-ce-week-end-du-4-5-et-6-septembre\" target=\"_self\" rel=\"nofollow noopener\">Quai du Rire<\/a>, c\u2019\u00e9tait un passage obligatoire pour tester des sketchs avant une tourn\u00e9e\u00a0\u00bb, racontait Manu Payet en juin 2023, en marge de son show au Cepac Silo. Cr\u00e9\u00e9 par <a href=\"https:\/\/www.laprovence.com\/article\/culture-loisirs\/31254106532178\/deux-soirees-d-humour-pour-feter-les-femmes-et-leurs-droits-a-l-espace-de-la-confluence-d-auriol\" target=\"_self\" rel=\"nofollow noopener\">\u00c9liane Zayan<\/a> en 1994, le caf\u00e9-th\u00e9\u00e2tre s\u2019est rapidement fait une r\u00e9putation de tremplin pour les jeunes talents. <a href=\"https:\/\/www.laprovence.com\/article\/culture-loisirs\/3204669447297915\/titoff-et-la-jeune-garde-marseillaise-de-lhumour-reunis-pour-une-soiree-de-rire-le-24-avril-2025\" target=\"_self\" rel=\"nofollow noopener\">Titoff<\/a> y a notamment \u00e9t\u00e9 rep\u00e9r\u00e9, tandis que <a href=\"https:\/\/www.laprovence.com\/article\/culture-loisirs\/97091445589313\/video-gad-elmaleh-sapprete-a-feter-lanniversaire-du-vigs-a-marseille-nous-sommes-devenus-tres-professionnels\" target=\"_self\" rel=\"nofollow noopener\">Gad Elmaleh<\/a>, Jean-Luc Lemoine, <a href=\"https:\/\/www.laprovence.com\/article\/edition-arles\/6550072\/anthony-kavanagh-plus-happy-que-jamais.html\" target=\"_self\" rel=\"nofollow noopener\">Anthony Kavanagh<\/a> ou encore J\u00e9r\u00f4me Commandeur ont \u00e9galement foul\u00e9 sa sc\u00e8ne.<\/p>\n<p>Devenu en 2021 la Com\u00e9die de Marseille, le lieu, install\u00e9 au 16, quai de Rive Neuve, retrouve son appellation historique sous l\u2019impulsion de son nouveau propri\u00e9taire, Emmanuel Obr\u00e9. Le com\u00e9dien et metteur en sc\u00e8ne marseillais a rachet\u00e9 le fonds de commerce en avril dernier, et a notamment accueilli <a href=\"https:\/\/www.laprovence.com\/article\/culture-loisirs\/43266183408539\/l-humoriste-anne-roumanoff-vous-invite-a-passer-une-heure-avec-elle-du-3-au-5-juillet-2026-a-la-comedie-de-marseille\" target=\"_self\" rel=\"nofollow noopener\">Anne Roumanoff<\/a> cet \u00e9t\u00e9, avant de lancer la saison le 9 septembre. Une date encadr\u00e9e par deux inaugurations : la premi\u00e8re, organis\u00e9e ce samedi 5 septembre 2026, rassemblera les acteurs de l\u2019humour marseillais. La seconde, le 12 septembre, sera l\u2019occasion de pr\u00e9senter au public la saison.<\/p>\n<p>D\u2019ici l\u00e0, Emmanuel Obr\u00e9 et sa petite \u00e9quipe auront fini le rafra\u00eechissement et les&#8230;<\/p>\n","protected":false},"excerpt":{"rendered":"C\u2019est un nom charg\u00e9 d\u2019histoire qui retrouve sa place sur le Vieux-Port en cette fin d\u2019\u00e9t\u00e9. \u00ab\u00a0Le Quai&hellip;\n","protected":false},"author":2,"featured_media":1166355,"comment_status":"","ping_status":"","sticky":false,"template":"","format":"standard","meta":{"footnotes":"","_share_on_mastodon":"0"},"categories":[2814],"tags":[5734,1111,11,251,1777,674,1011,27,884,12,882,29042,25,4256,26789,3711,3356,1179],"class_list":["post-1166354","post","type-post","status-publish","format-standard","has-post-thumbnail","category-marseille","tag-5734","tag-actu","tag-actualites","tag-culture","tag-eu","tag-europe","tag-fr","tag-france","tag-marseille","tag-news","tag-provence-alpes-cote-dazur","tag-quai","tag-republique-francaise","tag-retrouve","tag-rire","tag-son","tag-sur","tag-vieux-port"],"share_on_mastodon":{"url":"https:\/\/pubeurope.com\/@fr\/117211390684439341","error":""},"_links":{"self":[{"href":"https:\/\/www.europesays.com\/fr\/wp-json\/wp\/v2\/posts\/1166354","targetHints":{"allow":["GET"]}}],"collection":[{"href":"https:\/\/www.europesays.com\/fr\/wp-json\/wp\/v2\/posts"}],"about":[{"href":"https:\/\/www.europesays.com\/fr\/wp-json\/wp\/v2\/types\/post"}],"author":[{"embeddable":true,"href":"https:\/\/www.europesays.com\/fr\/wp-json\/wp\/v2\/users\/2"}],"replies":[{"embeddable":true,"href":"https:\/\/www.europesays.com\/fr\/wp-json\/wp\/v2\/comments?post=1166354"}],"version-history":[{"count":0,"href":"https:\/\/www.europesays.com\/fr\/wp-json\/wp\/v2\/posts\/1166354\/revisions"}],"wp:featuredmedia":[{"embeddable":true,"href":"https:\/\/www.europesays.com\/fr\/wp-json\/wp\/v2\/media\/1166355"}],"wp:attachment":[{"href":"https:\/\/www.europesays.com\/fr\/wp-json\/wp\/v2\/media?parent=1166354"}],"wp:term":[{"taxonomy":"category","embeddable":true,"href":"https:\/\/www.europesays.com\/fr\/wp-json\/wp\/v2\/categories?post=1166354"},{"taxonomy":"post_tag","embeddable":true,"href":"https:\/\/www.europesays.com\/fr\/wp-json\/wp\/v2\/tags?post=1166354"}],"curies":[{"name":"wp","href":"https:\/\/api.w.org\/{rel}","templated":true}]}}