{"id":1166358,"date":"2026-09-04T06:39:25","date_gmt":"2026-09-04T06:39:25","guid":{"rendered":"https:\/\/www.europesays.com\/fr\/1166358\/"},"modified":"2026-09-04T06:39:25","modified_gmt":"2026-09-04T06:39:25","slug":"ter-trafic-interrompu-sur-deux-lignes-au-depart-de-lyon-ce-vendredi-matin","status":"publish","type":"post","link":"https:\/\/www.europesays.com\/fr\/1166358\/","title":{"rendered":"TER : trafic interrompu sur deux lignes au d\u00e9part de Lyon ce vendredi matin"},"content":{"rendered":"<p>Suite \u00e0 une panne d&rsquo;installation, les lignes TER Lyon-Grenoble et Lyon-Chamb\u00e9ry ne circulent pas ce vendredi 4 septembre 2026. La reprise du trafic est estim\u00e9e \u00e0 10h30.<\/p>\n<p>Fin de semaine d\u00e9licate sur les rails.\u00a0<\/p>\n<p>Ce vendredi, les lignes <b>Lyon-Grenoble<\/b> et <b>Lyon-Chamb\u00e9ry<\/b> sont \u00e0 l&rsquo;arr\u00eat.\u00a0<\/p>\n<p>En cause : une panne d&rsquo;installation, d&rsquo;apr\u00e8s la SNCF.<\/p>\n<p>La reprise du trafic n&rsquo;est pas estim\u00e9e avant <b>10h30.<\/b><br \/><b><br \/><\/b><br \/><b><img loading=\"lazy\" decoding=\"async\" src=\"https:\/\/www.europesays.com\/fr\/wp-content\/uploads\/2026\/09\/1788503965_153_img.jpeg\" width=\"350\" height=\"200\" border=\"0\" title=\"Le pont reliant Villefranche-sur-Sa\u00c3\u00b4ne \u00c3\u00a0 Jassans-Riottier\"\/><\/p>\n<p>\u25baFaits divers<\/p>\n<p style=\"font-size: 22px;\"><b>Ain\/Rh\u00f4ne : il mena\u00e7ait de sauter dans la Sa\u00f4ne, un homme sauv\u00e9 par les pompiers<\/b><\/p>\n<p>Les sapeurs-pompiers de l&rsquo;Ain et du Rh\u00f4ne sont&#8230;<\/p>\n<p><\/b><\/p>\n<p><\/p>\n","protected":false},"excerpt":{"rendered":"Suite \u00e0 une panne d&rsquo;installation, les lignes TER Lyon-Grenoble et Lyon-Chamb\u00e9ry ne circulent pas ce vendredi 4 septembre&hellip;\n","protected":false},"author":2,"featured_media":1166359,"comment_status":"","ping_status":"","sticky":false,"template":"","format":"standard","meta":{"footnotes":"","_share_on_mastodon":"0"},"categories":[1889],"tags":[1111,11,2430,12362,1777,674,1011,27,2731,15583,2428,12,25,9844,5508,6472,926,800],"class_list":["post-1166358","post","type-post","status-publish","format-standard","has-post-thumbnail","category-lyon","tag-actu","tag-actualites","tag-auvergne-rhone-alpes","tag-chambry","tag-eu","tag-europe","tag-fr","tag-france","tag-grenoble","tag-isre","tag-lyon","tag-news","tag-republique-francaise","tag-rhne","tag-savoie","tag-ter","tag-train","tag-transports"],"share_on_mastodon":{"url":"https:\/\/pubeurope.com\/@fr\/117211404252217092","error":""},"_links":{"self":[{"href":"https:\/\/www.europesays.com\/fr\/wp-json\/wp\/v2\/posts\/1166358","targetHints":{"allow":["GET"]}}],"collection":[{"href":"https:\/\/www.europesays.com\/fr\/wp-json\/wp\/v2\/posts"}],"about":[{"href":"https:\/\/www.europesays.com\/fr\/wp-json\/wp\/v2\/types\/post"}],"author":[{"embeddable":true,"href":"https:\/\/www.europesays.com\/fr\/wp-json\/wp\/v2\/users\/2"}],"replies":[{"embeddable":true,"href":"https:\/\/www.europesays.com\/fr\/wp-json\/wp\/v2\/comments?post=1166358"}],"version-history":[{"count":0,"href":"https:\/\/www.europesays.com\/fr\/wp-json\/wp\/v2\/posts\/1166358\/revisions"}],"wp:featuredmedia":[{"embeddable":true,"href":"https:\/\/www.europesays.com\/fr\/wp-json\/wp\/v2\/media\/1166359"}],"wp:attachment":[{"href":"https:\/\/www.europesays.com\/fr\/wp-json\/wp\/v2\/media?parent=1166358"}],"wp:term":[{"taxonomy":"category","embeddable":true,"href":"https:\/\/www.europesays.com\/fr\/wp-json\/wp\/v2\/categories?post=1166358"},{"taxonomy":"post_tag","embeddable":true,"href":"https:\/\/www.europesays.com\/fr\/wp-json\/wp\/v2\/tags?post=1166358"}],"curies":[{"name":"wp","href":"https:\/\/api.w.org\/{rel}","templated":true}]}}