{"id":116637,"date":"2025-05-21T10:35:21","date_gmt":"2025-05-21T10:35:21","guid":{"rendered":"https:\/\/www.europesays.com\/fr\/116637\/"},"modified":"2025-05-21T10:35:21","modified_gmt":"2025-05-21T10:35:21","slug":"il-est-transporte-en-urgence-absolue-au-chu-de-rouen","status":"publish","type":"post","link":"https:\/\/www.europesays.com\/fr\/116637\/","title":{"rendered":"il est transport\u00e9 en urgence absolue au CHU de Rouen"},"content":{"rendered":"<p>            Par<br \/>\n        <strong><br \/>\n            <a href=\"https:\/\/actu.fr\/auteur\/thomas-rideau\" title=\"Consulter tous les articles de Thomas Rideau\" target=\"_blank\" rel=\"noopener\">Thomas Rideau<\/a><br \/>\n        <\/strong><\/p>\n<p>        Publi\u00e9 le<\/p>\n<p>            21 mai 2025 \u00e0 10h16        <\/p>\n<p>Un grave accident de la route a eu lieu ce mercredi 21\u00a0mai 2025, sur la D41, au niveau de la commune de <a href=\"https:\/\/actu.fr\/normandie\/bois-guilbert_76107\" target=\"_blank\" rel=\"noopener\">Bois-Guilbert (Seine-Maritime)<\/a>, non loin de Rouen, apprend-on du <strong>Sdis<\/strong> (Service d\u00e9partemental d\u2019incendie et de secours). Un automobiliste a percut\u00e9 un arbre. <strong>Les pompiers et les gendarmes<\/strong> sont sur place.<\/p>\n<p>Un homme pi\u00e9g\u00e9 dans sa voiture<\/p>\n<p class=\" wall-content\">La victime,<strong> un homme de 46\u00a0ans<\/strong>, est pi\u00e9g\u00e9e dans sa voiture et est actuellement prise en charge par les pompiers. Le temps de l\u2019intervention, les secours ont coup\u00e9 la route au niveau de l\u2019intersection entre la D41 et la D38, \u00e0 mi-chemin entre Sigy-en-Bray et <strong>Bois-Guilbert.<\/strong><\/p>\n<p class=\" wall-content\">La victime est<strong> \u00ab\u2009en \u00e9tat d\u2019urgence absolu\u2009\u00bb<\/strong> et souffre de multiples blessures. Il a \u00e9t\u00e9 transport\u00e9 au CHU de Rouen.<\/p>\n<p>    <a href=\"https:\/\/www.google.com\/maps\/embed?pb=!1m14!1m12!1m3!1d9773.290089074158!2d1.4232616064918697!3d49.54851235406643!2m3!1f0!2f0!3f0!3m2!1i1024!2i768!4f13.1!5e0!3m2!1sfr!2sfr!4v1747814427250!5m2!1sfr!2sfr\" title=\"Ouvrie le lien\" target=\"_blank\" rel=\"noopener\">Cliquez ici pour visualiser le contenu<\/a><\/p>\n<p>Suivez l\u2019actualit\u00e9 de Rouen <a href=\"https:\/\/www.whatsapp.com\/channel\/0029VaKfnf99hXF2ddApFB1D\" target=\"_blank\" rel=\"noopener\">sur notre cha\u00eene WhatsApp<\/a> et <a href=\"https:\/\/www.tiktok.com\/@76actu.fr?lang=fr\" target=\"_blank\" rel=\"noopener\">sur notre compte TikTok<\/a><\/p>\n<p class=\" wall-content\">Suivez toute l\u2019actualit\u00e9 de vos villes et m\u00e9dias favoris en vous inscrivant \u00e0 <a href=\"https:\/\/moncompte.actu.fr\" title=\"D\u00e9couvez Mon Actu\" rel=\"nofollow noopener\" data-trk=\"{&quot;cta&quot;:{&quot;action&quot;:&quot;https:\\\/\\\/moncompte.actu.fr&quot;,&quot;category&quot;:&quot;mon compte&quot;,&quot;from&quot;:&quot;article footer&quot;,&quot;name&quot;:&quot;Mon actu&quot;,&quot;type&quot;:&quot;cta&quot;}}\" target=\"_blank\">Mon Actu<\/a>.<\/p>\n<p>                    <script async src=\"\/\/www.tiktok.com\/embed.js\"><\/script><\/p>\n","protected":false},"excerpt":{"rendered":"Par Thomas Rideau Publi\u00e9 le 21 mai 2025 \u00e0 10h16 Un grave accident de la route a eu&hellip;\n","protected":false},"author":2,"featured_media":116638,"comment_status":"","ping_status":"","sticky":false,"template":"","format":"standard","meta":{"footnotes":""},"categories":[9587],"tags":[1111,11,1777,674,118,1011,27,803,12,5161,1311,25,9590],"class_list":{"0":"post-116637","1":"post","2":"type-post","3":"status-publish","4":"format-standard","5":"has-post-thumbnail","7":"category-rouen","8":"tag-actu","9":"tag-actualites","10":"tag-eu","11":"tag-europe","12":"tag-faits-divers","13":"tag-fr","14":"tag-france","15":"tag-info-trafic","16":"tag-news","17":"tag-normandie","18":"tag-pompiers","19":"tag-republique-francaise","20":"tag-rouen"},"share_on_mastodon":{"url":"https:\/\/pubeurope.com\/@fr\/114545382081515097","error":""},"_links":{"self":[{"href":"https:\/\/www.europesays.com\/fr\/wp-json\/wp\/v2\/posts\/116637","targetHints":{"allow":["GET"]}}],"collection":[{"href":"https:\/\/www.europesays.com\/fr\/wp-json\/wp\/v2\/posts"}],"about":[{"href":"https:\/\/www.europesays.com\/fr\/wp-json\/wp\/v2\/types\/post"}],"author":[{"embeddable":true,"href":"https:\/\/www.europesays.com\/fr\/wp-json\/wp\/v2\/users\/2"}],"replies":[{"embeddable":true,"href":"https:\/\/www.europesays.com\/fr\/wp-json\/wp\/v2\/comments?post=116637"}],"version-history":[{"count":0,"href":"https:\/\/www.europesays.com\/fr\/wp-json\/wp\/v2\/posts\/116637\/revisions"}],"wp:featuredmedia":[{"embeddable":true,"href":"https:\/\/www.europesays.com\/fr\/wp-json\/wp\/v2\/media\/116638"}],"wp:attachment":[{"href":"https:\/\/www.europesays.com\/fr\/wp-json\/wp\/v2\/media?parent=116637"}],"wp:term":[{"taxonomy":"category","embeddable":true,"href":"https:\/\/www.europesays.com\/fr\/wp-json\/wp\/v2\/categories?post=116637"},{"taxonomy":"post_tag","embeddable":true,"href":"https:\/\/www.europesays.com\/fr\/wp-json\/wp\/v2\/tags?post=116637"}],"curies":[{"name":"wp","href":"https:\/\/api.w.org\/{rel}","templated":true}]}}