{"id":1166372,"date":"2026-09-04T06:50:19","date_gmt":"2026-09-04T06:50:19","guid":{"rendered":"https:\/\/www.europesays.com\/fr\/1166372\/"},"modified":"2026-09-04T06:50:19","modified_gmt":"2026-09-04T06:50:19","slug":"lotan-la-russie-et-la-guerre-hybride-leurope-face-au-piege-de-la-grenouille-ebouillantee-a-petit-feu","status":"publish","type":"post","link":"https:\/\/www.europesays.com\/fr\/1166372\/","title":{"rendered":"L\u2019Otan, la Russie et la guerre hybride : l\u2019Europe face au pi\u00e8ge de la grenouille \u00e9bouillant\u00e9e \u00e0 petit feu ?"},"content":{"rendered":"<p>Ancien officier pilote de chasse de l&rsquo;Arm\u00e9e de l&rsquo;air fran\u00e7aise (Jaguar, Mirage F1CR, OPEX), <strong>Fr\u00e9d\u00e9ric Dulin<\/strong> est aujourd&rsquo;hui conseiller en strat\u00e9gie industrielle et op\u00e9rations en environnement complexe, vice-pr\u00e9sident associ\u00e9 de TORUS AI, soci\u00e9t\u00e9 d&rsquo;IA appliqu\u00e9e \u00e0 la d\u00e9fense et \u00e0 l&rsquo;a\u00e9ronautique.\u00a0Fort d&rsquo;un parcours alliant pr\u00e8s de vingt ans d&rsquo;op\u00e9rations militaires, la logistique d&rsquo;Airbus Helicopters et des responsabilit\u00e9s de dirigeant industriel dans plusieurs secteurs strat\u00e9giques, il offre une lecture singuli\u00e8re des conflits contemporains, de l&rsquo;\u00e9conomie de guerre et des enjeux de souverainet\u00e9 technologique et industrielle. Praticien autant qu&rsquo;analyste, il intervient \u00e0 l&rsquo;interface du terrain op\u00e9rationnel, de la g\u00e9opolitique et de l&rsquo;industrie souveraine.<\/p>\n","protected":false},"excerpt":{"rendered":"Ancien officier pilote de chasse de l&rsquo;Arm\u00e9e de l&rsquo;air fran\u00e7aise (Jaguar, Mirage F1CR, OPEX), Fr\u00e9d\u00e9ric Dulin est aujourd&rsquo;hui&hellip;\n","protected":false},"author":2,"featured_media":1166373,"comment_status":"","ping_status":"","sticky":false,"template":"","format":"standard","meta":{"footnotes":"","_share_on_mastodon":"0"},"categories":[1591],"tags":[11,2481,674,1887,120381,49442,14,12,136,1885,1886,132,120382,1778,364],"class_list":["post-1166372","post","type-post","status-publish","format-standard","has-post-thumbnail","category-russie","tag-actualites","tag-cyberattaque","tag-europe","tag-federation-de-russie","tag-frederic-dulin","tag-guerre-hybride","tag-international","tag-news","tag-otan","tag-russia","tag-russian-federation","tag-russie","tag-tsiporah-fried","tag-ue","tag-union-europeenne"],"share_on_mastodon":{"url":"https:\/\/pubeurope.com\/@fr\/117211445723619255","error":""},"_links":{"self":[{"href":"https:\/\/www.europesays.com\/fr\/wp-json\/wp\/v2\/posts\/1166372","targetHints":{"allow":["GET"]}}],"collection":[{"href":"https:\/\/www.europesays.com\/fr\/wp-json\/wp\/v2\/posts"}],"about":[{"href":"https:\/\/www.europesays.com\/fr\/wp-json\/wp\/v2\/types\/post"}],"author":[{"embeddable":true,"href":"https:\/\/www.europesays.com\/fr\/wp-json\/wp\/v2\/users\/2"}],"replies":[{"embeddable":true,"href":"https:\/\/www.europesays.com\/fr\/wp-json\/wp\/v2\/comments?post=1166372"}],"version-history":[{"count":0,"href":"https:\/\/www.europesays.com\/fr\/wp-json\/wp\/v2\/posts\/1166372\/revisions"}],"wp:featuredmedia":[{"embeddable":true,"href":"https:\/\/www.europesays.com\/fr\/wp-json\/wp\/v2\/media\/1166373"}],"wp:attachment":[{"href":"https:\/\/www.europesays.com\/fr\/wp-json\/wp\/v2\/media?parent=1166372"}],"wp:term":[{"taxonomy":"category","embeddable":true,"href":"https:\/\/www.europesays.com\/fr\/wp-json\/wp\/v2\/categories?post=1166372"},{"taxonomy":"post_tag","embeddable":true,"href":"https:\/\/www.europesays.com\/fr\/wp-json\/wp\/v2\/tags?post=1166372"}],"curies":[{"name":"wp","href":"https:\/\/api.w.org\/{rel}","templated":true}]}}