{"id":1166374,"date":"2026-09-04T06:51:14","date_gmt":"2026-09-04T06:51:14","guid":{"rendered":"https:\/\/www.europesays.com\/fr\/1166374\/"},"modified":"2026-09-04T06:51:14","modified_gmt":"2026-09-04T06:51:14","slug":"dans-louest-de-lukraine-une-ville-epargnee-par-les-bombes-habitee-par-la-guerre-actualites","status":"publish","type":"post","link":"https:\/\/www.europesays.com\/fr\/1166374\/","title":{"rendered":"Dans l&rsquo;ouest de l&rsquo;Ukraine, une ville \u00e9pargn\u00e9e par les bombes, habit\u00e9e par la guerre : Actualit\u00e9s"},"content":{"rendered":"<p class=\"lead \">Quand le v\u00e9t\u00e9ran Sergui\u00ef Lazarenko \u00e9voque sa r\u00e9gion natale de l&rsquo;ouest de l&rsquo;Ukraine, la \u00ab\u00a0tranquille\u00a0\u00bb Transcarpatie, il veille \u00e0 bien cracher trois fois au sol pour \u00e9viter d&rsquo;attirer le mauvais oeil&#8230; et les missiles de Moscou. <\/p>\n<p class=\"lead \">Lov\u00e9e au pied des Carpates, aux confins de la Slovaquie, de la Hongrie et de la Roumanie, cette r\u00e9gion montagneuse \u00e0 onze heures de route de Kiev continue de go\u00fbter des nuits relativement paisibles.<\/p>\n<p class=\"lead \">Depuis l&rsquo;invasion russe de 2022, elle a \u00e9t\u00e9 largement \u00e9pargn\u00e9e par les bombardements russes massifs qui frappent r\u00e9guli\u00e8rement d&rsquo;autres parties de l&rsquo;Ukraine. <\/p>\n<p class=\"lead \">Mais si les traces de combats sont absentes des fa\u00e7ades, les familles, elles, portent le deuil des soldats de la r\u00e9gion disparus au front de l&rsquo;est, du nord-est et du sud du pays.<\/p>\n<p class=\"lead \">Sergui\u00ef, 54 ans, est lui revenu, le corps marqu\u00e9 par les cicatrices de Bakhmout, l&rsquo;une des batailles les plus meurtri\u00e8res de la r\u00e9gion du Donbass. <\/p>\n<p class=\"lead \">Il a rejoint les combats contre la Russie d\u00e8s les premiers jours de l&rsquo;invasion. <\/p>\n<p class=\"lead \">\u00ab\u00a0Ici, tout est calme, Dieu merci\u00a0\u00bb, soupire Sergui\u00ef, appuy\u00e9 sur une b\u00e9quille, alors qu&rsquo;il d\u00e9ambule en boitant dans le centre de Berehov\u00e9, sa ville de quelque 23.000 habitants avant la guerre. <\/p>\n<p class=\"lead \">Dans les rues anim\u00e9es, les habitants se prom\u00e8nent, font leurs courses et vaquent \u00e0 leurs occupations, m\u00e9langeant ukrainien et hongrois, dont la fronti\u00e8re est \u00e0 une poign\u00e9e de kilom\u00e8tres. <\/p>\n<p class=\"lead \">Ils ne sont pourtant pas tous originaires de la r\u00e9gion, certains sont arriv\u00e9s au fil de la guerre, d\u00e9plac\u00e9s par les bombes et les drones russes.<\/p>\n<p class=\"lead \">\u00ab\u00a0Parfois, quand je vais en ville, je peine \u00e0 distinguer les habitants locaux, tellement il y a de gens qui sont arriv\u00e9s ici\u00a0\u00bb, dit Sergui\u00ef \u00e0 l&rsquo;AFP. <\/p>\n<p class=\"lead \">&#8211; \u00ab\u00a0Oublier\u00a0\u00bb la guerre &#8211;<\/p>\n<p class=\"lead \">Lyoubov Kyreyeva s&rsquo;est r\u00e9fugi\u00e9e dans ce havre de paix d\u00e8s 2022. <\/p>\n<p class=\"lead \">Elle est originaire de la r\u00e9gion de Kharkiv, dans le nord-est, que les forces russes avaient partiellement occup\u00e9e avant d&rsquo;\u00eatre repouss\u00e9es par l&rsquo;arm\u00e9e ukrainienne. <\/p>\n<p class=\"lead \">Venue avec sa famille, la quadrag\u00e9naire a suivi son entreprise de production de m\u00e9tal jusqu&rsquo;\u00e0 Berehov\u00e9, o\u00f9 une ancienne usine d\u00e9saffect\u00e9e a \u00e9t\u00e9 remise en \u00e9tat pour redonner vie aux cha\u00eenes de production.<\/p>\n<p class=\"lead \">\u00ab\u00a0Ici, naturellement, on ressent tr\u00e8s peu la guerre\u00a0\u00bb, explique Lyoubov \u00e0 l&rsquo;AFP. <\/p>\n<p class=\"lead \">L&rsquo;hiver dernier, quand les frappes russes visant les infrastructures \u00e9nerg\u00e9tiques plongeaient des r\u00e9gions enti\u00e8res dans l&rsquo;obscurit\u00e9, les coupures de courant sont rest\u00e9es rares en Transcarpatie. <\/p>\n<p class=\"lead \">Le couvre-feu, qui rythme le quotidien d&rsquo;une grande partie du pays, y est inexistant.<\/p>\n<p class=\"lead \">Quant aux alertes a\u00e9riennes qui r\u00e9veillent le reste de l&rsquo;Ukraine la nuit, \u00ab\u00a0on ne les entend pratiquement pas\u00a0\u00bb, poursuit-elle, avouant avoir \u00ab\u00a0presque oubli\u00e9 que des r\u00e9gions ont encore un couvre-feu\u00a0\u00bb. <\/p>\n<p class=\"lead \">Le calme, associ\u00e9 au climat temp\u00e9r\u00e9 qui fait couvrir les collines de vignes, a fait de la Transcarpatie sa \u00ab\u00a0seconde maison\u00a0\u00bb, dit-elle.<\/p>\n<p class=\"lead \">&#8211; \u00ab\u00a0D\u00e9primant\u00a0\u00bb &#8211;<\/p>\n<p class=\"lead \">Un endroit id\u00e9al pour \u00ab\u00a0trouver un certain r\u00e9pit, en ce moment\u00a0\u00bb, assure Tetyana Doub, 41 ans, rencontr\u00e9e sur la place centrale de Berehov\u00e9. <\/p>\n<p class=\"lead \">\u00ab\u00a0Je pense que nos compatriotes ukrainiens peuvent venir ici en toute s\u00e9curit\u00e9 et trouver la paix et un soulagement \u00e9motionnel et psychologique\u00a0\u00bb, dit-elle \u00e0 l&rsquo;AFP. <\/p>\n<p class=\"lead \">Pourtant, si aucune alarme antia\u00e9rienne n&rsquo;a retenti sur la place ce jour-l\u00e0, l&rsquo;ombre de la guerre plane sur la petite ville.<\/p>\n<p class=\"lead \">Au-dessus du monument aux morts flotte le drapeau bleu et jaune. <\/p>\n<p class=\"lead \">Des tournesols fra\u00eechement coup\u00e9s, symbole d&rsquo;espoir, ont \u00e9t\u00e9 d\u00e9pos\u00e9s au pied de la st\u00e8le : une centaine de personnes sont venues assister \u00e0 une c\u00e9r\u00e9monie en hommage aux habitants tomb\u00e9s au combat contre la Russie.<\/p>\n<p class=\"lead \">\u00ab\u00a0Seigneur, aie piti\u00e9 de nos d\u00e9fenseurs\u00a0\u00bb, chante le pr\u00eatre dans une odeur d&rsquo;encens.<\/p>\n<p class=\"lead \">Si la guerre n&rsquo;est pas \u00ab\u00a0physiquement l\u00e0\u00a0\u00bb, reconna\u00eet Tetyana, elle p\u00e8se sur les esprits. <\/p>\n<p class=\"lead \">\u00ab\u00a0C&rsquo;est d\u00e9primant, parce qu&rsquo;on ne comprend pas comment avancer, ce qui va se passer ensuite, ni combien de temps cela va durer\u00a0\u00bb, l\u00e2che-t-elle. <\/p>\n<p class=\"lead \">Sous une chaleur \u00e9crasante, une plaque est d\u00e9voil\u00e9e \u00e0 la m\u00e9moire d&rsquo;un habitant de la r\u00e9gion tu\u00e9 \u00e0 Bakhmout et dont le corps n&rsquo;est jamais revenu en Transcarpatie. <\/p>\n<p class=\"lead \">\u00ab\u00a0Mais je vois que notre peuple tient bon et ne renonce pas\u00a0\u00bb, poursuit Tetyana. \u00ab\u00a0C&rsquo;est pour \u00e7a que nous croyons que tout ira bien\u00a0\u00bb.<\/p>\n","protected":false},"excerpt":{"rendered":"Quand le v\u00e9t\u00e9ran Sergui\u00ef Lazarenko \u00e9voque sa r\u00e9gion natale de l&rsquo;ouest de l&rsquo;Ukraine, la \u00ab\u00a0tranquille\u00a0\u00bb Transcarpatie, il veille&hellip;\n","protected":false},"author":2,"featured_media":1166375,"comment_status":"","ping_status":"","sticky":false,"template":"","format":"standard","meta":{"footnotes":"","_share_on_mastodon":"0"},"categories":[1590],"tags":[11,2120,1777,674,12,132,220],"class_list":["post-1166374","post","type-post","status-publish","format-standard","has-post-thumbnail","category-ukraine","tag-actualites","tag-conflit","tag-eu","tag-europe","tag-news","tag-russie","tag-ukraine"],"share_on_mastodon":{"url":"https:\/\/pubeurope.com\/@fr\/117211449459546070","error":""},"_links":{"self":[{"href":"https:\/\/www.europesays.com\/fr\/wp-json\/wp\/v2\/posts\/1166374","targetHints":{"allow":["GET"]}}],"collection":[{"href":"https:\/\/www.europesays.com\/fr\/wp-json\/wp\/v2\/posts"}],"about":[{"href":"https:\/\/www.europesays.com\/fr\/wp-json\/wp\/v2\/types\/post"}],"author":[{"embeddable":true,"href":"https:\/\/www.europesays.com\/fr\/wp-json\/wp\/v2\/users\/2"}],"replies":[{"embeddable":true,"href":"https:\/\/www.europesays.com\/fr\/wp-json\/wp\/v2\/comments?post=1166374"}],"version-history":[{"count":0,"href":"https:\/\/www.europesays.com\/fr\/wp-json\/wp\/v2\/posts\/1166374\/revisions"}],"wp:featuredmedia":[{"embeddable":true,"href":"https:\/\/www.europesays.com\/fr\/wp-json\/wp\/v2\/media\/1166375"}],"wp:attachment":[{"href":"https:\/\/www.europesays.com\/fr\/wp-json\/wp\/v2\/media?parent=1166374"}],"wp:term":[{"taxonomy":"category","embeddable":true,"href":"https:\/\/www.europesays.com\/fr\/wp-json\/wp\/v2\/categories?post=1166374"},{"taxonomy":"post_tag","embeddable":true,"href":"https:\/\/www.europesays.com\/fr\/wp-json\/wp\/v2\/tags?post=1166374"}],"curies":[{"name":"wp","href":"https:\/\/api.w.org\/{rel}","templated":true}]}}