{"id":1166378,"date":"2026-09-04T06:53:17","date_gmt":"2026-09-04T06:53:17","guid":{"rendered":"https:\/\/www.europesays.com\/fr\/1166378\/"},"modified":"2026-09-04T06:53:17","modified_gmt":"2026-09-04T06:53:17","slug":"le-prince-harry-de-retour-au-royaume-uni-pour-lune-de-ses-premieres-apparitions-il-a-decide-de-faire-le-grand-saut","status":"publish","type":"post","link":"https:\/\/www.europesays.com\/fr\/1166378\/","title":{"rendered":"Le prince Harry de retour au Royaume-Uni : pour l\u2019une de ses premi\u00e8res apparitions, il a d\u00e9cid\u00e9 de faire le grand saut"},"content":{"rendered":"<p>                                    <img decoding=\"async\" src=\"https:\/\/www.europesays.com\/fr\/wp-content\/uploads\/2026\/09\/fbe9b625863ac8f5a3ff72fdf15db7513833d35084d5869d5f555e1c1692ec66.jpg\" alt=\"Prince Harry: vie priv\u00e9e, famille, pouvoir\u2026 Ce qu\u2019il faut conna\u00eetre\" class=\"a11y-hidden\" fetchpriority=\"high\"\/><\/p>\n<p class=\"fig-standfirst\">\n    De retour au Royaume-Uni depuis le 26 ao\u00fbt avec Meghan Markle et leurs deux enfants, le prince Harry s\u2019appr\u00eate d\u00e9j\u00e0 \u00e0 faire parler de lui. Pour l\u2019une de ses premi\u00e8res apparitions publiques depuis sa r\u00e9installation outre-Manche, le duc de Sussex a accept\u00e9 un d\u00e9fi aussi spectaculaire que symbolique.<\/p>\n<p class=\"fig-paragraph\">Quelques jours apr\u00e8s avoir\u00a0<a href=\"http:\/\/www.gala.fr\/royautes\/meghan-et-harry-de-retour-au-royaume-uni-donald-trump-a-un-avis-sur-la-question-et-il-ne-mache-pas-ses-mots-20260903\" data-fig-type=\"Article\" data-gtm-custom-categorie=\"navigation\" data-gtm-custom-action=\"crossclick\" data-gtm-custom-label=\"Contextuel\" data-gtm-event=\"customEventSPE\" data-fig-domain=\"GALA\" rel=\"nofollow noopener\" target=\"_blank\">retrouv\u00e9 sa terre natale<\/a>, le prince Harry s\u2019appr\u00eate \u00e0 prendre de la hauteur. Le duc de Sussex participera, dans le courant du mois de septembre, \u00e0 un saut en parachute organis\u00e9 pour r\u00e9colter des fonds au profit de la Sunnybrook Foundation et de la True Patriot Love Foundation, rapporte\u00a0<a href=\"https:\/\/pagesix.com\/2026\/09\/03\/royal-family\/prince-harry-commits-to-dangerous-stunt-after-uk-return\/\" target=\"_blank\" rel=\"nofollow noopener\" data-gtm-custom-categorie=\"navigation\" data-gtm-custom-action=\"crossclick\" data-gtm-custom-label=\"Contextuel\" data-gtm-event=\"customEventSPE\">Page Six<\/a> . Ces deux organisations canadiennes \u0153uvrent aupr\u00e8s des militaires, des anciens combattants et de leurs familles. Pour l\u2019heure, ni la date pr\u00e9cise ni le lieu de cette op\u00e9ration n\u2019ont \u00e9t\u00e9 d\u00e9voil\u00e9s. L\u2019initiative s\u2019inscrit dans la continuit\u00e9 de l\u2019engagement du\u00a0<a href=\"http:\/\/www.gala.fr\/royautes\/harry-et-meghan-de-retour-au-royaume-uni-charles-iii-a-t-il-orchestre-leur-retour-en-coulisses-20260901\" data-fig-type=\"Article\" data-gtm-custom-categorie=\"navigation\" data-gtm-custom-action=\"crossclick\" data-gtm-custom-label=\"Contextuel\" data-gtm-event=\"customEventSPE\" data-fig-domain=\"GALA\" rel=\"nofollow noopener\" target=\"_blank\">fils cadet du roi Charles III<\/a>\u00a0aupr\u00e8s du monde militaire. L\u2019ancien soldat britannique de bient\u00f4t 42 ans, qui a servi pendant dix ans dans l\u2019arm\u00e9e, a\u00a0<a href=\"https:\/\/www.gala.fr\/l_actu\/news_de_stars\/le-prince-harry-ex-soldat-en-afghanistan-il-revele-y-avoir-tue-25-personnes_510078\" data-fig-type=\"Article\" data-gtm-custom-categorie=\"navigation\" data-gtm-custom-action=\"crossclick\" data-gtm-custom-label=\"Contextuel\" data-gtm-event=\"customEventSPE\" data-fig-domain=\"GALA\" rel=\"nofollow noopener\" target=\"_blank\">notamment effectu\u00e9 deux missions en Afghanistan<\/a>. Cet engagement est aussi n\u00e9 d\u2019une rencontre qui a profond\u00e9ment marqu\u00e9 Harry, celle avec Ed Marshall, un v\u00e9t\u00e9ran canadien de la Seconde Guerre mondiale \u00e2g\u00e9 de 102 ans.<\/p>\n<p class=\"fig-paragraph\">Tout a commenc\u00e9 en novembre dernier, lors d\u2019une visite du prince Harry au centre pour anciens combattants de Sunnybrook, \u00e0 Toronto. Sur place, le duc de Sussex a fait la connaissance d\u2019Ed Marshall. Entre les deux hommes, le courant est rapidement pass\u00e9, autour de leur exp\u00e9rience militaire et de leur attachement au service de la communaut\u00e9. Le v\u00e9t\u00e9ran, qui avait \u00e9t\u00e9 form\u00e9 comme parachutiste pendant la Seconde Guerre mondiale, lui a racont\u00e9 un exploit m\u00e9morable\u00a0: \u00e0 100 ans, il avait r\u00e9alis\u00e9 un saut en parachute \u00e0 l\u2019occasion de son anniversaire.<\/p>\n<p>                                                <a href=\"#slideshow-header\" class=\"fig-slideshow__opener\" title=\"Acc\u00e9der au diaporama PHOTOS - Harry complice avec le reste de la famille royale, ces clich\u00e9s presque oubli\u00e9s - (21 photos)\" aria-label=\"Acc\u00e9der au diaporama PHOTOS - Harry complice avec le reste de la famille royale, ces clich\u00e9s presque oubli\u00e9s - (21 photos)\"><\/p>\n<p class=\"fig-slideshow__title\">\n                    PHOTOS &#8211; Harry complice avec le reste de la famille royale, ces clich\u00e9s presque oubli\u00e9s\n                <\/p>\n<p>    <\/a><br \/>\n                                                <a class=\"fig-a11y-skip\" href=\"#fig-a11y-skip-main-inarticle\" is=\"fig-a11y-skip\" data-trigger-mode=\"visible-once\"><br \/>\n    Passer la publicit\u00e9<br \/>\n<\/a>            <\/p>\n<p>                                                Prince Harry de retour au Royaume-Uni\u00a0: son imminent saut en parachute pour les v\u00e9t\u00e9rans<\/p>\n<p class=\"fig-paragraph\">Et cette histoire n\u2019est manifestement pas tomb\u00e9e dans l\u2019oreille d\u2019un sourd. S\u00e9duit par l\u2019id\u00e9e, le p\u00e8re d\u2019Archie et Lilibet Diana s\u2019est \u00e0 son tour engag\u00e9 \u00e0 relever le d\u00e9fi. Ed Marshall ne pourra finalement pas sauter aux c\u00f4t\u00e9s du prince, mais son petit-fils Bailey sera pr\u00e9sent pour le repr\u00e9senter. Et si cette activit\u00e9 para\u00eet spectaculaire, son objectif reste avant tout solidaire\u00a0: soutenir des structures qui accompagnent la communaut\u00e9 militaire canadienne.<\/p>\n<p class=\"fig-paragraph\">Ce saut aura aussi une r\u00e9sonance particuli\u00e8re pour le prince Harry, dont les liens avec les associations organisatrices sont anciens. La True Patriot Love Foundation a notamment\u00a0<a href=\"https:\/\/www.gala.fr\/l_actu\/news_de_stars\/prince-harry-pourquoi-les-invictus-games-sont-sa-plus-belle-reussite_491470\" data-fig-type=\"Article\" data-gtm-custom-categorie=\"navigation\" data-gtm-custom-action=\"crossclick\" data-gtm-custom-label=\"Contextuel\" data-gtm-event=\"customEventSPE\" data-fig-domain=\"GALA\" rel=\"nofollow noopener\" target=\"_blank\">particip\u00e9 \u00e0 l\u2019organisation des Invictus Games<\/a>\u00a0au Canada, \u00e0 Toronto en 2017 puis \u00e0 Vancouver et Whistler en 2025. Pour rappel, ces \u00ab Jeux\u00a0\u00bb cr\u00e9\u00e9s par Harry en 2014 r\u00e9unissent des militaires et anciens combattants bless\u00e9s, malades ou accident\u00e9s autour de comp\u00e9titions sportives.<\/p>\n","protected":false},"excerpt":{"rendered":"De retour au Royaume-Uni depuis le 26 ao\u00fbt avec Meghan Markle et leurs deux enfants, le prince Harry&hellip;\n","protected":false},"author":2,"featured_media":1166379,"comment_status":"","ping_status":"","sticky":false,"template":"","format":"standard","meta":{"footnotes":"","_share_on_mastodon":"0"},"categories":[1588],"tags":[11,14477,56978,1777,674,545,5861,9047,12,473,1853,1851,1850,1852],"class_list":["post-1166378","post","type-post","status-publish","format-standard","has-post-thumbnail","category-royaume-uni","tag-actualites","tag-demenagement","tag-duc-et-duchesse-de-sussex","tag-eu","tag-europe","tag-famille-royale-britannique","tag-gotha","tag-harry-dangleterre","tag-news","tag-royaume-uni","tag-royaume-uni-de-grande-bretagne-et-dirlande-du-nord","tag-uk","tag-united-kingdom","tag-united-kingdom-of-great-britain-and-northern-ireland"],"share_on_mastodon":{"url":"https:\/\/pubeurope.com\/@fr\/117211459202571342","error":""},"_links":{"self":[{"href":"https:\/\/www.europesays.com\/fr\/wp-json\/wp\/v2\/posts\/1166378","targetHints":{"allow":["GET"]}}],"collection":[{"href":"https:\/\/www.europesays.com\/fr\/wp-json\/wp\/v2\/posts"}],"about":[{"href":"https:\/\/www.europesays.com\/fr\/wp-json\/wp\/v2\/types\/post"}],"author":[{"embeddable":true,"href":"https:\/\/www.europesays.com\/fr\/wp-json\/wp\/v2\/users\/2"}],"replies":[{"embeddable":true,"href":"https:\/\/www.europesays.com\/fr\/wp-json\/wp\/v2\/comments?post=1166378"}],"version-history":[{"count":0,"href":"https:\/\/www.europesays.com\/fr\/wp-json\/wp\/v2\/posts\/1166378\/revisions"}],"wp:featuredmedia":[{"embeddable":true,"href":"https:\/\/www.europesays.com\/fr\/wp-json\/wp\/v2\/media\/1166379"}],"wp:attachment":[{"href":"https:\/\/www.europesays.com\/fr\/wp-json\/wp\/v2\/media?parent=1166378"}],"wp:term":[{"taxonomy":"category","embeddable":true,"href":"https:\/\/www.europesays.com\/fr\/wp-json\/wp\/v2\/categories?post=1166378"},{"taxonomy":"post_tag","embeddable":true,"href":"https:\/\/www.europesays.com\/fr\/wp-json\/wp\/v2\/tags?post=1166378"}],"curies":[{"name":"wp","href":"https:\/\/api.w.org\/{rel}","templated":true}]}}