{"id":1166390,"date":"2026-09-04T07:03:17","date_gmt":"2026-09-04T07:03:17","guid":{"rendered":"https:\/\/www.europesays.com\/fr\/1166390\/"},"modified":"2026-09-04T07:03:17","modified_gmt":"2026-09-04T07:03:17","slug":"centres-nationaux-de-performance-les-nouveautes-de-la-rentree-2026","status":"publish","type":"post","link":"https:\/\/www.europesays.com\/fr\/1166390\/","title":{"rendered":"Centres nationaux de performance : Les nouveaut\u00e9s de la rentr\u00e9e 2026"},"content":{"rendered":"<p>Le principal changement de cette rentr\u00e9e 2026 concerne la direction du centre francilien : <strong>H\u00e9l\u00e8ne Malvy<\/strong> prend les r\u00eanes du Centre national de performance du Golf National, en remplacement de <strong>Thomas Kokkinis<\/strong>. Elle arrive en compagnie de <strong>Stanislas Gautier<\/strong>, nouvellement recrut\u00e9 au poste d&rsquo;entra\u00eeneur, ainsi que de <strong>Cl\u00e9mence Dufriche<\/strong>, qui rejoint l&rsquo;encadrement comme responsable de l&rsquo;h\u00e9bergement. Le reste de l&rsquo;\u00e9quipe du Golf National reste inchang\u00e9.<\/p>\n<p>\u00c0 Terre Blanche, le staff enregistre le d\u00e9part de <strong>Jean-Fran\u00e7ois Lucquin<\/strong>, qui poursuivra toutefois ses missions aupr\u00e8s de l&rsquo;<strong>\u00e9quipe de France Messieurs<\/strong>. Le reste de l&rsquo;encadrement varois demeure le m\u00eame.<\/p>\n<p><a href=\"https:\/\/www.ffgolf.org\/filiere-haut-niveau\/centres-de-performance2\/presentation\" title=\"staff\" class=\"cta cta--custom_tag cta--blue d-inline-flex me-lg-10 m-10\" data-onclick=\"\" target=\"_blank\" rel=\"nofollow noopener\"><br \/>\n    Le staff complet des CNP<br \/>\n<\/a><\/p>\n","protected":false},"excerpt":{"rendered":"Le principal changement de cette rentr\u00e9e 2026 concerne la direction du centre francilien : H\u00e9l\u00e8ne Malvy prend les&hellip;\n","protected":false},"author":2,"featured_media":1166391,"comment_status":"","ping_status":"","sticky":false,"template":"","format":"standard","meta":{"footnotes":"","_share_on_mastodon":"0"},"categories":[1418],"tags":[1011,27,1472,60],"class_list":["post-1166390","post","type-post","status-publish","format-standard","has-post-thumbnail","category-golf","tag-fr","tag-france","tag-golf","tag-sports"],"share_on_mastodon":{"url":"","error":""},"_links":{"self":[{"href":"https:\/\/www.europesays.com\/fr\/wp-json\/wp\/v2\/posts\/1166390","targetHints":{"allow":["GET"]}}],"collection":[{"href":"https:\/\/www.europesays.com\/fr\/wp-json\/wp\/v2\/posts"}],"about":[{"href":"https:\/\/www.europesays.com\/fr\/wp-json\/wp\/v2\/types\/post"}],"author":[{"embeddable":true,"href":"https:\/\/www.europesays.com\/fr\/wp-json\/wp\/v2\/users\/2"}],"replies":[{"embeddable":true,"href":"https:\/\/www.europesays.com\/fr\/wp-json\/wp\/v2\/comments?post=1166390"}],"version-history":[{"count":0,"href":"https:\/\/www.europesays.com\/fr\/wp-json\/wp\/v2\/posts\/1166390\/revisions"}],"wp:featuredmedia":[{"embeddable":true,"href":"https:\/\/www.europesays.com\/fr\/wp-json\/wp\/v2\/media\/1166391"}],"wp:attachment":[{"href":"https:\/\/www.europesays.com\/fr\/wp-json\/wp\/v2\/media?parent=1166390"}],"wp:term":[{"taxonomy":"category","embeddable":true,"href":"https:\/\/www.europesays.com\/fr\/wp-json\/wp\/v2\/categories?post=1166390"},{"taxonomy":"post_tag","embeddable":true,"href":"https:\/\/www.europesays.com\/fr\/wp-json\/wp\/v2\/tags?post=1166390"}],"curies":[{"name":"wp","href":"https:\/\/api.w.org\/{rel}","templated":true}]}}