{"id":1166394,"date":"2026-09-04T07:05:30","date_gmt":"2026-09-04T07:05:30","guid":{"rendered":"https:\/\/www.europesays.com\/fr\/1166394\/"},"modified":"2026-09-04T07:05:30","modified_gmt":"2026-09-04T07:05:30","slug":"pro-d2-forcement-quon-y-a-pense-face-a-montauban-le-fcg-veut-definitivement-tourner-la-page","status":"publish","type":"post","link":"https:\/\/www.europesays.com\/fr\/1166394\/","title":{"rendered":"Pro D2. \u00ab\u00a0Forc\u00e9ment qu&rsquo;on y a pens\u00e9\u00a0\u00bb\u00a0: face \u00e0 Montauban, le FCG veut d\u00e9finitivement tourner la page"},"content":{"rendered":"<p>Pour tout Grenoblois qui porte du rouge et du bleu sur le torse, \u00e9voquer Montauban, c\u2019est rouvrir une plaie qui n\u2019a pas compl\u00e8tement cicatris\u00e9. C\u2019est se replonger quinze mois en arri\u00e8re, pr\u00e9cis\u00e9ment le 7\u00a0juin 2025, quand un jour de sacre (et d\u2019accession en Top 14) s\u2019\u00e9tait transform\u00e9 en terrible d\u00e9sillusion, \u00e0 Ernest-Wallon, <a title=\"rugby Pro D2 24-25 finale USM - FCG\" href=\"https:\/\/www.ledauphine.com\/sport\/2025\/06\/07\/le-fcg-echoue-encore-au-pied-de-son-graal\" target=\"_blank\" rel=\"nofollow noopener\">avec une troisi\u00e8me finale de Pro D2 perdue en trois ans<\/a> (19-24).<\/p>\n<p>\u00ab\u00a0Forc\u00e9ment qu\u2019on y a pens\u00e9, cette semaine. M\u00eame si on veut penser \u00e0 autre chose, ce sont des souvenirs malheureux qui ne s\u2019oublient pas\u2026\u00a0\u00bb, l\u00e2che Barnab\u00e9 Couilloud. \u00ab\u00a0On n\u2019a m\u00eame pas eu besoin de trop l\u2019aborder, m\u00eame si on l\u2019a fait rapidement. On est tous marqu\u00e9s par ce qu\u2019il s\u2019est pass\u00e9, et on n\u2019a pas envie de le&#8230;<\/p>\n","protected":false},"excerpt":{"rendered":"Pour tout Grenoblois qui porte du rouge et du bleu sur le torse, \u00e9voquer Montauban, c\u2019est rouvrir une&hellip;\n","protected":false},"author":2,"featured_media":1166395,"comment_status":"","ping_status":"","sticky":false,"template":"","format":"standard","meta":{"footnotes":"","_share_on_mastodon":"0"},"categories":[1416],"tags":[112,2727,1701,1011,27,2731,2732,108,2308,479,1468,517,60],"class_list":["post-1166394","post","type-post","status-publish","format-standard","has-post-thumbnail","category-rugby","tag-edition-grenoble-agglomeration","tag-fcg-fc-grenoble-rugby","tag-fil-info-sport","tag-fr","tag-france","tag-grenoble","tag-grenoble-bassin","tag-isere","tag-pro-d2","tag-rugby","tag-rugby-football","tag-sport","tag-sports"],"share_on_mastodon":{"url":"https:\/\/pubeurope.com\/@fr\/117211504867216868","error":""},"_links":{"self":[{"href":"https:\/\/www.europesays.com\/fr\/wp-json\/wp\/v2\/posts\/1166394","targetHints":{"allow":["GET"]}}],"collection":[{"href":"https:\/\/www.europesays.com\/fr\/wp-json\/wp\/v2\/posts"}],"about":[{"href":"https:\/\/www.europesays.com\/fr\/wp-json\/wp\/v2\/types\/post"}],"author":[{"embeddable":true,"href":"https:\/\/www.europesays.com\/fr\/wp-json\/wp\/v2\/users\/2"}],"replies":[{"embeddable":true,"href":"https:\/\/www.europesays.com\/fr\/wp-json\/wp\/v2\/comments?post=1166394"}],"version-history":[{"count":0,"href":"https:\/\/www.europesays.com\/fr\/wp-json\/wp\/v2\/posts\/1166394\/revisions"}],"wp:featuredmedia":[{"embeddable":true,"href":"https:\/\/www.europesays.com\/fr\/wp-json\/wp\/v2\/media\/1166395"}],"wp:attachment":[{"href":"https:\/\/www.europesays.com\/fr\/wp-json\/wp\/v2\/media?parent=1166394"}],"wp:term":[{"taxonomy":"category","embeddable":true,"href":"https:\/\/www.europesays.com\/fr\/wp-json\/wp\/v2\/categories?post=1166394"},{"taxonomy":"post_tag","embeddable":true,"href":"https:\/\/www.europesays.com\/fr\/wp-json\/wp\/v2\/tags?post=1166394"}],"curies":[{"name":"wp","href":"https:\/\/api.w.org\/{rel}","templated":true}]}}