{"id":1166397,"date":"2026-09-04T07:10:17","date_gmt":"2026-09-04T07:10:17","guid":{"rendered":"https:\/\/www.europesays.com\/fr\/1166397\/"},"modified":"2026-09-04T07:10:17","modified_gmt":"2026-09-04T07:10:17","slug":"cc-championnat-du-monde-2027-le-programme-du-week-end-a-ostende-actualite","status":"publish","type":"post","link":"https:\/\/www.europesays.com\/fr\/1166397\/","title":{"rendered":"CC &#8211; Championnat du Monde 2027 : Le programme du week-end \u00e0 Ostende &#8211; Actualit\u00e9"},"content":{"rendered":"<p style=\"text-align: justify;\">Le Championnat du Monde de cyclo-cross 2027 au lieu le week-end du 29 au 31 janvier 2027, \u00e0 Ostende, en Belgique. Le programme est d\u00e9sormais connu pour attribuer les sept titres mondiaux en jeu, \u00e0 savoir les Juniors, Espoirs, Elites, chez les femmes comme chez les hommes, ainsi que le relais par \u00e9quipe.<\/p>\n<p style=\"text-align: justify;\"><strong>Le programme du Championnat du Monde de cyclo-cross 2027 :<\/strong><br \/><strong>Vendredi 29 janvier<\/strong><br \/>12 h 35 : Relais par \u00e9quipe<\/p>\n<p><strong>Samedi 30 janvier<\/strong><br \/>11 h 05 : Juniors Femmes<br \/>13 h 10 : Espoirs Hommes<br \/>15 h 10 : Elites Femmes<\/p>\n<p><strong>Dimanche 31 janvier<\/strong><br \/>11 h 05 : Juniors Hommes<br \/>13 h 10 : Espoirs Femmes<br \/>15 h 10 : Elites Hommes<\/p>\n","protected":false},"excerpt":{"rendered":"Le Championnat du Monde de cyclo-cross 2027 au lieu le week-end du 29 au 31 janvier 2027, \u00e0&hellip;\n","protected":false},"author":2,"featured_media":1166398,"comment_status":"","ping_status":"","sticky":false,"template":"","format":"standard","meta":{"footnotes":"","_share_on_mastodon":"0"},"categories":[1411],"tags":[834,828,836,829,837,827,83,826,824,823,1154,207,814,817,815,816,822,821,832,211,839,1011,27,820,818,819,835,831,830,833,838,60,212,208,825],"class_list":["post-1166397","post","type-post","status-publish","format-standard","has-post-thumbnail","category-cyclisme","tag-attaque","tag-belgique","tag-braquet","tag-bretagne","tag-chute","tag-competition","tag-coupe-de-france","tag-coureur","tag-course-cyclisme","tag-course-cycliste","tag-cycling","tag-cyclisme","tag-direct","tag-direct-velo","tag-directvelo","tag-directvelo-com","tag-epreuve","tag-epreuve-cycliste","tag-federation-francaise-de-cyclisme","tag-ffc","tag-flandres","tag-fr","tag-france","tag-live","tag-live-course","tag-live-epreuve","tag-peloton","tag-radio-peloton","tag-radio-tour","tag-ravitaillement","tag-relance","tag-sports","tag-uci","tag-velo","tag-velos"],"share_on_mastodon":{"url":"https:\/\/pubeurope.com\/@fr\/117211524459710088","error":""},"_links":{"self":[{"href":"https:\/\/www.europesays.com\/fr\/wp-json\/wp\/v2\/posts\/1166397","targetHints":{"allow":["GET"]}}],"collection":[{"href":"https:\/\/www.europesays.com\/fr\/wp-json\/wp\/v2\/posts"}],"about":[{"href":"https:\/\/www.europesays.com\/fr\/wp-json\/wp\/v2\/types\/post"}],"author":[{"embeddable":true,"href":"https:\/\/www.europesays.com\/fr\/wp-json\/wp\/v2\/users\/2"}],"replies":[{"embeddable":true,"href":"https:\/\/www.europesays.com\/fr\/wp-json\/wp\/v2\/comments?post=1166397"}],"version-history":[{"count":0,"href":"https:\/\/www.europesays.com\/fr\/wp-json\/wp\/v2\/posts\/1166397\/revisions"}],"wp:featuredmedia":[{"embeddable":true,"href":"https:\/\/www.europesays.com\/fr\/wp-json\/wp\/v2\/media\/1166398"}],"wp:attachment":[{"href":"https:\/\/www.europesays.com\/fr\/wp-json\/wp\/v2\/media?parent=1166397"}],"wp:term":[{"taxonomy":"category","embeddable":true,"href":"https:\/\/www.europesays.com\/fr\/wp-json\/wp\/v2\/categories?post=1166397"},{"taxonomy":"post_tag","embeddable":true,"href":"https:\/\/www.europesays.com\/fr\/wp-json\/wp\/v2\/tags?post=1166397"}],"curies":[{"name":"wp","href":"https:\/\/api.w.org\/{rel}","templated":true}]}}