{"id":1166408,"date":"2026-09-04T07:17:12","date_gmt":"2026-09-04T07:17:12","guid":{"rendered":"https:\/\/www.europesays.com\/fr\/1166408\/"},"modified":"2026-09-04T07:17:12","modified_gmt":"2026-09-04T07:17:12","slug":"coup-de-coeur-ce-film-espagnol-inspire-dune-histoire-vraie-fait-sensation-dans-le-top-10-netflix-de-31-pays","status":"publish","type":"post","link":"https:\/\/www.europesays.com\/fr\/1166408\/","title":{"rendered":"\u00ab\u00a0Coup de c\u0153ur\u00a0\u00bb : ce film espagnol inspir\u00e9 d\u2019une histoire vraie fait sensation dans le top 10 Netflix de 31 pays"},"content":{"rendered":"<p class=\"isSelectedEnd\">Disponible sur <a href=\"https:\/\/www.bibamagazine.fr\/culture\/netflix\/dans-le-top-10-netflix-cette-miniserie-glacante-qui-retrace-une-histoire-vraie-se-devore-dune-traite-528858.html\" target=\"_blank\" rel=\"noopener nofollow\">Netflix<\/a> depuis le 14 ao\u00fbt 2026,<br \/>\n<strong>To the Max<\/strong> s\u2019est install\u00e9 dans le<br \/>\n<strong>Top 10 de 31 pays<\/strong> et occupe notamment la<br \/>\n<strong>5e place du classement des films les plus populaires en<br \/>\nFrance<\/strong>. Une jolie performance pour un long-m\u00e9trage qui<br \/>\nm\u00eale <strong>aventure, adr\u00e9naline et drame<\/strong>, le tout avec<br \/>\nune <strong>histoire inspir\u00e9e de faits r\u00e9els.<\/strong><\/p>\n<p class=\"isSelectedEnd\">Et le ph\u00e9nom\u00e8ne ne s\u2019arr\u00eate pas \u00e0 la<br \/>\nFrance. Lors de sa premi\u00e8re semaine dans le <strong>Top 10<br \/>\nmondial<\/strong> des films non anglophones de Netflix,<br \/>\n<strong>To the Max<\/strong> a enregistr\u00e9 <strong>4,4<br \/>\nmillions de vues<\/strong>, pour environ <strong>8,2 millions<br \/>\nd\u2019heures visionn\u00e9es<\/strong>. Le film s\u2019est ainsi class\u00e9 troisi\u00e8me<br \/>\nau niveau mondial dans cette cat\u00e9gorie. Pas encore au niveau des<br \/>\n\u00e9normes cartons de la plateforme, donc, mais une performance<br \/>\nparticuli\u00e8rement int\u00e9ressante pour une production espagnole qui<br \/>\nn\u2019\u00e9tait pas forc\u00e9ment connue du grand public international avant<br \/>\nson arriv\u00e9e sur Netflix.<\/p>\n<p>Un groupe d\u2019amis pr\u00eat \u00e0 repousser les limites pour conna\u00eetre la<br \/>\nsensation de voler<\/p>\n<p class=\"isSelectedEnd\">Dans <strong>To the Max<\/strong>,<br \/>\non fait la connaissance de plusieurs amis r\u00e9unis autour d\u2019une m\u00eame<br \/>\npassion : les <a href=\"https:\/\/www.bibamagazine.fr\/beaute\/minceur\/selon-le-dr-jean-michel-cohen-ce-sport-amusant-permettrait-de-bruler-entre-450-et-500-calories-par-heure-527506.html\" target=\"_blank\" rel=\"noopener nofollow\">sports<\/a> extr\u00eames. Leur vie<br \/>\nbascule lorsqu\u2019ils se tournent vers le <strong>BASE jump en<br \/>\nwingsuit<\/strong>, une discipline qui leur permet de sauter depuis<br \/>\ndes falaises ou des sommets et de planer dans les airs gr\u00e2ce \u00e0 une<br \/>\ncombinaison sp\u00e9ciale. Parmi eux, <strong>Carlos Su\u00e1rez<\/strong>,<br \/>\n<strong>alpiniste et parachutiste espagnol<\/strong>, occupe une<br \/>\nplace centrale. Avec ses proches, il se lance dans cette pratique<br \/>\ntoujours plus spectaculaire, \u00e0 la recherche de cette sensation<br \/>\npresque irr\u00e9elle de pouvoir voler.<\/p>\n<p class=\"isSelectedEnd\">Mais derri\u00e8re l\u2019adr\u00e9naline et les images<br \/>\nimpressionnantes se cache une histoire beaucoup plus sombre. Au fil<br \/>\ndes ann\u00e9es, plusieurs membres de leur entourage vont <strong>\u00eatre<br \/>\nvictimes d\u2019accidents mortels<\/strong> alors qu\u2019ils pratiquent leur<br \/>\npassion. En l\u2019espace de cinq ans, <strong>trois parachutistes<br \/>\nperdent ainsi la vie dans des circonstances similaires<\/strong>,<br \/>\ntandis que <strong>Carlos Su\u00e1rez est le seul \u00e0 survivre<\/strong>.<br \/>\nLe film raconte alors comment cette succession de drames va<br \/>\nbouleverser leur groupe et remettre en question cette qu\u00eate<br \/>\npermanente de sensations fortes. Forc\u00e9ment, quand on sait que<br \/>\nchaque saut peut \u00eatre le dernier, la notion de \u00ab\u00a0repousser ses<br \/>\nlimites\u00a0\u00bb prend une tout autre dimension.<\/p>\n<p>R\u00e9alis\u00e9 par <strong>Salvador Calvo<\/strong>, le film navigue<br \/>\nainsi entre <strong>aventure, drame et action<\/strong>, avec<br \/>\n<strong>Carlos Cuevas, Miguel Bernardeau et Miguel \u00c1ngel<br \/>\nSilvestre<\/strong> au casting. Et si les sc\u00e8nes de wingsuit<br \/>\napportent \u00e9videmment leur lot de vertige, <strong>To the<br \/>\nMax<\/strong> s\u2019int\u00e9resse surtout aux liens qui unissent ces<br \/>\npassionn\u00e9s et \u00e0 la mani\u00e8re dont ils vivent avec le risque. Une<br \/>\nhistoire d\u2019amiti\u00e9, de deuil et de passion qui pose finalement une<br \/>\nquestion assez vertigineuse elle aussi : <strong>jusqu\u2019o\u00f9 peut-on<br \/>\naller lorsque l&rsquo;on a trouv\u00e9 une activit\u00e9 qui nous donne<br \/>\nl\u2019impression de toucher du doigt la libert\u00e9 absolue ?<\/strong><\/p>\n<p>Une histoire vraie qui s\u00e9duit les<br \/>\nspectateurs malgr\u00e9 des avis assez partag\u00e9s<\/p>\n<p class=\"isSelectedEnd\">C\u2019est sans doute l\u2019un des aspects les plus<br \/>\nintrigants du film : derri\u00e8re les images de wingsuit et les<br \/>\nsensations fortes se cache <strong>une histoire inspir\u00e9e de faits<br \/>\nr\u00e9els<\/strong>. Netflix pr\u00e9sente d\u2019ailleurs clairement<br \/>\n<strong>To the Max<\/strong> comme un <strong>film bas\u00e9 sur<br \/>\nla vie r\u00e9elle.<\/strong> Cette dimension donne davantage de poids au<br \/>\nr\u00e9cit, notamment lorsque l&rsquo;on d\u00e9couvre jusqu\u2019o\u00f9 ces passionn\u00e9s sont<br \/>\npr\u00eats \u00e0 aller pour retrouver cette impression de libert\u00e9 absolue.<br \/>\nLe film avait d\u2019ailleurs connu une premi\u00e8re vie au <a href=\"https:\/\/www.bibamagazine.fr\/culture\/netflix\/ce-film-avec-sophie-marceau-et-guillaume-canet-passe-inapercu-au-cinema-cartonne-sur-netflix-528151.html\" target=\"_blank\" rel=\"noopener nofollow\">cin\u00e9ma<\/a> en Espagne avant son<br \/>\narriv\u00e9e sur Netflix, puisqu\u2019il \u00e9tait sorti dans les salles<br \/>\nespagnoles en <strong>f\u00e9vrier 2026.<\/strong><\/p>\n<p class=\"isSelectedEnd\">Du c\u00f4t\u00e9 du public, les chiffres sont<br \/>\nplut\u00f4t encourageants. Avec <strong>4,4 millions de vues en une<br \/>\nsemaine<\/strong> et une pr\u00e9sence dans le <strong>Top 10 de 31<br \/>\npays<\/strong>, <strong>To the Max<\/strong> s\u2019est offert<br \/>\nune jolie visibilit\u00e9 internationale. En <strong>France<\/strong>, il<br \/>\nest actuellement <strong>5e des films les plus populaires sur<br \/>\nNetflix<\/strong>, tandis qu\u2019il figure \u00e9galement dans le Top 10<br \/>\nespagnol. Une performance qui ressemble donc davantage \u00e0 un<br \/>\n<strong>succ\u00e8s Netflix solide<\/strong> qu\u2019\u00e0 un raz-de-mar\u00e9e mondial<br \/>\n: le film fonctionne bien, mais il reste encore loin des audiences<br \/>\n\u00e0 plusieurs dizaines de millions de vues enregistr\u00e9es par les plus<br \/>\ngros ph\u00e9nom\u00e8nes de la plateforme.<\/p>\n<p>Et les notes permettent justement de nuancer cet engouement. Sur<br \/>\n<strong>IMDb, le film tourne autour de 6\/10<\/strong>, tandis que<br \/>\nles avis sp\u00e9cialis\u00e9s sont plut\u00f4t partag\u00e9s. Sur <strong>Rotten<br \/>\nTomatoes<\/strong>, le nombre de critiques professionnelles<br \/>\ndisponibles reste pour l\u2019instant trop faible pour \u00e9tablir un<br \/>\nv\u00e9ritable consensus : les deux avis recens\u00e9s vont ainsi de<br \/>\n<strong>4\/5<\/strong> pour <strong>Espinof<\/strong> \u00e0<br \/>\n<strong>0,5\/5<\/strong> pour <strong>Digital Mafia<br \/>\nTalkies<\/strong>. Une chose est donc certaine : <strong>To<br \/>\nthe Max<\/strong> n\u2019a pas forc\u00e9ment d\u00e9clench\u00e9 un enthousiasme<br \/>\ncritique g\u00e9n\u00e9ral, mais il a suffisamment intrigu\u00e9 les spectateurs<br \/>\npour se hisser dans les classements Netflix de plusieurs dizaines<br \/>\nde pays.<\/p>\n","protected":false},"excerpt":{"rendered":"Disponible sur Netflix depuis le 14 ao\u00fbt 2026, To the Max s\u2019est install\u00e9 dans le Top 10 de&hellip;\n","protected":false},"author":2,"featured_media":1166409,"comment_status":"","ping_status":"","sticky":false,"template":"","format":"standard","meta":{"footnotes":"","_share_on_mastodon":"0"},"categories":[1354],"tags":[930,5481,17150,17488,6521,3952,1446,1805,58,4440,59,9872,21,2081,1346,1011,27,937,42142,1360,127,5457,30683,3030,24994],"class_list":["post-1166408","post","type-post","status-publish","format-standard","has-post-thumbnail","category-films","tag-le","tag-5481","tag-17150","tag-ce","tag-coeur","tag-coup","tag-dans","tag-de","tag-divertissement","tag-dune","tag-entertainment","tag-espagnol","tag-fait","tag-film","tag-films","tag-fr","tag-france","tag-histoire","tag-inspire","tag-movies","tag-netflix","tag-pays","tag-sensation","tag-top","tag-vraie"],"share_on_mastodon":{"url":"https:\/\/pubeurope.com\/@fr\/117211551704828609","error":""},"_links":{"self":[{"href":"https:\/\/www.europesays.com\/fr\/wp-json\/wp\/v2\/posts\/1166408","targetHints":{"allow":["GET"]}}],"collection":[{"href":"https:\/\/www.europesays.com\/fr\/wp-json\/wp\/v2\/posts"}],"about":[{"href":"https:\/\/www.europesays.com\/fr\/wp-json\/wp\/v2\/types\/post"}],"author":[{"embeddable":true,"href":"https:\/\/www.europesays.com\/fr\/wp-json\/wp\/v2\/users\/2"}],"replies":[{"embeddable":true,"href":"https:\/\/www.europesays.com\/fr\/wp-json\/wp\/v2\/comments?post=1166408"}],"version-history":[{"count":0,"href":"https:\/\/www.europesays.com\/fr\/wp-json\/wp\/v2\/posts\/1166408\/revisions"}],"wp:featuredmedia":[{"embeddable":true,"href":"https:\/\/www.europesays.com\/fr\/wp-json\/wp\/v2\/media\/1166409"}],"wp:attachment":[{"href":"https:\/\/www.europesays.com\/fr\/wp-json\/wp\/v2\/media?parent=1166408"}],"wp:term":[{"taxonomy":"category","embeddable":true,"href":"https:\/\/www.europesays.com\/fr\/wp-json\/wp\/v2\/categories?post=1166408"},{"taxonomy":"post_tag","embeddable":true,"href":"https:\/\/www.europesays.com\/fr\/wp-json\/wp\/v2\/tags?post=1166408"}],"curies":[{"name":"wp","href":"https:\/\/api.w.org\/{rel}","templated":true}]}}