{"id":1166418,"date":"2026-09-04T07:22:22","date_gmt":"2026-09-04T07:22:22","guid":{"rendered":"https:\/\/www.europesays.com\/fr\/1166418\/"},"modified":"2026-09-04T07:22:22","modified_gmt":"2026-09-04T07:22:22","slug":"leurope-vue-dans-le-vert-portee-par-lespoir-dun-maintien-des-taux-de-la-fed-04-09-2026-a-0803","status":"publish","type":"post","link":"https:\/\/www.europesays.com\/fr\/1166418\/","title":{"rendered":"L&rsquo;Europe vue dans le vert, port\u00e9e par l&rsquo;espoir d&rsquo;un maintien des taux de la Fed &#8211; 04\/09\/2026 \u00e0 08:03"},"content":{"rendered":"<p>        <img decoding=\"async\" src=\"https:\/\/www.europesays.com\/fr\/wp-content\/uploads\/2026\/08\/fe83fb099b52457feae0c2400461ac4e-760x541.jpg\" alt=\"Le mot \u00ab Bourse \u00bb figure sur une enseigne pr\u00e8s du Palais Brongniart, ancienne Bourse de Paris, situ\u00e9 place de la Bourse \u00e0 Paris\" loading=\"eager\" fetchpriority=\"high\" width=\"760\" height=\"541\" style=\"max-width: 100%!important; height: auto;\"\/><\/p>\n<p class=\"c-image-news__legend\">Le mot \u00ab Bourse \u00bb figure sur une enseigne pr\u00e8s du Palais Brongniart, ancienne Bourse de Paris, situ\u00e9 place de la Bourse \u00e0 Paris<\/p>\n<p>\n par Augustin  Turpin\n<\/p>\n<p>\n Les principales Bourses europ\u00e9ennes sont attendues en hausse vendredi \u00e0 l&rsquo;ouverture, dans le sillage de \u200cWall Street et des Bourses asiatiques, port\u00e9es par les d\u00e9clarations de l&rsquo;un des gouverneurs de la Fed, Christopher Waller, qui s&rsquo;est dit jeudi enclin \u00e0 laisser inchang\u00e9 le taux directeur de la banque centrale \u200bam\u00e9ricaine.\n<\/p>\n<p>\n D&rsquo;apr\u00e8s les premi\u00e8res indications disponibles, le CAC 40 parisien pourrait gagner 0,12% \u00e0 l&rsquo;ouverture.\n<\/p>\n<p>\n Les contrats \u00e0 terme signalent une hausse de 0,23% pour le Dax \u00e0 Francfort, de 0,04% pour le FTSE \u00e0 Londres et de 0,12% pour le Stoxx 600.\n<\/p>\n<p>\n Les propos tenus par Christopher Waller ont contribu\u00e9 \u00e0 apaiser les craintes d&rsquo;un resserrement mon\u00e9taire, alors que les cours p\u00e9troliers restent \u00e9lev\u00e9s et que le conflit \u200bentre les \u00c9tats-Unis et l&rsquo;Iran se poursuit, sans qu&rsquo;une issue diplomatique rapide ne se d\u00e9gage, perturbant \u00e9galement le trafic maritime en mer Rouge et alimentant les craintes inflationnistes.\n<\/p>\n<p>\n \u00ab\u00a0Les d\u00e9clarations du gouverneur de la Fed, Waller, (ont) un effet positif g\u00e9n\u00e9ral sur l&rsquo;ensemble des march\u00e9s\u00a0\u00bb, selon \u200bBill Northey, directeur principal des investissements chez U.S. Bank Wealth Management, \u00e0 Billings, dans le Montana.\n<\/p>\n<p>\n A \u2060la suite de ces commentaires, les march\u00e9s financiers ont revu \u00e0 la baisse leurs pr\u00e9visions sur la politique mon\u00e9taire de la Fed. Selon des donn\u00e9es FedWatch de CME, ils misent \u200cd\u00e9sormais \u00e0 50,4% sur la probabilit\u00e9 d&rsquo;une hausse des taux lors de la r\u00e9union de septembre de la Fed, contre 63,2% mercredi.\n<\/p>\n<p>\n Mais ces espoirs restent largement d\u00e9pendants des \u00e9volutions du front g\u00e9opolitique et de l&rsquo;\u00e9volution des prix de l&rsquo;\u00e9nergie.\n<\/p>\n<p>\n Jeudi, seuls quatre navires transportant des mati\u00e8res premi\u00e8res ont travers\u00e9 le d\u00e9troit d&rsquo;Ormuz, essentiel \u200baux flux mondiaux d&rsquo;hydrocarbures, selon des donn\u00e9es maritimes pr\u00e9liminaires publi\u00e9es vendredi. Ce chiffre \u200cest bien inf\u00e9rieur \u00e0 la moyenne sur dix jours, qui s&rsquo;\u00e9tablit \u00e0 environ 15 navires.\n<\/p>\n<p>\n \u00ab\u00a0Waller r\u00e9siste \u00e0 l\u2019argument avanc\u00e9 par Warsh la \u2060semaine derni\u00e8re selon lequel il y a peu de preuves que l\u2019inflation sous-jacente a diminu\u00e9\u00a0\u00bb, avisent des analystes de JPMorgan dans une note.\n<\/p>\n<p>\n \u00ab\u00a0Nous pensons que le Pr\u00e9sident Warsh proc\u00e9dera \u00e0 une hausse s\u2019il la pr\u00e9conise\u00a0\u00bb, ajoutent-t-ils. \u00ab\u00a0Le discours du Gouverneur Waller renforce notre point de vue selon lequel le seuil de donn\u00e9es n\u00e9cessaire pour convaincre la majorit\u00e9 d\u00e9pendante des donn\u00e9es de relever les taux ce mois-ci reste \u00e9lev\u00e9.\u00a0\u00bb\n<\/p>\n<p>\n L&rsquo;attention \u2060se porte d\u00e9sormais sur le rapport sur \u200cl&#8217;emploi am\u00e9ricain, dont la publication est pr\u00e9vue vers 12h30 GMT, et qui devrait apporter plus d&rsquo;indices sur la future politique mon\u00e9taire am\u00e9ricaine, alors que les cr\u00e9ations \u2060d&#8217;emploi dans le secteur priv\u00e9 aux \u00c9tats-Unis en ao\u00fbt sont ressorties mercredi en-de\u00e7\u00e0 des attentes, selon l&rsquo;enqu\u00eate ADP.\n<\/p>\n<p>\n D&rsquo;ici l\u00e0, dans une s\u00e9ance sans grand catalyseur en Europe, les investisseurs du Vieux continent patienteront \u200cen analysant les chiffres des commandes \u00e0 l&rsquo;industrie allemande, la premi\u00e8re \u00e9conomie d&rsquo;Europe d\u00e9pendant largement de ses exportations, tandis que les ventes au d\u00e9tail de la zone euro seront \u2060publi\u00e9es en fin de matin\u00e9e.\n<\/p>\n<p>\n LES VALEURS \u00c0 SUIVRE : [L8N44V1HU]\n<\/p>\n<p>\n \u00c0 WALL STREET\n<\/p>\n<p>\n La Bourse de New York a fini en hausse jeudi, gr\u00e2ce notamment au \u2060soulagement des investisseurs \u00e0 propos de la politique \u200cmon\u00e9taire de la R\u00e9serve f\u00e9d\u00e9rale (Fed) apr\u00e8s que l&rsquo;un de ses gouverneurs s&rsquo;est dit favorable \u00e0 ne pas relever les taux si les donn\u00e9es \u00e9conomiques venaient \u00e0 montrer un ralentissement de l&rsquo;inflation.\n<\/p>\n<p>\n L&rsquo;indice Dow Jones \u200ba gagn\u00e9 1,18%, ou 624,16 points, \u00e0 53.686,11 points.\n<\/p>\n<p>\n Le S&amp;P-500, plus large, a pris 81,11 points, soit 1,06%, \u200c\u00e0 7.747,71 points.\n<\/p>\n<p>\n Le Nasdaq Composite a avanc\u00e9 de son c\u00f4t\u00e9 de 366,23 points (1,40%) \u00e0 26.584,06 points.\n<\/p>\n<p>\n EN ASIE\n<\/p>\n<p>\n Les march\u00e9s asiatiques progressent, profitant du rebond mondial, l&rsquo;apaisement des craintes d&rsquo;une hausse des taux de la Fed ayant notamment fait baisser \u200ble dollar et entra\u00een\u00e9 une remont\u00e9e du yen.\n<\/p>\n<p>\n La Bourse de Tokyo avance de 1,39% \u00e0 65.106,87 points.\n<\/p>\n<p>\n En Chine, les Bourses progressent mais s&rsquo;appr\u00eatent \u00e0 cl\u00f4turer en baisse une semaine marqu\u00e9e par l&rsquo;essoufflement du rebond des titres li\u00e9s \u00e0 l&rsquo;intelligence artificielle et les inqui\u00e9tudes li\u00e9es \u00e0 la hausse des taux am\u00e9ricains.\n<\/p>\n<p>\n l&rsquo;indice composite de la Bourse de Shanghai progresse de 0,59% et le CSI 300 des grandes \u2060capitalisations avance de 0,83%.\n<\/p>\n<p>\n La Bourse de Hong Kong emporte 1,88%.\n<\/p>\n<p>\n TAUX\n<\/p>\n<p>\n Le rendement des Treasuries \u00e0 dix ans perd 0,2 point de base \u00e0 4,7601%. Le deux ans perd 0,3 point de base \u00e0 4,3369%.\n<\/p>\n<p>\n CHANGES\n<\/p>\n<p>\n Le dollar gagne 0,13% face \u00e0 un panier de devises de r\u00e9f\u00e9rence. L&rsquo;euro gagne 0,02% \u00e0 1,1626 dollar.\n<\/p>\n<p>\n La livre sterling gagne 0,07% face au dollar, 0,09% face \u00e0 l&rsquo;euro.\n<\/p>\n<p>\n P\u00c9TROLE\n<\/p>\n<p>\n Les cours du p\u00e9trole sont en hausse et en passe d&rsquo;enregistrer leurs plus forts gains hebdomadaires depuis la mi-juillet, sur fond de reprise des hostilit\u00e9s entre les \u00c9tats-Unis et l&rsquo;Iran et de craintes concernant les risques pesant sur l&rsquo;approvisionnement.\n<\/p>\n<p>\n Le Brent recule de 0,05% \u00e0 95,47 dollars le baril et le brut l\u00e9ger am\u00e9ricain (West Texas Intermediate, WTI) de 0,2% \u00e0 91,48 dollars.\n<\/p>\n<p>\n PRINCIPAUX INDICATEURS \u00c9CONOMIQUES \u00c0 L&rsquo;AGENDA DU 4 SEPTEMBRE :\n<\/p>\n<p>\n PAYS    GMT    INDICATEUR                     P\u00c9RIODE     CONSENSUS     PR\u00c9C\u00c9DENT\n<\/p>\n<p>\n DE      06h00  Commandes \u00e0 l&rsquo;industrie        juillet     +0,3%         +3,1%\n<\/p>\n<p>\n ZE      09h00  Ventes au d\u00e9tail               juillet\n<\/p>\n<p>\n &#8211; sur \u200bun mois                              +0,3%         -0,3%\n<\/p>\n<p>\n &#8211; sur un an                                +1,1%         +0,7%\n<\/p>\n<p>\n US      12h30  Taux de ch\u00f4mage                ao\u00fbt        +4,1%         +4,1%\n<\/p>\n<p>\n (R\u00e9dig\u00e9 par Augustin Turpin)<\/p>\n","protected":false},"excerpt":{"rendered":"Le mot \u00ab Bourse \u00bb figure sur une enseigne pr\u00e8s du Palais Brongniart, ancienne Bourse de Paris, situ\u00e9&hellip;\n","protected":false},"author":2,"featured_media":1125880,"comment_status":"","ping_status":"","sticky":false,"template":"","format":"standard","meta":{"footnotes":"","_share_on_mastodon":"0"},"categories":[6],"tags":[400,398,408,35,405,33,34,1011,27,403,402,399,404,401,406,407],"class_list":["post-1166418","post","type-post","status-publish","format-standard","has-post-thumbnail","category-economie","tag-action-cac-40","tag-bourse-de-paris","tag-boursorama","tag-business","tag-cotations","tag-economie","tag-economy","tag-fr","tag-france","tag-indices-devises","tag-investir","tag-investissement","tag-marche-boursier","tag-sicav","tag-trackers","tag-warrants"],"share_on_mastodon":{"url":"https:\/\/pubeurope.com\/@fr\/117211573521438831","error":""},"_links":{"self":[{"href":"https:\/\/www.europesays.com\/fr\/wp-json\/wp\/v2\/posts\/1166418","targetHints":{"allow":["GET"]}}],"collection":[{"href":"https:\/\/www.europesays.com\/fr\/wp-json\/wp\/v2\/posts"}],"about":[{"href":"https:\/\/www.europesays.com\/fr\/wp-json\/wp\/v2\/types\/post"}],"author":[{"embeddable":true,"href":"https:\/\/www.europesays.com\/fr\/wp-json\/wp\/v2\/users\/2"}],"replies":[{"embeddable":true,"href":"https:\/\/www.europesays.com\/fr\/wp-json\/wp\/v2\/comments?post=1166418"}],"version-history":[{"count":0,"href":"https:\/\/www.europesays.com\/fr\/wp-json\/wp\/v2\/posts\/1166418\/revisions"}],"wp:featuredmedia":[{"embeddable":true,"href":"https:\/\/www.europesays.com\/fr\/wp-json\/wp\/v2\/media\/1125880"}],"wp:attachment":[{"href":"https:\/\/www.europesays.com\/fr\/wp-json\/wp\/v2\/media?parent=1166418"}],"wp:term":[{"taxonomy":"category","embeddable":true,"href":"https:\/\/www.europesays.com\/fr\/wp-json\/wp\/v2\/categories?post=1166418"},{"taxonomy":"post_tag","embeddable":true,"href":"https:\/\/www.europesays.com\/fr\/wp-json\/wp\/v2\/tags?post=1166418"}],"curies":[{"name":"wp","href":"https:\/\/api.w.org\/{rel}","templated":true}]}}