{"id":1166421,"date":"2026-09-04T07:24:18","date_gmt":"2026-09-04T07:24:18","guid":{"rendered":"https:\/\/www.europesays.com\/fr\/1166421\/"},"modified":"2026-09-04T07:24:18","modified_gmt":"2026-09-04T07:24:18","slug":"toute-linfo-en-2-minutes-la-canicule-est-de-retour-miracle-au-nepal-et-point-final-pour-gael-monfils","status":"publish","type":"post","link":"https:\/\/www.europesays.com\/fr\/1166421\/","title":{"rendered":"Toute l\u2019info en 2 minutes\u00a0: La canicule est de retour, miracle au N\u00e9pal et point final pour Ga\u00ebl Monfils"},"content":{"rendered":"<p>Vous avez manqu\u00e9 les infos de ce d\u00e9but de matin\u00e9e\u00a0? On vous a concoct\u00e9 un r\u00e9cap pour vous aider \u00e0 y voir plus clair et briller \u00e0 la machine \u00e0 caf\u00e9.<\/p>\n<p>La canicule est de retour en France (oui, encore)<\/p>\n<p>Et c\u2019est reparti, encore et encore\u2026 Cinq d\u00e9partements du sud de la France sont class\u00e9s \u00e0 partir de ce vendredi midi en vigilance orange canicule, \u00e9pisode qui pourrait durer sur l\u2019ensemble du week-end. On parle de l\u2019Ard\u00e8che, de l\u2019Aude, de la Dr\u00f4me, du Gard et de l\u2019H\u00e9rault, o\u00f9 les temp\u00e9ratures pourraient fr\u00f4ler localement les 40\u00a0\u00b0C. Ailleurs sur la moiti\u00e9 sud, les maximales seront comprises entre 30 et 33\u00a0\u00b0C, pr\u00e9voit M\u00e9t\u00e9o France<\/p>\n<p><a href=\"https:\/\/www.20minutes.fr\/planete\/canicule\/4242664-20260903-canicule-39-agen-38-toulouse-carcassonne-villes-vont-connaitre-nouvel-episode-chaleur-inedit\" class=\"c-link c-link--is-underlined\" rel=\"nofollow noopener\" target=\"_blank\">Pour savoir quelles villes pourraient conna\u00eetre des records de chaleur \u00e0 pareille \u00e9poque de l\u2019ann\u00e9e, c\u2019est par ici<\/a><\/p>\n<\/p>\n<p>Deux miracul\u00e9s au N\u00e9pal<\/p>\n<p>Au milieu de l\u2019enfer, un miracle. Et m\u00eame deux. Deux ouvriers, prisonniers du tunnel de Trishuli-3, dans le nord du N\u00e9pal, depuis les crues monstres du 26\u00a0ao\u00fbt, ont pu \u00eatre extraits vivants. Cela donne encore un peu d\u2019espoir aux dizaines de sauveteurs n\u00e9palais qui creusent pour retrouver des survivants, notamment sur les sites de centrales hydro\u00e9lectriques ou de barrages en construction ensevelies par les coul\u00e9es de boues.<\/p>\n<p><a href=\"https:\/\/www.20minutes.fr\/monde\/4242712-20260904-inondations-nepal-deux-ouvriers-extraits-vivants-tunnel\" class=\"c-link c-link--is-underlined\" rel=\"nofollow noopener\" target=\"_blank\">Les d\u00e9tails de ce sauvetage miraculeux sont \u00e0 lire par ici<\/a><\/p>\n<p>\u00ab\u00a0La Monf\u00a0\u00bb dit adieu \u00e0 New York et au Grand Chelem<\/p>\n<p>C\u2019\u00e9tait son dernier tour de piste \u00e0 New York. Le tennisman Ga\u00ebl Monfils, qui vient de f\u00eater ses 40 ans, a dit adieu cette nuit \u00e0 l\u2019US Open, battu au deuxi\u00e8me tour par le jeune am\u00e9ricain Learner Tien, 15e mondial. Il s\u2019agissait de son tout dernier match dans un tournoi du Grand Chelem, lui qui mettra un terme \u00e0 sa carri\u00e8re en fin d\u2019ann\u00e9e. Une d\u00e9faite 6-3, 6-4, 6-3 dont \u00ab\u00a0La Monf\u00a0\u00bb n\u2019a pas \u00e0 rougir, apr\u00e8s s\u2019\u00eatre procur\u00e9 huit balles de break et avoir sauv\u00e9 quatre balles de match. Il est sorti sous les acclamations du public du Louis Armstrong, et c\u2019\u00e9tait bien l\u2019essentiel.<\/p>\n<p><a href=\"https:\/\/www.20minutes.fr\/sport\/tennis\/us_open\/4242268-20260902-us-open-jour-40-ans-dernier-grand-chelem-gael-monfils-assure-show\" class=\"c-link c-link--is-underlined\" rel=\"nofollow noopener\" target=\"_blank\">Le r\u00e9sum\u00e9 de sa victoire au premier le jour de ses 40 ans, c\u2019est ici<\/a><\/p>\n","protected":false},"excerpt":{"rendered":"Vous avez manqu\u00e9 les infos de ce d\u00e9but de matin\u00e9e\u00a0? On vous a concoct\u00e9 un r\u00e9cap pour vous&hellip;\n","protected":false},"author":2,"featured_media":1166422,"comment_status":"","ping_status":"","sticky":false,"template":"","format":"standard","meta":{"footnotes":"","_share_on_mastodon":"0"},"categories":[4],"tags":[47,11,6698,1011,27,5385,2357,29114,12,25,104],"class_list":["post-1166421","post","type-post","status-publish","format-standard","has-post-thumbnail","category-france","tag-actualite","tag-actualites","tag-canicule","tag-fr","tag-france","tag-gael-monfils","tag-meteo-france","tag-nepal","tag-news","tag-republique-francaise","tag-societe"],"share_on_mastodon":{"url":"https:\/\/pubeurope.com\/@fr\/117211579210728407","error":""},"_links":{"self":[{"href":"https:\/\/www.europesays.com\/fr\/wp-json\/wp\/v2\/posts\/1166421","targetHints":{"allow":["GET"]}}],"collection":[{"href":"https:\/\/www.europesays.com\/fr\/wp-json\/wp\/v2\/posts"}],"about":[{"href":"https:\/\/www.europesays.com\/fr\/wp-json\/wp\/v2\/types\/post"}],"author":[{"embeddable":true,"href":"https:\/\/www.europesays.com\/fr\/wp-json\/wp\/v2\/users\/2"}],"replies":[{"embeddable":true,"href":"https:\/\/www.europesays.com\/fr\/wp-json\/wp\/v2\/comments?post=1166421"}],"version-history":[{"count":0,"href":"https:\/\/www.europesays.com\/fr\/wp-json\/wp\/v2\/posts\/1166421\/revisions"}],"wp:featuredmedia":[{"embeddable":true,"href":"https:\/\/www.europesays.com\/fr\/wp-json\/wp\/v2\/media\/1166422"}],"wp:attachment":[{"href":"https:\/\/www.europesays.com\/fr\/wp-json\/wp\/v2\/media?parent=1166421"}],"wp:term":[{"taxonomy":"category","embeddable":true,"href":"https:\/\/www.europesays.com\/fr\/wp-json\/wp\/v2\/categories?post=1166421"},{"taxonomy":"post_tag","embeddable":true,"href":"https:\/\/www.europesays.com\/fr\/wp-json\/wp\/v2\/tags?post=1166421"}],"curies":[{"name":"wp","href":"https:\/\/api.w.org\/{rel}","templated":true}]}}