{"id":1166425,"date":"2026-09-04T07:27:15","date_gmt":"2026-09-04T07:27:15","guid":{"rendered":"https:\/\/www.europesays.com\/fr\/1166425\/"},"modified":"2026-09-04T07:27:15","modified_gmt":"2026-09-04T07:27:15","slug":"saint-chamond-il-y-en-a-de-plus-en-plus-quelle-solution-face-aux-depots-sauvages-dencombrants","status":"publish","type":"post","link":"https:\/\/www.europesays.com\/fr\/1166425\/","title":{"rendered":"Saint-Chamond. \u00ab\u00a0Il y en a de plus en plus\u00a0\u00bb\u00a0: quelle solution face aux d\u00e9p\u00f4ts sauvages d\u2019encombrants\u00a0?"},"content":{"rendered":"<p>R\u00e9guli\u00e8rement dans l\u2019espace o\u00f9 sont sorties les poubelles des immeubles 2, 4 et 6 rue Lafontaine les jours de collecte, sont entrepos\u00e9s des encombrants et autres d\u00e9p\u00f4ts divers. Ils restent l\u00e0 souvent quelques jours voire semaines.<\/p>\n<p>Le jour o\u00f9 Marguerite* nous interpelle, on y d\u00e9couvre, en vrac, un micro-ondes, un gaufrier, un sac de v\u00eatements \u00e9ventr\u00e9, un sommier et le reste d\u2019un cadre de lit. Le lendemain, le sommier et le micro-ondes ont disparu. Deux semaines plus tard, tout cela a disparu, remplac\u00e9 par une penderie, des tabourets de bar et des restes de meubles\u2026<\/p>\n<p>\u00ab\u00a0On ne sait pas qui d\u00e9pose tout \u00e7a\u00a0\u00bb<\/p>\n<p>Une sorte de vide-greniers improvis\u00e9e. O\u00f9 tout est gratuit mais o\u00f9 personne ne d\u00e9barrasse ce dont personne n\u2019a voulu. \u00ab\u00a0C\u2019est p\u00e9nible, on ne sait pas qui d\u00e9pose tout \u00e7a, mais il y en a de plus en plus\u00a0\u00bb, r\u00e2le une voisine qui vit l\u00e0 depuis une trentaine d\u2019ann\u00e9es.<\/p>\n<p>La nouveaut\u00e9, c\u2019est que Marguerite a eu la mauvaise surprise de trouver dans sa bo\u00eete aux lettres une note du bailleur social&#8230;<\/p>\n","protected":false},"excerpt":{"rendered":"R\u00e9guli\u00e8rement dans l\u2019espace o\u00f9 sont sorties les poubelles des immeubles 2, 4 et 6 rue Lafontaine les jours&hellip;\n","protected":false},"author":2,"featured_media":1166426,"comment_status":"","ping_status":"","sticky":false,"template":"","format":"standard","meta":{"footnotes":"","_share_on_mastodon":"0"},"categories":[9653],"tags":[1111,11,2430,7539,436,1777,674,1011,27,12,25,9669,9670,4001,104],"class_list":["post-1166425","post","type-post","status-publish","format-standard","has-post-thumbnail","category-saint-etienne","tag-actu","tag-actualites","tag-auvergne-rhone-alpes","tag-edition-loire-sud","tag-environnement","tag-eu","tag-europe","tag-fr","tag-france","tag-news","tag-republique-francaise","tag-saint-chamond","tag-saint-chamond-ville","tag-saint-etienne","tag-societe"],"share_on_mastodon":{"url":"https:\/\/pubeurope.com\/@fr\/117211591072901921","error":""},"_links":{"self":[{"href":"https:\/\/www.europesays.com\/fr\/wp-json\/wp\/v2\/posts\/1166425","targetHints":{"allow":["GET"]}}],"collection":[{"href":"https:\/\/www.europesays.com\/fr\/wp-json\/wp\/v2\/posts"}],"about":[{"href":"https:\/\/www.europesays.com\/fr\/wp-json\/wp\/v2\/types\/post"}],"author":[{"embeddable":true,"href":"https:\/\/www.europesays.com\/fr\/wp-json\/wp\/v2\/users\/2"}],"replies":[{"embeddable":true,"href":"https:\/\/www.europesays.com\/fr\/wp-json\/wp\/v2\/comments?post=1166425"}],"version-history":[{"count":0,"href":"https:\/\/www.europesays.com\/fr\/wp-json\/wp\/v2\/posts\/1166425\/revisions"}],"wp:featuredmedia":[{"embeddable":true,"href":"https:\/\/www.europesays.com\/fr\/wp-json\/wp\/v2\/media\/1166426"}],"wp:attachment":[{"href":"https:\/\/www.europesays.com\/fr\/wp-json\/wp\/v2\/media?parent=1166425"}],"wp:term":[{"taxonomy":"category","embeddable":true,"href":"https:\/\/www.europesays.com\/fr\/wp-json\/wp\/v2\/categories?post=1166425"},{"taxonomy":"post_tag","embeddable":true,"href":"https:\/\/www.europesays.com\/fr\/wp-json\/wp\/v2\/tags?post=1166425"}],"curies":[{"name":"wp","href":"https:\/\/api.w.org\/{rel}","templated":true}]}}