{"id":1166431,"date":"2026-09-04T07:31:18","date_gmt":"2026-09-04T07:31:18","guid":{"rendered":"https:\/\/www.europesays.com\/fr\/1166431\/"},"modified":"2026-09-04T07:31:18","modified_gmt":"2026-09-04T07:31:18","slug":"nancy-le-congres-annuel-de-la-fedepl-ouvre-un-nouveau-mandat-au-centre-prouve","status":"publish","type":"post","link":"https:\/\/www.europesays.com\/fr\/1166431\/","title":{"rendered":"Nancy : le Congr\u00e8s annuel de la FedEpl ouvre un nouveau mandat au Centre Prouv\u00e9"},"content":{"rendered":"<p>Du 14 au 16 octobre 2026, plus de 1 500 \u00e9lus et dirigeants se r\u00e9uniront au Centre Prouv\u00e9 de Nancy pour le Congr\u00e8s de la FedEpl. Ce rendez-vous de l&rsquo;\u00e9conomie mixte locale, marqu\u00e9 par son centenaire et le renouvellement des ex\u00e9cutifs municipaux, verra l&rsquo;\u00e9lection d&rsquo;un nouveau pr\u00e9sident.<\/p>\n<p>Un si\u00e8cle d&rsquo;audace et un poids \u00e9conomique majeur<\/p>\n<p>Le Congr\u00e8s 2026 s&rsquo;ouvre dans un contexte charni\u00e8re. Repr\u00e9sent\u00e9e par la FedEpl qui rassemble 13 000 \u00e9lus, l&rsquo;\u00e9conomie mixte locale p\u00e8se aujourd&rsquo;hui 19,79 milliards d&rsquo;euros de chiffre d&rsquo;affaires et 67 501 emplois. \u00c0 Nancy, l&rsquo;\u00e9v\u00e9nement s&rsquo;impose comme la plateforme de r\u00e9f\u00e9rence pour int\u00e9grer les nouveaux \u00e9lus. Le programme propose un parcours pour s\u00e9curiser la gouvernance de la gamme Epl, qui offre trois outils adapt\u00e9s aux besoins des territoires : les Sem (historiques, \u00e0 capital public-priv\u00e9), les Spl (100% publiques) et les SemOp (contrat unique).<\/p>\n<p>Cap vers l&rsquo;avenir et nouvelle gouvernance<\/p>\n<p>En pleine mutation \u00e9conomique, une dizaine d\u2019ateliers aborderont l&rsquo;intelligence artificielle et le financement des transitions pour ces structures actives dans plus de 60 m\u00e9tiers. Les participants analyseront des r\u00e9alisations concr\u00e8tes lors de visites professionnelles \u00e0 Nancy, comme le projet Nancy Thermal. Les initiatives les plus inspirantes recevront les Troph\u00e9es des Epl, compl\u00e9t\u00e9s par un prix du public.<\/p>\n<p>Le point d&rsquo;orgue se tiendra le vendredi 16 octobre avec l\u2019\u00e9lection du nouveau pr\u00e9sident de la FedEpl. Ce dernier participera imm\u00e9diatement \u00e0 la pl\u00e9ni\u00e8re prospective pour fixer les orientations du mandat. Une conf\u00e9rence de presse finale, men\u00e9e aux c\u00f4t\u00e9s de Sylvie Hanns, pr\u00e9sidente de la F\u00e9d\u00e9ration r\u00e9gionale des Epl Grand Est, cl\u00f4turera ces trois jours strat\u00e9giques pour l&rsquo;int\u00e9r\u00eat g\u00e9n\u00e9ral.<\/p>\n","protected":false},"excerpt":{"rendered":"Du 14 au 16 octobre 2026, plus de 1 500 \u00e9lus et dirigeants se r\u00e9uniront au Centre Prouv\u00e9&hellip;\n","protected":false},"author":2,"featured_media":1166432,"comment_status":"","ping_status":"","sticky":false,"template":"","format":"standard","meta":{"footnotes":"","_share_on_mastodon":"0"},"categories":[9635],"tags":[1111,11,5949,1777,674,3531,1011,27,19629,775,1702,12,25],"class_list":["post-1166431","post","type-post","status-publish","format-standard","has-post-thumbnail","category-nancy","tag-actu","tag-actualites","tag-elections","tag-eu","tag-europe","tag-financement","tag-fr","tag-france","tag-gouvernance","tag-grand-est","tag-nancy","tag-news","tag-republique-francaise"],"share_on_mastodon":{"url":"https:\/\/pubeurope.com\/@fr\/117211607472422528","error":""},"_links":{"self":[{"href":"https:\/\/www.europesays.com\/fr\/wp-json\/wp\/v2\/posts\/1166431","targetHints":{"allow":["GET"]}}],"collection":[{"href":"https:\/\/www.europesays.com\/fr\/wp-json\/wp\/v2\/posts"}],"about":[{"href":"https:\/\/www.europesays.com\/fr\/wp-json\/wp\/v2\/types\/post"}],"author":[{"embeddable":true,"href":"https:\/\/www.europesays.com\/fr\/wp-json\/wp\/v2\/users\/2"}],"replies":[{"embeddable":true,"href":"https:\/\/www.europesays.com\/fr\/wp-json\/wp\/v2\/comments?post=1166431"}],"version-history":[{"count":0,"href":"https:\/\/www.europesays.com\/fr\/wp-json\/wp\/v2\/posts\/1166431\/revisions"}],"wp:featuredmedia":[{"embeddable":true,"href":"https:\/\/www.europesays.com\/fr\/wp-json\/wp\/v2\/media\/1166432"}],"wp:attachment":[{"href":"https:\/\/www.europesays.com\/fr\/wp-json\/wp\/v2\/media?parent=1166431"}],"wp:term":[{"taxonomy":"category","embeddable":true,"href":"https:\/\/www.europesays.com\/fr\/wp-json\/wp\/v2\/categories?post=1166431"},{"taxonomy":"post_tag","embeddable":true,"href":"https:\/\/www.europesays.com\/fr\/wp-json\/wp\/v2\/tags?post=1166431"}],"curies":[{"name":"wp","href":"https:\/\/api.w.org\/{rel}","templated":true}]}}