{"id":1166446,"date":"2026-09-04T07:43:39","date_gmt":"2026-09-04T07:43:39","guid":{"rendered":"https:\/\/www.europesays.com\/fr\/1166446\/"},"modified":"2026-09-04T07:43:39","modified_gmt":"2026-09-04T07:43:39","slug":"choisir-entre-vivre-ou-etudier-combien-coute-la-rentree-universitaire-a-un-etudiant-en-haute-bretagne","status":"publish","type":"post","link":"https:\/\/www.europesays.com\/fr\/1166446\/","title":{"rendered":"\u00ab\u00a0Choisir entre vivre ou \u00e9tudier\u00a0\u00bb : combien co\u00fbte la rentr\u00e9e universitaire \u00e0 un \u00e9tudiant en Haute Bretagne\u00a0?"},"content":{"rendered":"<p>                    Par<br \/>\n        <strong><br \/>\n            <a href=\"https:\/\/actu.fr\/auteur\/romane-rousseau-actu-fr\" title=\"Consulter tous les articles de Romane Rousseau\" rel=\"nofollow noopener\" target=\"_blank\">Romane Rousseau<\/a><br \/>\n                    <\/strong><\/p>\n<p>        Publi\u00e9 le<\/p>\n<p>            4 sept. 2026 \u00e0 5h38        <\/p>\n<p>La rentr\u00e9e a d\u00e9but\u00e9 pour de nombreux \u00e9tudiants. En plus des cours, les nombreux \u00e9l\u00e8ves ont un autre aspect de la vie d\u2019adulte \u00e0 apprendre\u2009: <strong>g\u00e9rer son budget<\/strong>. Une t\u00e2che peu ais\u00e9e avec<strong> l\u2019augmentation du co\u00fbt de la vie et les frais scolaires.<\/strong><\/p>\n<p class=\" wall-content\">La <a href=\"https:\/\/fare-asso.fr\/\" rel=\"nofollow noopener\" target=\"_blank\">F\u00e9d\u00e9ration des Associations du R\u00e9seau \u00c9tudiant<\/a> (Fare) de Haute-Bretagne a d\u00e9voil\u00e9 l\u2019indicateur du co\u00fbt de la rentr\u00e9e pour<strong> un \u00e9tudiant non boursier<\/strong> sur le territoire de Haute-Bretagne. Une<strong> hausse de 100\u00a0euros<\/strong> par rapport \u00e0 l\u2019ann\u00e9e derni\u00e8re est constat\u00e9e.<\/p>\n<p>\u00ab\u2009Les d\u00e9penses indispensables augmentent\u2009\u00bb<\/p>\n<p class=\" wall-content\"><strong>3\u2009181,20\u00a0euros.<\/strong> C\u2019est le co\u00fbt de la rentr\u00e9e pour ces \u00e9tudiants bretons.<\/p>\n<p class=\" wall-content\">\u00ab\u2009L\u2019indicateur pr\u00e9sente le co\u00fbt de la rentr\u00e9e pour un \u00e9tudiant primo-arrivant de 19\u00a0ans en licence 1 (ou \u00e9quivalent) \u00e0 l\u2019universit\u00e9, sans double inscription, non boursier et d\u00e9cohabitant (n\u2019habitant plus au domicile familial)\u2009\u00bb, pr\u00e9cise Fare dans un communiqu\u00e9 de presse transmis \u00e0 <a href=\"https:\/\/actu.fr\/rennes\/\" rel=\"nofollow noopener\" target=\"_blank\">actu Rennes<\/a>.<\/p>\n<p class=\" wall-content\">Un chiffre qui prend en compte \u00ab\u2009les frais de vie courante et les frais sp\u00e9cifiques \u00e0 la rentr\u00e9e universitaire\u2009\u00bb.<\/p>\n<p class=\" wall-content\">Les frais de vie courante correspondent aux<strong> loyers et charges locatives,<\/strong> \u00e0 l\u2019alimentation, aux loisirs, aux transports, \u00e0 la t\u00e9l\u00e9phonie\u2026<\/p>\n<p class=\" wall-content\">Les frais sp\u00e9cifiques \u00e0 la rentr\u00e9e portent sur<strong> les frais d\u2019inscription,<\/strong> la cotisation \u00e0 la Contribution de vie et de campus (CVEC), les frais d\u2019agence, l\u2019assurance logement, l\u2019achat de mat\u00e9riel p\u00e9dagogique\u2026<\/p>\n<blockquote class=\"ac-article-quote wall-content\">\n<p>\u00ab\u00a0Derri\u00e8re chaque euro suppl\u00e9mentaire se cache une r\u00e9alit\u00e9 simple : les d\u00e9penses indispensables augmentent, le budget pour vivre et \u00e9tudier diminue.\u00a0\u00bb<\/p>\n<p>    <strong>F\u00e9d\u00e9ration des Associations du R\u00e9seau \u00c9tudiant (FARE) de Haute-Bretagne<\/strong>\n            <\/p><\/blockquote>\n<p class=\" wall-content\">Les \u00e9tudiants \u00e9trangers voient le co\u00fbt total de la rentr\u00e9e s\u2019\u00e9lever \u00e0<strong> 6\u2009988,82\u00a0euros<\/strong>, avec des frais d\u2019inscription grimpant \u00ab\u2009jusqu\u2019\u00e0 2\u2009896\u00a0euros pour une licence et 3\u2009941\u00a0euros pour un master\u2009\u00bb.<\/p>\n<p>Les loyers, la premi\u00e8re d\u00e9pense des \u00e9tudiants<\/p>\n<p class=\" wall-content\">Les <strong>frais de vie courante s\u2019\u00e9l\u00e8vent \u00e0 1\u2009113,16\u00a0euros.<\/strong> Un chiffre qui comprend notamment la moyenne des loyers, de 615\u00a0euros, et l\u2019alimentation, qui fr\u00f4le les 180\u00a0euros par mois.<\/p>\n<blockquote class=\"ac-article-quote wall-content\">\n<p>\u00ab\u00a0En 2026, le montant moyen des loyers, la premi\u00e8re d\u00e9pense des \u00e9tudiants, a progress\u00e9 de 5,03%, accentuant la pression financi\u00e8re. 5,03% d\u2019augmentation, cela repr\u00e9sente pr\u00e8s de 30 euros suppl\u00e9mentaires chaque mois en moyenne, soit pr\u00e8s de 300 euros suppl\u00e9mentaires sur une ann\u00e9e universitaire.\u00a0\u00bb<\/p>\n<p>    <strong>F\u00e9d\u00e9ration des Associations du R\u00e9seau \u00c9tudiant (FARE) de Haute-Bretagne<\/strong>\n            <\/p><\/blockquote>\n<p class=\" wall-content\">\u00ab\u2009Quand on sait que le loyer moyen est de plus de 615\u00a0euros par mois, on r\u00e9alise mieux pourquoi<strong> un \u00e9tudiant sur cinq ne mange pas \u00e0 sa faim<\/strong>, des renoncements doivent in\u00e9vitablement \u00eatre statu\u00e9s\u2009\u00bb, regrette la f\u00e9d\u00e9ration.<\/p>\n<p>Les solutions de la f\u00e9d\u00e9ration<\/p>\n<p class=\" wall-content\">Face \u00e0 ces chiffres, \u00ab\u2009la Fare r\u00e9clame la<strong> p\u00e9rennisation de l\u2019encadrement des loyers au niveau national<\/strong>, ainsi que des moyens assurant sa bonne application\u2009\u00bb.<\/p>\n<blockquote class=\"ac-article-quote wall-content\">\n<p>\u00ab\u00a0Les repas CROUS \u00e0 1 euro pour toutes et tous doivent aussi \u00eatre maintenus dans la dur\u00e9e, non sans accompagnement d\u2019une enveloppe plus importante dans le projet de loi de finances 2027 pour une bonne mise en place sur tous les territoires.\u00a0\u00bb<\/p>\n<p>    <strong>F\u00e9d\u00e9ration des Associations du R\u00e9seau \u00c9tudiant (FARE) de Haute-Bretagne<\/strong>\n            <\/p><\/blockquote>\n<p class=\" wall-content\">\u00ab\u2009Certains \u00e9tudiants sont aujourd\u2019hui amen\u00e9s \u00e0 <strong>choisir entre vivre ou \u00e9tudier<\/strong>\u2009\u00bb, d\u00e9plore Fare.<\/p>\n<p class=\" wall-content\">Personnalisez votre actualit\u00e9 en ajoutant vos villes et m\u00e9dias en favori avec <a href=\"https:\/\/moncompte.actu.fr\" title=\"D\u00e9couvez Mon Actu\" rel=\"nofollow noopener\" data-trk=\"{&quot;cta&quot;:{&quot;action&quot;:&quot;https:\\\/\\\/moncompte.actu.fr&quot;,&quot;category&quot;:&quot;mon compte&quot;,&quot;from&quot;:&quot;article footer&quot;,&quot;name&quot;:&quot;Mon actu&quot;,&quot;type&quot;:&quot;cta&quot;}}\" target=\"_blank\">Mon Actu<\/a>.<\/p>\n","protected":false},"excerpt":{"rendered":"Par Romane Rousseau Publi\u00e9 le 4 sept. 2026 \u00e0 5h38 La rentr\u00e9e a d\u00e9but\u00e9 pour de nombreux \u00e9tudiants.&hellip;\n","protected":false},"author":2,"featured_media":1166447,"comment_status":"","ping_status":"","sticky":false,"template":"","format":"standard","meta":{"footnotes":"","_share_on_mastodon":"0"},"categories":[2821],"tags":[1111,11,829,33,1064,1777,674,1011,27,12,11090,584,10918,25],"class_list":["post-1166446","post","type-post","status-publish","format-standard","has-post-thumbnail","category-rennes","tag-actu","tag-actualites","tag-bretagne","tag-economie","tag-etudiantses","tag-eu","tag-europe","tag-fr","tag-france","tag-news","tag-precarite-etudiante","tag-rennes","tag-rentree-scolaire","tag-republique-francaise"],"share_on_mastodon":{"url":"https:\/\/pubeurope.com\/@fr\/117211654161363486","error":""},"_links":{"self":[{"href":"https:\/\/www.europesays.com\/fr\/wp-json\/wp\/v2\/posts\/1166446","targetHints":{"allow":["GET"]}}],"collection":[{"href":"https:\/\/www.europesays.com\/fr\/wp-json\/wp\/v2\/posts"}],"about":[{"href":"https:\/\/www.europesays.com\/fr\/wp-json\/wp\/v2\/types\/post"}],"author":[{"embeddable":true,"href":"https:\/\/www.europesays.com\/fr\/wp-json\/wp\/v2\/users\/2"}],"replies":[{"embeddable":true,"href":"https:\/\/www.europesays.com\/fr\/wp-json\/wp\/v2\/comments?post=1166446"}],"version-history":[{"count":0,"href":"https:\/\/www.europesays.com\/fr\/wp-json\/wp\/v2\/posts\/1166446\/revisions"}],"wp:featuredmedia":[{"embeddable":true,"href":"https:\/\/www.europesays.com\/fr\/wp-json\/wp\/v2\/media\/1166447"}],"wp:attachment":[{"href":"https:\/\/www.europesays.com\/fr\/wp-json\/wp\/v2\/media?parent=1166446"}],"wp:term":[{"taxonomy":"category","embeddable":true,"href":"https:\/\/www.europesays.com\/fr\/wp-json\/wp\/v2\/categories?post=1166446"},{"taxonomy":"post_tag","embeddable":true,"href":"https:\/\/www.europesays.com\/fr\/wp-json\/wp\/v2\/tags?post=1166446"}],"curies":[{"name":"wp","href":"https:\/\/api.w.org\/{rel}","templated":true}]}}