{"id":1166452,"date":"2026-09-04T07:47:16","date_gmt":"2026-09-04T07:47:16","guid":{"rendered":"https:\/\/www.europesays.com\/fr\/1166452\/"},"modified":"2026-09-04T07:47:16","modified_gmt":"2026-09-04T07:47:16","slug":"si-ca-continue-je-vais-devoir-licencier-quelquun-encercles-par-les-travaux-ces-commercants-souffrent-a-strasbourg","status":"publish","type":"post","link":"https:\/\/www.europesays.com\/fr\/1166452\/","title":{"rendered":"\u00ab\u00a0Si \u00e7a continue, je vais devoir licencier quelqu\u2019un\u00a0\u00bb : encercl\u00e9s par les travaux, ces commer\u00e7ants souffrent \u00e0 Strasbourg"},"content":{"rendered":"<p>                    Par<br \/>\n        <strong><br \/>\n            <a href=\"https:\/\/actu.fr\/auteur\/thomas-blanc\" title=\"Consulter tous les articles de Thomas Blanc\" rel=\"nofollow noopener\" target=\"_blank\">Thomas Blanc<\/a><br \/>\n                    <\/strong><\/p>\n<p>        Publi\u00e9 le<\/p>\n<p>            4 sept. 2026 \u00e0 9h38        <\/p>\n<p>Depuis le d\u00e9but du mois de mai, <strong>le secteur de la halle du march\u00e9 du Neudorf<\/strong>, \u00e0 <a href=\"https:\/\/actu.fr\/strasbourg\/\" rel=\"nofollow noopener\" target=\"_blank\">Strasbourg<\/a>, est en <a href=\"https:\/\/actu.fr\/tag\/travaux\" rel=\"nofollow noopener\" target=\"_blank\">travaux<\/a> pour le d\u00e9ploiement du <a href=\"https:\/\/actu.fr\/grand-est\/strasbourg_67482\/reseaux-de-chaleur-a-strasbourg-un-enorme-chantier-de-plusieurs-annees-va-bientot-demarrer_63230419.html\" rel=\"nofollow noopener\" target=\"_blank\">r\u00e9seau de chaleur<\/a>. Pour leur bon d\u00e9roulement, la circulation a longtemps \u00e9t\u00e9 coup\u00e9e sur la partie sud de la rue de Rathsamhausen, <strong>compliquant l\u2019acc\u00e8s \u00e0 plusieurs commerces.<\/strong><\/p>\n<p>\u00ab\u00a0Si \u00e7a continue comme \u00e7a, je vais devoir licencier quelqu\u2019un\u00a0\u00bb<\/p>\n<p class=\" wall-content\">Pour Beno\u00eet Schmitt, g\u00e9rant de la pharmacie de la Musau, les cons\u00e9quences sont importantes. \u00ab\u00a0J\u2019ai <strong>une perte de 15 % de mon chiffre d\u2019affaires<\/strong> en comparaison \u00e0 l\u2019ann\u00e9e pr\u00e9c\u00e9dente \u00e0 cause de ces travaux\u00a0\u00bb, affirme-t-il. Les chiffres montrent \u00e9galement une baisse de sa marge, <strong>pass\u00e9e de 58 000 euros en ao\u00fbt 2025 \u00e0 51 000 euros<\/strong> en ao\u00fbt 2026.<\/p>\n<p class=\" wall-content\">Une situation qui inqui\u00e8te le pharmacien. \u00ab\u00a0La compta\u2019 m\u2019a dit que si \u00e7a continuait comme \u00e7a, <strong>je vais devoir licencier quelqu\u2019un<\/strong>\u00ab\u00a0, explique-t-il.<\/p>\n<p class=\" wall-content\">Le principal probl\u00e8me concerne, selon lui, l\u2019acc\u00e8s \u00e0 son commerce. \u00ab\u00a0Jusqu\u2019au 1er septembre, <strong>j\u2019\u00e9tais totalement enclav\u00e9<\/strong>, personne ne pouvait acc\u00e9der \u00e0 mon commerce.\u00a0\u00bb Il <strong>redoute<\/strong> d\u00e9sormais la prochaine phase du chantier, pr\u00e9vue du 9 septembre \u00e0 la mi-octobre.<\/p>\n<p>\u00ab\u00a0J\u2019ai des sueurs froides en pensant aux prochaines \u00e9tapes du chantier\u00a0\u00bb<\/p>\n<p class=\" wall-content\">\u00ab\u00a0Le nouveau plan qui nous a \u00e9t\u00e9 donn\u00e9 est incompr\u00e9hensible et <strong>m\u00eame contradictoire avec ce qui nous avait \u00e9t\u00e9 dit<\/strong>. On nous avait promis un acc\u00e8s voiture depuis la route du Polygone qui n\u2019est pas \u00e9crit sur le plan,<strong> je ne comprends pas<\/strong>\u00ab\u00a0, poursuit-il. \u00ab\u00a0<strong>J\u2019ai des sueurs froides<\/strong> en pensant aux prochaines \u00e9tapes du chantier\u00a0\u00bb, conclut-il pour sa part.<\/p>\n<p class=\" wall-content\">Les difficult\u00e9s sont \u00e9galement ressenties par le magasin Vapostore. <strong>Virginie Drumard<\/strong>, responsable des trois boutiques de l\u2019enseigne \u00e0 Strasbourg, dont celle de la rue de Rathsamhausen, estime que les travaux ont<strong> fortement r\u00e9duit la fr\u00e9quentation <\/strong>de la boutique. \u00ab\u00a0Les clients, pour venir, il faut qu\u2019ils en aient vraiment envie\u00a0\u00bb, constate-t-elle.<\/p>\n<p class=\" wall-content\">Son commerce accuse <strong>une baisse de 30 %<\/strong> de son chiffre d\u2019affaires, pass\u00e9 de 46 000 euros en ao\u00fbt 2025 \u00e0 33 000 euros en ao\u00fbt 2026. \u00ab\u00a0J\u2019esp\u00e8re qu\u2019\u00e0 l\u2019issue des travaux, <strong>les clients vont revenir<\/strong>\u00ab\u00a0, s\u2019inqui\u00e8te-t-elle.<\/p>\n<p>R-CU d\u00e9fend son accompagnement<\/p>\n<p class=\" wall-content\">En charge des travaux, R-CU assure mettre tout en \u0153uvre pour limiter leur impact sur les commer\u00e7ants et les riverains. L\u2019entreprise rappelle notamment aupr\u00e8s d\u2019Actu Strasbourg qu\u2019une voie de circulation a \u00e9t\u00e9 maintenue rue de Rathsamhausen, <strong>alors qu\u2019un arr\u00eat\u00e9 autorisait sa fermeture compl\u00e8te<\/strong>.<\/p>\n<p class=\" wall-content\">Une matin\u00e9e d\u2019information avait \u00e9galement \u00e9t\u00e9 organis\u00e9e en avril, tandis que des b\u00e2ches pr\u00e9sentant le phasage du chantier ont \u00e9t\u00e9 install\u00e9es. R-CU indique aussi qu\u2019un m\u00e9diateur travaux <strong>est pr\u00e9sent quotidiennement sur le terrain<\/strong>.<\/p>\n<p class=\" wall-content\">L\u2019entreprise reconna\u00eet toutefois que des al\u00e9as peuvent entra\u00eener des \u00e9carts <strong>et assure chercher \u00e0 les corriger<\/strong>. Elle estime que son dispositif fonctionne, \u00e9voquant un \u00ab\u00a0tr\u00e8s faible nombre de r\u00e9clamations\u00a0\u00bb depuis le d\u00e9but du chantier. Concernant Beno\u00eet Schmitt, g\u00e9rant de la Pharmacie de la Musau, R-CU dit avoir \u00e9t\u00e9 surpris par le caract\u00e8re \u00ab\u00a0in\u00e9dit, intense et isol\u00e9\u00a0\u00bb de ses r\u00e9clamations.<\/p>\n<p class=\" wall-content\">Personnalisez votre actualit\u00e9 en ajoutant vos villes et m\u00e9dias en favori avec <a href=\"https:\/\/moncompte.actu.fr\" title=\"D\u00e9couvez Mon Actu\" rel=\"nofollow noopener\" data-trk=\"{&quot;cta&quot;:{&quot;action&quot;:&quot;https:\\\/\\\/moncompte.actu.fr&quot;,&quot;category&quot;:&quot;mon compte&quot;,&quot;from&quot;:&quot;article footer&quot;,&quot;name&quot;:&quot;Mon actu&quot;,&quot;type&quot;:&quot;cta&quot;}}\" target=\"_blank\">Mon Actu<\/a>.<\/p>\n","protected":false},"excerpt":{"rendered":"Par Thomas Blanc Publi\u00e9 le 4 sept. 2026 \u00e0 9h38 Depuis le d\u00e9but du mois de mai, le&hellip;\n","protected":false},"author":2,"featured_media":1166453,"comment_status":"","ping_status":"","sticky":false,"template":"","format":"standard","meta":{"footnotes":"","_share_on_mastodon":"0"},"categories":[2820],"tags":[1111,11,215,1777,674,1011,27,775,12,25,104,640,2086],"class_list":["post-1166452","post","type-post","status-publish","format-standard","has-post-thumbnail","category-strasbourg","tag-actu","tag-actualites","tag-commerce","tag-eu","tag-europe","tag-fr","tag-france","tag-grand-est","tag-news","tag-republique-francaise","tag-societe","tag-strasbourg","tag-travaux"],"share_on_mastodon":{"url":"https:\/\/pubeurope.com\/@fr\/117211669804993460","error":""},"_links":{"self":[{"href":"https:\/\/www.europesays.com\/fr\/wp-json\/wp\/v2\/posts\/1166452","targetHints":{"allow":["GET"]}}],"collection":[{"href":"https:\/\/www.europesays.com\/fr\/wp-json\/wp\/v2\/posts"}],"about":[{"href":"https:\/\/www.europesays.com\/fr\/wp-json\/wp\/v2\/types\/post"}],"author":[{"embeddable":true,"href":"https:\/\/www.europesays.com\/fr\/wp-json\/wp\/v2\/users\/2"}],"replies":[{"embeddable":true,"href":"https:\/\/www.europesays.com\/fr\/wp-json\/wp\/v2\/comments?post=1166452"}],"version-history":[{"count":0,"href":"https:\/\/www.europesays.com\/fr\/wp-json\/wp\/v2\/posts\/1166452\/revisions"}],"wp:featuredmedia":[{"embeddable":true,"href":"https:\/\/www.europesays.com\/fr\/wp-json\/wp\/v2\/media\/1166453"}],"wp:attachment":[{"href":"https:\/\/www.europesays.com\/fr\/wp-json\/wp\/v2\/media?parent=1166452"}],"wp:term":[{"taxonomy":"category","embeddable":true,"href":"https:\/\/www.europesays.com\/fr\/wp-json\/wp\/v2\/categories?post=1166452"},{"taxonomy":"post_tag","embeddable":true,"href":"https:\/\/www.europesays.com\/fr\/wp-json\/wp\/v2\/tags?post=1166452"}],"curies":[{"name":"wp","href":"https:\/\/api.w.org\/{rel}","templated":true}]}}