{"id":1166458,"date":"2026-09-04T07:51:09","date_gmt":"2026-09-04T07:51:09","guid":{"rendered":"https:\/\/www.europesays.com\/fr\/1166458\/"},"modified":"2026-09-04T07:51:09","modified_gmt":"2026-09-04T07:51:09","slug":"utopiales-2026-le-festival-de-science-fiction-de-nantes-ouvre-de-nouvelles-perspectives-et","status":"publish","type":"post","link":"https:\/\/www.europesays.com\/fr\/1166458\/","title":{"rendered":"Utopiales 2026. Le festival de science-fiction de Nantes ouvre \u00ab\u00a0de nouvelles perspectives\u00a0\u00bb et"},"content":{"rendered":"<p><a href=\"https:\/\/nantes.maville.com\/actu\/actudet_-utopiales-2026-la-nouvelle-affiche-du-festival-de-science-fiction-renverse-nantes-et-melange-les-perspectives_52716-7454727_actu.Htm\" target=\"_self\" rel=\"nofollow noopener\">L\u2019affiche de l\u2019\u00e9dition 2026 imagin\u00e9e par L\u00e9a Murawiec proposait d\u00e9j\u00e0 une vue renversante de Nantes<\/a>. De quoi annoncer la th\u00e9matique de cette nouvelle \u00e9dition des Utopiales\u00a0: les \u00ab\u00a0perspectives\u00a0\u00bb. Du 29 octobre au 1er novembre 2026, \u00e0 Nantes, le grand festival de la science-fiction invitera scientifiques, cr\u00e9ateurs, illustrateurs, artistes, auteurs pour explorer les multiples facettes du r\u00e9el et envisager collectivement l\u2019avenir \u00bb.<\/p>\n<\/p>\n<p>Plus de 200 invit\u00e9s sont annonc\u00e9s. La perspective d\u00e9signe \u00e0 la fois une technique de repr\u00e9sentation spatiale, une esth\u00e9tique du paysage, une succession d\u2019\u00e9v\u00e9nements probables et un prisme de lecture du r\u00e9el, explique le communiqu\u00e9 de pr\u00e9sentation du jeudi 3 septembre 2026. La science-fiction utilise ce concept pour d\u00e9stabiliser nos perceptions.<\/p>\n<p>Une \u00e9dition ancr\u00e9e dans son quartier<\/p>\n<p>La 27e \u00e9dition des Utopiales occupera de nouveaux espaces <a href=\"https:\/\/nantes.maville.com\/actu\/actudet_-la-cite-des-congres-de-nantes-en-travaux-sera-remplacee-par-une-nouvelle-salle-de-3000-places-_8-7325878_actu.Htm\" target=\"_self\" rel=\"nofollow noopener\">\u00e0 cause des travaux de r\u00e9novation du Grand auditorium de la Cit\u00e9 des Congr\u00e8s de Nantes<\/a>. Celle de 2027 d\u00e9m\u00e9nagera d\u2019ailleurs au quartier de la Cr\u00e9ation, sur l\u2019\u00eele de Nantes, pour un rendez-vous \u00ab\u00a0hors les murs\u00a0\u00bb.<\/p>\n<\/p>\n<p>Pour 2026, un espace jeux vid\u00e9o sera am\u00e9nag\u00e9 aux ateliers de Bitche. Le bus science Tech\u2019nomad stationnera rue de Valmy. L\u2019Espace CIC Ouest h\u00e9bergera une exposition des travaux des \u00e9tudiants de la Fab\u2019Academy.\u00a0Les festivaliers pourront accueillir au Lieu Unique et \u00e0 l\u2019Espace CIC Ouest.\u00a0Des ballades sonores seront propos\u00e9es aux abords de la Cit\u00e9 des Congr\u00e8s.<\/p>\n<p>Billetterie le 10\u00a0septembre<\/p>\n<p>La billetterie des Utopiales ouvrira le jeudi 10\u00a0septembre 2026 sur le site du festival\u00a0(<a href=\"https:\/\/www.utopiales.org\/\" target=\"_parent\" rel=\"nofollow noopener\">par ici<\/a>). Une billetterie externalis\u00e9e sera am\u00e9nag\u00e9e en face de la Cit\u00e9 des Congr\u00e8s de Nantes.<\/p>\n<p>\u00a0<\/p>\n","protected":false},"excerpt":{"rendered":"L\u2019affiche de l\u2019\u00e9dition 2026 imagin\u00e9e par L\u00e9a Murawiec proposait d\u00e9j\u00e0 une vue renversante de Nantes. De quoi annoncer&hellip;\n","protected":false},"author":2,"featured_media":1166459,"comment_status":"","ping_status":"","sticky":false,"template":"","format":"standard","meta":{"footnotes":"","_share_on_mastodon":"0"},"categories":[2818],"tags":[5734,1111,11,1777,674,849,1011,27,9692,766,12,2845,1113,21700,10102,2636,48106,25,2510,24648],"class_list":["post-1166458","post","type-post","status-publish","format-standard","has-post-thumbnail","category-nantes","tag-5734","tag-actu","tag-actualites","tag-eu","tag-europe","tag-festival","tag-fr","tag-france","tag-lieux","tag-nantes","tag-news","tag-nouveaux","tag-nouvelles","tag-occupe","tag-ouvre","tag-pays-de-la-loire","tag-perspectives","tag-republique-francaise","tag-science-fiction","tag-utopiales"],"share_on_mastodon":{"url":"https:\/\/pubeurope.com\/@fr\/117211685447873949","error":""},"_links":{"self":[{"href":"https:\/\/www.europesays.com\/fr\/wp-json\/wp\/v2\/posts\/1166458","targetHints":{"allow":["GET"]}}],"collection":[{"href":"https:\/\/www.europesays.com\/fr\/wp-json\/wp\/v2\/posts"}],"about":[{"href":"https:\/\/www.europesays.com\/fr\/wp-json\/wp\/v2\/types\/post"}],"author":[{"embeddable":true,"href":"https:\/\/www.europesays.com\/fr\/wp-json\/wp\/v2\/users\/2"}],"replies":[{"embeddable":true,"href":"https:\/\/www.europesays.com\/fr\/wp-json\/wp\/v2\/comments?post=1166458"}],"version-history":[{"count":0,"href":"https:\/\/www.europesays.com\/fr\/wp-json\/wp\/v2\/posts\/1166458\/revisions"}],"wp:featuredmedia":[{"embeddable":true,"href":"https:\/\/www.europesays.com\/fr\/wp-json\/wp\/v2\/media\/1166459"}],"wp:attachment":[{"href":"https:\/\/www.europesays.com\/fr\/wp-json\/wp\/v2\/media?parent=1166458"}],"wp:term":[{"taxonomy":"category","embeddable":true,"href":"https:\/\/www.europesays.com\/fr\/wp-json\/wp\/v2\/categories?post=1166458"},{"taxonomy":"post_tag","embeddable":true,"href":"https:\/\/www.europesays.com\/fr\/wp-json\/wp\/v2\/tags?post=1166458"}],"curies":[{"name":"wp","href":"https:\/\/api.w.org\/{rel}","templated":true}]}}