{"id":1166460,"date":"2026-09-04T07:52:20","date_gmt":"2026-09-04T07:52:20","guid":{"rendered":"https:\/\/www.europesays.com\/fr\/1166460\/"},"modified":"2026-09-04T07:52:20","modified_gmt":"2026-09-04T07:52:20","slug":"nantes-un-moniteur-dauto-ecole-mis-en-examen-pour-agressions-sexuelles-presumees","status":"publish","type":"post","link":"https:\/\/www.europesays.com\/fr\/1166460\/","title":{"rendered":"Nantes : un moniteur d&rsquo;auto-\u00e9cole mis en examen pour agressions sexuelles pr\u00e9sum\u00e9es"},"content":{"rendered":"<p><img decoding=\"async\" class=\"\" style=\"width:100%;max-width:100%\" src=\"https:\/\/www.europesays.com\/fr\/wp-content\/uploads\/2026\/09\/auto_ecole1759125428771-format16by9.png\" alt=\"Auto-ecole\"\/><\/p>\n<p>Cr\u00e9dit : Illustration Envato &#8211; DR<\/p>\n<p style=\"text-align: justify;\">Mains baladeuses sur la cuisse, demandes de photos par SMS ou encore tentatives pour embrasser de jeunes \u00e9l\u00e8ves lors de cours de conduite. Selon les informations de <a href=\"https:\/\/www.ouest-france.fr\/faits-divers\/agression-sexuelle\/un-moniteur-dauto-ecole-place-en-garde-a-vue-pour-des-agressions-sexuelles-sur-ses-eleves-pres-de-nantes-65c620d8-a7a9-11f1-95a1-d7cb1b3759ac\" rel=\"noopener nofollow\" target=\"_blank\">Presse Oc\u00e9an et Ouest-France<\/a>, <strong>six jeunes femmes, dont certaines mineures<\/strong>, ont <strong>port\u00e9 plainte c<\/strong>ontre un moniteur d&rsquo;auto-\u00e9cole \u00e0 Carquefou.<\/p>\n<p style=\"text-align: justify;\">La premi\u00e8re plainte date de 2024, mais <strong>les faits reproch\u00e9s couvrent une p\u00e9riode de cinq ans, entre 2015 et 2020<\/strong>.<\/p>\n<p style=\"text-align: justify;\">\u00a0<\/p>\n<p>Le suspect mis en examen<\/p>\n<p style=\"text-align: justify;\">L&rsquo;homme de <strong>47 ans<\/strong>, qui a continu\u00e9 d&rsquo;exercer dans la r\u00e9gion nantaise, a \u00e9t\u00e9 plac\u00e9 en garde \u00e0 vue en d\u00e9but de semaine. Ce jeudi 3 septembre, il a \u00e9t\u00e9 <strong>mis en examen pour agressions sexuelles<\/strong> par personne ayant autorit\u00e9, <strong>corruption de mineurs et harc\u00e8lement<\/strong>.<\/p>\n<p style=\"text-align: justify;\">S&rsquo;il <strong>reconnait \u00ab\u00a0des propos d\u00e9plac\u00e9s\u00a0\u00bb<\/strong>, le moniteur d&rsquo;auto-\u00e9cole<strong> nie le reste des faits reproch\u00e9s<\/strong>, selon les informations de Presse Oc\u00e9an et Ouest-France.<\/p>\n<p style=\"text-align: justify;\">Le suspect a \u00e9t\u00e9 lib\u00e9r\u00e9 et <strong>plac\u00e9 sous contr\u00f4le judiciaire <\/strong>en attendant d&rsquo;\u00eatre jug\u00e9. Le parquet de Nantes a <strong>requis une interdiction d&rsquo;exercer son activit\u00e9 professionnelle<\/strong>.<\/p>\n","protected":false},"excerpt":{"rendered":"Cr\u00e9dit : Illustration Envato &#8211; DR Mains baladeuses sur la cuisse, demandes de photos par SMS ou encore&hellip;\n","protected":false},"author":2,"featured_media":1166461,"comment_status":"","ping_status":"","sticky":false,"template":"","format":"standard","meta":{"footnotes":"","_share_on_mastodon":"0"},"categories":[2818],"tags":[1111,11,1401,72905,3862,45338,1777,674,1011,27,76986,120396,766,12,2636,19267,57652,120397,25],"class_list":["post-1166460","post","type-post","status-publish","format-standard","has-post-thumbnail","category-nantes","tag-actu","tag-actualites","tag-agressions-sexuelles","tag-auto-ecole","tag-carquefou","tag-cours-de-conduite","tag-eu","tag-europe","tag-fr","tag-france","tag-moniteur","tag-moniteur-auto-ecole","tag-nantes","tag-news","tag-pays-de-la-loire","tag-plaintes","tag-plaintes-deposees","tag-propos-deplaces","tag-republique-francaise"],"share_on_mastodon":{"url":"https:\/\/pubeurope.com\/@fr\/117211691493507417","error":""},"_links":{"self":[{"href":"https:\/\/www.europesays.com\/fr\/wp-json\/wp\/v2\/posts\/1166460","targetHints":{"allow":["GET"]}}],"collection":[{"href":"https:\/\/www.europesays.com\/fr\/wp-json\/wp\/v2\/posts"}],"about":[{"href":"https:\/\/www.europesays.com\/fr\/wp-json\/wp\/v2\/types\/post"}],"author":[{"embeddable":true,"href":"https:\/\/www.europesays.com\/fr\/wp-json\/wp\/v2\/users\/2"}],"replies":[{"embeddable":true,"href":"https:\/\/www.europesays.com\/fr\/wp-json\/wp\/v2\/comments?post=1166460"}],"version-history":[{"count":0,"href":"https:\/\/www.europesays.com\/fr\/wp-json\/wp\/v2\/posts\/1166460\/revisions"}],"wp:featuredmedia":[{"embeddable":true,"href":"https:\/\/www.europesays.com\/fr\/wp-json\/wp\/v2\/media\/1166461"}],"wp:attachment":[{"href":"https:\/\/www.europesays.com\/fr\/wp-json\/wp\/v2\/media?parent=1166460"}],"wp:term":[{"taxonomy":"category","embeddable":true,"href":"https:\/\/www.europesays.com\/fr\/wp-json\/wp\/v2\/categories?post=1166460"},{"taxonomy":"post_tag","embeddable":true,"href":"https:\/\/www.europesays.com\/fr\/wp-json\/wp\/v2\/tags?post=1166460"}],"curies":[{"name":"wp","href":"https:\/\/api.w.org\/{rel}","templated":true}]}}