{"id":1166474,"date":"2026-09-04T08:01:27","date_gmt":"2026-09-04T08:01:27","guid":{"rendered":"https:\/\/www.europesays.com\/fr\/1166474\/"},"modified":"2026-09-04T08:01:27","modified_gmt":"2026-09-04T08:01:27","slug":"maire-le-chic-balneaire-toutma","status":"publish","type":"post","link":"https:\/\/www.europesays.com\/fr\/1166474\/","title":{"rendered":"MA\u00cfRE, le chic baln\u00e9aire &#8211; Toutma"},"content":{"rendered":"<p>\tMA\u00cfRE, le chic baln\u00e9aire &#8211; Toutma<\/p>\n<p>&#13;<br \/>\n&#13;<\/p>\n<p>&#13;<br \/>\n\t\t&#13;<\/p>\n<p>Nous utilisons des cookies pour vous garantir la meilleure exp\u00e9rience sur notre site web. Si vous continuez \u00e0 utiliser ce site, nous supposerons que vous en \u00eates satisfait.OK<\/p>\n<p>\t\t&#13;<\/p>\n","protected":false},"excerpt":{"rendered":"MA\u00cfRE, le chic baln\u00e9aire &#8211; Toutma &#13; &#13; &#13; &#13; Nous utilisons des cookies pour vous garantir la&hellip;\n","protected":false},"author":2,"featured_media":1166475,"comment_status":"","ping_status":"","sticky":false,"template":"","format":"standard","meta":{"footnotes":"","_share_on_mastodon":"0"},"categories":[2814],"tags":[1111,11,60439,1777,674,1011,27,24404,884,101128,12,882,25,68010,120398,115631],"class_list":["post-1166474","post","type-post","status-publish","format-standard","has-post-thumbnail","category-marseille","tag-actu","tag-actualites","tag-bonne-adresse-marseille","tag-eu","tag-europe","tag-fr","tag-france","tag-maillot-de-bain","tag-marseille","tag-mode-marseille","tag-news","tag-provence-alpes-cote-dazur","tag-republique-francaise","tag-shopping-marseille","tag-showroom-mode-marseille","tag-swimwear"],"share_on_mastodon":{"url":"https:\/\/pubeurope.com\/@fr\/117211724848621595","error":""},"_links":{"self":[{"href":"https:\/\/www.europesays.com\/fr\/wp-json\/wp\/v2\/posts\/1166474","targetHints":{"allow":["GET"]}}],"collection":[{"href":"https:\/\/www.europesays.com\/fr\/wp-json\/wp\/v2\/posts"}],"about":[{"href":"https:\/\/www.europesays.com\/fr\/wp-json\/wp\/v2\/types\/post"}],"author":[{"embeddable":true,"href":"https:\/\/www.europesays.com\/fr\/wp-json\/wp\/v2\/users\/2"}],"replies":[{"embeddable":true,"href":"https:\/\/www.europesays.com\/fr\/wp-json\/wp\/v2\/comments?post=1166474"}],"version-history":[{"count":0,"href":"https:\/\/www.europesays.com\/fr\/wp-json\/wp\/v2\/posts\/1166474\/revisions"}],"wp:featuredmedia":[{"embeddable":true,"href":"https:\/\/www.europesays.com\/fr\/wp-json\/wp\/v2\/media\/1166475"}],"wp:attachment":[{"href":"https:\/\/www.europesays.com\/fr\/wp-json\/wp\/v2\/media?parent=1166474"}],"wp:term":[{"taxonomy":"category","embeddable":true,"href":"https:\/\/www.europesays.com\/fr\/wp-json\/wp\/v2\/categories?post=1166474"},{"taxonomy":"post_tag","embeddable":true,"href":"https:\/\/www.europesays.com\/fr\/wp-json\/wp\/v2\/tags?post=1166474"}],"curies":[{"name":"wp","href":"https:\/\/api.w.org\/{rel}","templated":true}]}}