{"id":1166476,"date":"2026-09-04T08:03:29","date_gmt":"2026-09-04T08:03:29","guid":{"rendered":"https:\/\/www.europesays.com\/fr\/1166476\/"},"modified":"2026-09-04T08:03:29","modified_gmt":"2026-09-04T08:03:29","slug":"le-metal-et-le-tarot-de-marseille-mis-en-avant-a-loccasion-de-la-20e-edition-des-expositions-au-manoir-de-couesme","status":"publish","type":"post","link":"https:\/\/www.europesays.com\/fr\/1166476\/","title":{"rendered":"Le m\u00e9tal et le Tarot de Marseille mis en avant \u00e0 l\u2019occasion de la 20e \u00e9dition des expositions au manoir de Couesme"},"content":{"rendered":"<p>                    Par<br \/>\n        <strong><br \/>\n            <a href=\"https:\/\/actu.fr\/auteur\/journaliste-oh\" title=\"Consulter tous les articles de R\u00e9daction Alen\u00e7on\" rel=\"nofollow noopener\" target=\"_blank\">R\u00e9daction Alen\u00e7on<\/a><br \/>\n                    <\/strong><\/p>\n<p>        Publi\u00e9 le<\/p>\n<p>            4 sept. 2026 \u00e0 9h12        <\/p>\n<p>Pour la <b>20e \u00e9dition des expositions au manoir de Couesme<\/b>, \u00e0 Ancinnes (<a href=\"https:\/\/actu.fr\/les-alpes-mancelles\/\" rel=\"nofollow noopener\" target=\"_blank\">Sarthe<\/a>), pr\u00e9vue du <b>4 au 27\u00a0septembre 2026<\/b>, Pierre Alleaume, le pr\u00e9sident de l\u2019association des Amis du manoir de Couesme, pr\u00e9sente deux artistes sarthois\u2009: le sculpteur Aimeric Vall\u00e9e et la peintre Elvire Antonmattei.<\/p>\n<p>\u00ab\u2009Le bien comme un\u2009\u00bb<\/p>\n<p class=\" wall-content\">Aimeric Vall\u00e9e a cette particularit\u00e9 de ne pas se reconna\u00eetre comme ferronnier d\u2019art ou sculpteur m\u00e9tal. \u00ab\u2009Comme beaucoup de personnes, je suis artiste\u2009\u00bb. L\u2019artiste donc, pr\u00e9sente des r\u00e9alisations oniriques et alchimiques et joue avec les mots pour chacune de ses \u0153uvres. \u00ab\u2009Mes th\u00e8mes de pr\u00e9dilection sont <b>la nature et le bien comme un<\/b>\u2009\u00bb.<\/p>\n<p class=\" wall-content\">N\u00e9 \u00e0 Nantes (Loire-Atlantique) en 1973, il s\u2019est install\u00e9 dans une ancienne chapelle d\u2019une petite commune sarthoise. Il aime la nature et les animaux et <b>expose dans son atelier<\/b> au lieu-dit Saint-Fraimbault \u00e0 <b>Saint-Georges de la Cou\u00e9e (Sarthe)<\/b>.<\/p>\n<p>Les pr\u00e9dateurs<\/p>\n<p class=\" wall-content\">Elvire Antonmattei est d\u2019origine corse. Elle a rejoint Paris comme assistante de direction dans un cabinet d\u2019architecte. \u00ab\u2009J\u2019ai une <b>v\u00e9ritable passion pour les arts plastiques<\/b> et j\u2019ai suivi une formation avec un <b>stage au Louvre<\/b>\u2009\u00bb, pr\u00e9cise-t-elle.<\/p>\n<p class=\" wall-content\">Arriv\u00e9e en <b>Sarthe en 2016<\/b>, l\u2019artiste se reconvertit. \u00ab\u2009J\u2019ai enseign\u00e9 dans des associations, en milieu scolaire et depuis peu, j\u2019ai <b>mon propre atelier <\/b>dans le vieux Mans\u2009\u00bb.<\/p>\n<p class=\" wall-content\">Sa passion pour les f\u00e9lins, les rapaces et les pr\u00e9dateurs lui sert de support pour ses toiles. \u00ab\u2009Ils sont la force et la gr\u00e2ce\u2009\u00bb.<\/p>\n<p>Vid\u00e9os : en ce moment sur Actu<\/p>\n<p class=\" wall-content\">Elvire a d\u00e9couvert, par hasard, la signification <b>des cartes du Tarot de Marseille<\/b>. \u00ab\u2009Pas en tant qu\u2019outil servant \u00e0 la divination mais plut\u00f4t \u00e0 <b>l\u2019histoire du symbole de chaque carte<\/b> o\u00f9 on retrouve des animaux.\u00a0Le tarot correspond \u00e0 la construction d\u2019un ensemble symbolique dont la vocation est de d\u00e9velopper un travail de<b> connaissance de l\u2019\u00e2me et de comprendre les cycles<\/b>\u2009\u00bb.<\/p>\n<p>La 20e exposition est visible du 4 au 27\u00a0septembre 2026 au manoir de Couesme, \u00e0 Ancinnes (Sarthe). Vernissage vendredi 4\u00a0septembre 2026 \u00e0 19\u2009h. R\u00e9servation au 06\u200982\u200955\u200949\u200921 ou <a href=\"https:\/\/actu.fr\/cdn-cgi\/l\/email-protection\" class=\"__cf_email__\" data-cfemail=\"3f4f605e53535a5e4a525a7f504d5e51585a11594d\" rel=\"nofollow noopener\" target=\"_blank\">[email\u00a0protected]<\/a>. Le manoir est ouvert lors des Journ\u00e9es du patrimoine, samedi\u00a019 et dimanche 20\u00a0septembre 2026, avec visite guid\u00e9e du site.<\/p>\n<p class=\" wall-content\">Personnalisez votre actualit\u00e9 en ajoutant vos villes et m\u00e9dias en favori avec <a href=\"https:\/\/moncompte.actu.fr\" title=\"D\u00e9couvez Mon Actu\" rel=\"nofollow noopener\" data-trk=\"{&quot;cta&quot;:{&quot;action&quot;:&quot;https:\\\/\\\/moncompte.actu.fr&quot;,&quot;category&quot;:&quot;mon compte&quot;,&quot;from&quot;:&quot;article footer&quot;,&quot;name&quot;:&quot;Mon actu&quot;,&quot;type&quot;:&quot;cta&quot;}}\" target=\"_blank\">Mon Actu<\/a>.<\/p>\n","protected":false},"excerpt":{"rendered":"Par R\u00e9daction Alen\u00e7on Publi\u00e9 le 4 sept. 2026 \u00e0 9h12 Pour la 20e \u00e9dition des expositions au manoir&hellip;\n","protected":false},"author":2,"featured_media":1166477,"comment_status":"","ping_status":"","sticky":false,"template":"","format":"standard","meta":{"footnotes":"","_share_on_mastodon":"0"},"categories":[2814],"tags":[1111,11,1477,1777,674,1349,1011,27,1652,884,12,882,25],"class_list":["post-1166476","post","type-post","status-publish","format-standard","has-post-thumbnail","category-marseille","tag-actu","tag-actualites","tag-artisanat","tag-eu","tag-europe","tag-expositions","tag-fr","tag-france","tag-loisirs-culture","tag-marseille","tag-news","tag-provence-alpes-cote-dazur","tag-republique-francaise"],"share_on_mastodon":{"url":"https:\/\/pubeurope.com\/@fr\/117211732765089285","error":""},"_links":{"self":[{"href":"https:\/\/www.europesays.com\/fr\/wp-json\/wp\/v2\/posts\/1166476","targetHints":{"allow":["GET"]}}],"collection":[{"href":"https:\/\/www.europesays.com\/fr\/wp-json\/wp\/v2\/posts"}],"about":[{"href":"https:\/\/www.europesays.com\/fr\/wp-json\/wp\/v2\/types\/post"}],"author":[{"embeddable":true,"href":"https:\/\/www.europesays.com\/fr\/wp-json\/wp\/v2\/users\/2"}],"replies":[{"embeddable":true,"href":"https:\/\/www.europesays.com\/fr\/wp-json\/wp\/v2\/comments?post=1166476"}],"version-history":[{"count":0,"href":"https:\/\/www.europesays.com\/fr\/wp-json\/wp\/v2\/posts\/1166476\/revisions"}],"wp:featuredmedia":[{"embeddable":true,"href":"https:\/\/www.europesays.com\/fr\/wp-json\/wp\/v2\/media\/1166477"}],"wp:attachment":[{"href":"https:\/\/www.europesays.com\/fr\/wp-json\/wp\/v2\/media?parent=1166476"}],"wp:term":[{"taxonomy":"category","embeddable":true,"href":"https:\/\/www.europesays.com\/fr\/wp-json\/wp\/v2\/categories?post=1166476"},{"taxonomy":"post_tag","embeddable":true,"href":"https:\/\/www.europesays.com\/fr\/wp-json\/wp\/v2\/tags?post=1166476"}],"curies":[{"name":"wp","href":"https:\/\/api.w.org\/{rel}","templated":true}]}}