{"id":1166505,"date":"2026-09-04T08:23:54","date_gmt":"2026-09-04T08:23:54","guid":{"rendered":"https:\/\/www.europesays.com\/fr\/1166505\/"},"modified":"2026-09-04T08:23:54","modified_gmt":"2026-09-04T08:23:54","slug":"la-retraite-a-60-ans-promise-par-le-rn-pour-les-carrieres-longues-profiterait-elle-vraiment-a-la-france-qui-se-leve-tot","status":"publish","type":"post","link":"https:\/\/www.europesays.com\/fr\/1166505\/","title":{"rendered":"La retraite \u00e0 60 ans promise par le RN pour les \u00abcarri\u00e8res longues\u00bb profiterait-elle vraiment \u00e0 \u00abla France qui se l\u00e8ve t\u00f4t\u00bb ?"},"content":{"rendered":"<p>\n    <strong>D\u00c9CRYPTAGE &#8211;<\/strong> Dans le projet de Marine Le Pen, les actifs entr\u00e9s t\u00f4t sur le march\u00e9 du travail b\u00e9n\u00e9ficieraient d\u2019un double avantage\u00a0: un d\u00e9part anticip\u00e9, mais aussi une dur\u00e9e de cotisation ramen\u00e9e \u00e0 40 annuit\u00e9s. Une mesure qui vise \u00e0 am\u00e9liorer le sort des travailleurs les plus pr\u00e9caires.<\/p>\n<p class=\"fig-paragraph\">\u00abAssumons des choix de soci\u00e9t\u00e9. Moi, je les assume.\u00bb Face \u00e0 ses adversaires putatifs \u00e0 l\u2019\u00e9lection pr\u00e9sidentielle et devant un parterre de chefs d\u2019entreprise, jeudi 27 ao\u00fbt, la candidate du Rassemblement national (RN)\u00a0<a href=\"http:\/\/www.lefigaro.fr\/elections\/presidentielles\/presidentielle-2027-le-plan-de-rentree-contrarie-de-marine-le-pen-20260901\" data-fig-type=\"Article\" data-gtm-custom-categorie=\"navigation\" data-gtm-custom-action=\"crossclick\" data-gtm-custom-label=\"Contextuel\" data-gtm-event=\"customEventSPE\" data-fig-domain=\"LEFIGARO\" rel=\"nofollow noopener\" target=\"_blank\">Marine le Pen a r\u00e9affirm\u00e9<\/a>\u00a0l\u2019un de ses engagements phares\u00a0: abaisser l\u2019\u00e2ge l\u00e9gal de d\u00e9part \u00e0 la retraite \u00e0 62 ans, et m\u00eame \u00e0 60 ans pour les actifs entr\u00e9s dans la vie professionnelle avant 20 ans. \u00c9rig\u00e9es en symbole de \u00abla France qui se l\u00e8ve t\u00f4t\u00bb, les \u00abcarri\u00e8res longues\u00bb b\u00e9n\u00e9ficieraient d\u2019un double avantage\u00a0: un d\u00e9part anticip\u00e9, mais aussi\u00a0<a href=\"http:\/\/www.lefigaro.fr\/elections\/presidentielles\/on-sort-du-cadre-habituel-pourquoi-la-poussee-de-marine-le-pen-chez-les-retraites-traduit-une-bascule-politique-avant-2027-20260804\" data-fig-type=\"Article\" data-gtm-custom-categorie=\"navigation\" data-gtm-custom-action=\"crossclick\" data-gtm-custom-label=\"Contextuel\" data-gtm-event=\"customEventSPE\" data-fig-domain=\"LEFIGARO\" rel=\"nofollow noopener\" target=\"_blank\">une dur\u00e9e de cotisation ramen\u00e9e \u00e0 40 annuit\u00e9s<\/a>, contre 43 aujourd\u2019hui. Derri\u00e8re ces faveurs, la promesse, port\u00e9e par la triple candidate \u00e0 l\u2019\u00c9lys\u00e9e, de privil\u00e9gier la \u00abjustice sociale\u00bb aux seuls \u00e9quilibres comptables.<\/p>\n<p class=\"fig-paragraph\">Reste une question centrale, au-del\u00e0 du co\u00fbt d\u2019une telle r\u00e9forme\u00a0: le dispositif de d\u00e9part en retraite anticip\u00e9 d\u00e9fendu par le parti \u00e0 la flamme am\u00e9liorerait-il r\u00e9ellement le sort des travailleurs les plus pr\u00e9caires\u00a0?<\/p>\n<p class=\"fig-premium-paywall__infos\">\n        Cet article est r\u00e9serv\u00e9 aux abonn\u00e9s.        Il vous reste 85% \u00e0 d\u00e9couvrir.\n    <\/p>\n<p>                <img  data- alt=\"Le Figaro\" class=\"fig-img--complete fig-img\"\/><\/p>\n<p class=\"fig-premium-paywall__title\">Vente Flash<\/p>\n<p class=\"fig-premium-paywall__subtitle\">-70% sur votre abonnement. Sans engagement.<\/p>\n<p class=\"fig-premium-paywall__connect\">\n                D\u00e9j\u00e0 abonn\u00e9\u00a0?                <a class=\"fig-premium-paywall__connect-link\" href=\"https:\/\/connect.lefigaro.fr\/login?client=horizon_web&amp;type=main&amp;redirect_uri=https%3A%2F%2Fwww.lefigaro.fr%2Fsocial%2Fla-retraite-a-60-ans-promise-par-le-rn-pour-les-carrieres-longues-profiterait-elle-vraiment-a-la-france-qui-se-leve-tot-20260904\" data-js-gtm=\"{&quot;event&quot;:&quot;customEventGA4&quot;,&quot;eventName&quot;:&quot;click_action&quot;,&quot;feature&quot;:&quot;paywall&quot;,&quot;location&quot;:&quot;paywall&quot;,&quot;button_action&quot;:&quot;connect&quot;,&quot;click_text&quot;:&quot;Connectez-vous&quot;}\" rel=\"nofollow noopener\" target=\"_blank\"><br \/>\n                    Connectez-vous<br \/>\n                <\/a>\n            <\/p>\n","protected":false},"excerpt":{"rendered":"D\u00c9CRYPTAGE &#8211; Dans le projet de Marine Le Pen, les actifs entr\u00e9s t\u00f4t sur le march\u00e9 du travail&hellip;\n","protected":false},"author":2,"featured_media":1166506,"comment_status":"","ping_status":"","sticky":false,"template":"","format":"standard","meta":{"footnotes":"","_share_on_mastodon":"0"},"categories":[2],"tags":[11,1011,27,430,12,3766,25,137],"class_list":["post-1166505","post","type-post","status-publish","format-standard","has-post-thumbnail","category-actualites","tag-actualites","tag-fr","tag-france","tag-marine-le-pen","tag-news","tag-presidentielle","tag-republique-francaise","tag-retraite"],"share_on_mastodon":{"url":"https:\/\/pubeurope.com\/@fr\/117211815412531698","error":""},"_links":{"self":[{"href":"https:\/\/www.europesays.com\/fr\/wp-json\/wp\/v2\/posts\/1166505","targetHints":{"allow":["GET"]}}],"collection":[{"href":"https:\/\/www.europesays.com\/fr\/wp-json\/wp\/v2\/posts"}],"about":[{"href":"https:\/\/www.europesays.com\/fr\/wp-json\/wp\/v2\/types\/post"}],"author":[{"embeddable":true,"href":"https:\/\/www.europesays.com\/fr\/wp-json\/wp\/v2\/users\/2"}],"replies":[{"embeddable":true,"href":"https:\/\/www.europesays.com\/fr\/wp-json\/wp\/v2\/comments?post=1166505"}],"version-history":[{"count":0,"href":"https:\/\/www.europesays.com\/fr\/wp-json\/wp\/v2\/posts\/1166505\/revisions"}],"wp:featuredmedia":[{"embeddable":true,"href":"https:\/\/www.europesays.com\/fr\/wp-json\/wp\/v2\/media\/1166506"}],"wp:attachment":[{"href":"https:\/\/www.europesays.com\/fr\/wp-json\/wp\/v2\/media?parent=1166505"}],"wp:term":[{"taxonomy":"category","embeddable":true,"href":"https:\/\/www.europesays.com\/fr\/wp-json\/wp\/v2\/categories?post=1166505"},{"taxonomy":"post_tag","embeddable":true,"href":"https:\/\/www.europesays.com\/fr\/wp-json\/wp\/v2\/tags?post=1166505"}],"curies":[{"name":"wp","href":"https:\/\/api.w.org\/{rel}","templated":true}]}}