{"id":116651,"date":"2025-05-21T10:42:07","date_gmt":"2025-05-21T10:42:07","guid":{"rendered":"https:\/\/www.europesays.com\/fr\/116651\/"},"modified":"2025-05-21T10:42:07","modified_gmt":"2025-05-21T10:42:07","slug":"voici-tout-ce-que-lon-sait","status":"publish","type":"post","link":"https:\/\/www.europesays.com\/fr\/116651\/","title":{"rendered":"voici tout ce que l&rsquo;on sait"},"content":{"rendered":"<p>            Par<br \/>\n        <strong><br \/>\n            <a href=\"https:\/\/actu.fr\/auteur\/ugo-maillard\" title=\"Consulter tous les articles de Ugo Maillard\" rel=\"nofollow noopener\" target=\"_blank\">Ugo Maillard<\/a><br \/>\n        <\/strong><\/p>\n<p>        Publi\u00e9 le<\/p>\n<p>            21 mai 2025 \u00e0 12h19        <\/p>\n<p><strong>INFO ACTU NICE<\/strong>. Seulement quelques semaines apr\u00e8s l\u2019ouverture du restaurant de l\u2019avenue Jean-M\u00e9decin, l\u2019enseigne de fast-food <strong>Quick<\/strong> s\u2019appr\u00eate \u00e0 ouvrir un <strong>deuxi\u00e8me<\/strong> \u00e9tablissement \u00e0 Nice (<a href=\"https:\/\/actu.fr\/provence-alpes-cote-d-azur\/alpes-maritimes_06\" rel=\"nofollow noopener\" target=\"_blank\">Alpes-Maritimes<\/a>).<\/p>\n<p class=\" wall-content\">De sources concordantes, <a href=\"https:\/\/actu.fr\/nice\/\" rel=\"nofollow noopener\" target=\"_blank\">actu Nice<\/a> est en capacit\u00e9 d\u2019affirmer qu\u2019un restaurant Quick va ouvrir dans le secteur Lingosti\u00e8re, \u00e0 l\u2019ouest de la ville.<\/p>\n<p class=\" wall-content\">Voici ce que l\u2019on sait sur le second point de vente du d\u00e9partement.<\/p>\n<p>Un premier restaurant qui cartonne<\/p>\n<p class=\" wall-content\">Le retour de Quick \u00e9tait attendu par les Ni\u00e7ois. Lors de son ouverture le 24\u00a0avril 2025, des centaines de clients ont <a href=\"https:\/\/actu.fr\/provence-alpes-cote-d-azur\/nice_06088\/quick-ouvre-a-nice-le-restaurant-deja-pris-d-assaut-par-les-nicois_62550747.html\" rel=\"nofollow noopener\" target=\"_blank\">pris d\u2019assaut le restaurant<\/a> du centre-ville.<\/p>\n<p class=\" wall-content\">Une file d\u2019attente sur l\u2019avenue Jean-M\u00e9decin qui n\u2019a pas d\u00e9sempli durant plus d\u2019une semaine. \u00ab\u2009Les clients sont au rendez-vous et la queue devant le restaurant illustre la joie qu\u2019ils ont de retrouver l\u2019enseigne et leur engouement pour les recettes iconiques\u2009\u00bb, s\u2019\u00e9tait alors r\u00e9joui le directeur du point de vente <a href=\"https:\/\/actu.fr\/provence-alpes-cote-d-azur\/nice_06088\/nice-le-restaurant-quick-fait-un-retour-triomphant-et-annonce-une-nouveaute_62606532.html\" rel=\"nofollow noopener\" target=\"_blank\">aupr\u00e8s d\u2019actu Nice<\/a>.<\/p>\n<p class=\" wall-content\">Un<strong> succ\u00e8s imm\u00e9diat<\/strong> qui a peut-\u00eatre donn\u00e9 des id\u00e9es \u00e0 la franchise de fast-food, absente du territoire maralpin durant six ann\u00e9es.<\/p>\n<p>Une ouverture \u00e0 l\u2019\u00e9t\u00e9 2025<\/p>\n<p class=\" wall-content\">Selon nos informations, la Franchise Quick va inaugurer un deuxi\u00e8me \u00e9tablissement dans les Alpes-Maritimes, \u00e0 Nice.<\/p>\n<p class=\" wall-content\">L\u2019ouverture est pr\u00e9vue pour le <strong>mois de juillet\u00a02025<\/strong>, dans le secteur de Lingosti\u00e8re.<\/p>\n<p>    <a href=\"https:\/\/www.google.com\/maps\/embed?pb=!1m18!1m12!1m3!1d46128.78987770975!2d7.11058964863281!3d43.730301300000015!2m3!1f0!2f0!3f0!3m2!1i1024!2i768!4f13.1!3m3!1m2!1s0x12cdcff92805cf9b%3A0x8ad52ee13ead05f0!2sCentre%20commercial%20Carrefour%20Nice%20Lingosti%C3%A8re!5e0!3m2!1sfr!2sfr!4v1747816509099!5m2!1sfr!2sfr\" title=\"Ouvrie le lien\" rel=\"nofollow noopener\" target=\"_blank\">Cliquez ici pour visualiser le contenu<\/a><\/p>\n<p class=\" wall-content\">Une <strong>campagne de recrutement<\/strong> a \u00e9t\u00e9 lanc\u00e9e par France Travail. Pr\u00e8s de 60 postes CDI en temps partiel sont recherch\u00e9s en amont de l\u2019ouverture.<\/p>\n<p>Pas d\u2019informations du c\u00f4t\u00e9 de Quick<\/p>\n<p class=\" wall-content\">Sollicit\u00e9s par actu Nice \u00e0 plusieurs reprises, les services de communication n\u2019ont pas donn\u00e9 suite, indiquant \u00ab\u2009ne pas avoir d\u2019informations \u00e0 communiquer \u00e0 date\u2009\u00bb.<\/p>\n<p class=\" wall-content\">Suivez toute l\u2019actualit\u00e9 de vos villes et m\u00e9dias favoris en vous inscrivant \u00e0 <a href=\"https:\/\/moncompte.actu.fr\" title=\"D\u00e9couvez Mon Actu\" rel=\"nofollow noopener\" data-trk=\"{&quot;cta&quot;:{&quot;action&quot;:&quot;https:\\\/\\\/moncompte.actu.fr&quot;,&quot;category&quot;:&quot;mon compte&quot;,&quot;from&quot;:&quot;article footer&quot;,&quot;name&quot;:&quot;Mon actu&quot;,&quot;type&quot;:&quot;cta&quot;}}\" target=\"_blank\">Mon Actu<\/a>.<\/p>\n","protected":false},"excerpt":{"rendered":"Par Ugo Maillard Publi\u00e9 le 21 mai 2025 \u00e0 12h19 INFO ACTU NICE. Seulement quelques semaines apr\u00e8s l\u2019ouverture&hellip;\n","protected":false},"author":2,"featured_media":116652,"comment_status":"","ping_status":"","sticky":false,"template":"","format":"standard","meta":{"footnotes":""},"categories":[2819],"tags":[1111,11,33,1777,674,1011,27,12,2401,882,25,1340],"class_list":{"0":"post-116651","1":"post","2":"type-post","3":"status-publish","4":"format-standard","5":"has-post-thumbnail","7":"category-nice","8":"tag-actu","9":"tag-actualites","10":"tag-economie","11":"tag-eu","12":"tag-europe","13":"tag-fr","14":"tag-france","15":"tag-news","16":"tag-nice","17":"tag-provence-alpes-cote-dazur","18":"tag-republique-francaise","19":"tag-restaurant"},"share_on_mastodon":{"url":"https:\/\/pubeurope.com\/@fr\/114545409703312634","error":""},"_links":{"self":[{"href":"https:\/\/www.europesays.com\/fr\/wp-json\/wp\/v2\/posts\/116651","targetHints":{"allow":["GET"]}}],"collection":[{"href":"https:\/\/www.europesays.com\/fr\/wp-json\/wp\/v2\/posts"}],"about":[{"href":"https:\/\/www.europesays.com\/fr\/wp-json\/wp\/v2\/types\/post"}],"author":[{"embeddable":true,"href":"https:\/\/www.europesays.com\/fr\/wp-json\/wp\/v2\/users\/2"}],"replies":[{"embeddable":true,"href":"https:\/\/www.europesays.com\/fr\/wp-json\/wp\/v2\/comments?post=116651"}],"version-history":[{"count":0,"href":"https:\/\/www.europesays.com\/fr\/wp-json\/wp\/v2\/posts\/116651\/revisions"}],"wp:featuredmedia":[{"embeddable":true,"href":"https:\/\/www.europesays.com\/fr\/wp-json\/wp\/v2\/media\/116652"}],"wp:attachment":[{"href":"https:\/\/www.europesays.com\/fr\/wp-json\/wp\/v2\/media?parent=116651"}],"wp:term":[{"taxonomy":"category","embeddable":true,"href":"https:\/\/www.europesays.com\/fr\/wp-json\/wp\/v2\/categories?post=116651"},{"taxonomy":"post_tag","embeddable":true,"href":"https:\/\/www.europesays.com\/fr\/wp-json\/wp\/v2\/tags?post=116651"}],"curies":[{"name":"wp","href":"https:\/\/api.w.org\/{rel}","templated":true}]}}