{"id":1166511,"date":"2026-09-04T08:28:42","date_gmt":"2026-09-04T08:28:42","guid":{"rendered":"https:\/\/www.europesays.com\/fr\/1166511\/"},"modified":"2026-09-04T08:28:42","modified_gmt":"2026-09-04T08:28:42","slug":"golf-pierrick-forest-montceau-et-thomas-joly-bfc-ont-ecrase-la-concurrence-avec-un-score-de-10","status":"publish","type":"post","link":"https:\/\/www.europesays.com\/fr\/1166511\/","title":{"rendered":"GOLF : Pierrick Forest (Montceau) et Thomas Joly (BFC) ont \u00e9cras\u00e9 la concurrence avec un score de -10 !"},"content":{"rendered":"<p><img decoding=\"async\" class=\"newsFullImg\" src=\"https:\/\/www.europesays.com\/fr\/wp-content\/uploads\/2026\/09\/114545_1_full.jpg\"\/><\/p>\n<p>C\u2019\u00e9tait lors de la comp\u00e9tition Monsieur Golf Tour, organis\u00e9e partout en France par Very Golf Trip, et qui faisait son grand retour au golf d\u2019Avoise.\u00a0<\/p>\n<p>Dimanche 30 ao\u00fbt, le golf d\u2019Avoise accueillait l\u2019une des nombreuses \u00e9tapes du Monsieur Golf Tour en scramble \u00e0 deux, organis\u00e9e par Very Golf Trip. Cet \u00e9v\u00e8nement est bien connu des golfeurs, notamment pour l\u2019ambiance et sa riche dotation. Apr\u00e8s quelques ann\u00e9es d\u2019absence, la comp\u00e9tition faisait son grand retour. Les conditions \u00e9taient tr\u00e8s bonnes, avec des temp\u00e9ratures agr\u00e9ables et un terrain qui a l\u00e9g\u00e8rement reverdi gr\u00e2ce \u00e0 la pluie. En revanche, certaines zones ont malheureusement \u00e9t\u00e9 retourn\u00e9es par les sangliers.\u00a0<br \/>52 joueurs ont bataill\u00e9 pour atteindre la premi\u00e8re place mais \u00e0 l\u2019issue de la journ\u00e9e, c\u2019est le bin\u00f4me Pierrick Forest (Montceau) et Thomas Joly (BFC) qui l\u2019a emport\u00e9, avec un score de -10, \u00e0 7 points des seconds.\u00a0<br \/>La remise des prix et son cocktail sont venus clore la journ\u00e9e, en pr\u00e9sence du directeur du golf et de Very Golf Trip. Des s\u00e9jours ont \u00e9t\u00e9 offerts au tirage au sort, ainsi qu\u2019au concours de pr\u00e9cision, qui s\u2019est d\u00e9roul\u00e9 sur le trou 8. Avec une distance de 2 m\u00e8tres, c\u2019est Fran\u00e7oise Dausse qui \u00e9tait la plus proche et qui a remport\u00e9 trois nuits dans une belle villa \u00e0 Marrakech.\u00a0\u00a0                    <\/p>\n<p>                    Prochaine comp\u00e9tition ce week-end, r\u00e9serv\u00e9e aux joueurs f\u00e9d\u00e9raux, avec un Classic Mid-Amateurs et un Grand Prix S\u00e9niors. La prochaine comp\u00e9tition ouverte \u00e0 tous aura lieu le 13 septembre, en scramble \u00e0 2, avec le Golf Days.\u00a0\u00a0<br \/>Julien ZA\u00cfDI\u00a0<br \/>R\u00e9sultats :\u00a0<br \/>Brut :1ers :\u00a0 Pierrick FOREST (MONTCEAU)\u00a0 &#8211; Thomas JOLY (BOURGOGNE-F.-COMTE) (-10)<br \/>2es :\u00a0 Philippe MARY (CH. D&rsquo;AVOISE)\u00a0 &#8211; Henri BERAUD (CH. D&rsquo;AVOISE) (-3)<br \/>3es :\u00a0 Philippe MICHAUD (CH. D&rsquo;AVOISE)\u00a0 &#8211; Jacques RUSTE (CH. D&rsquo;AVOISE) (-3)<br \/>Net :1ers :\u00a0 Gaetan DUFEU PREVOST (CHALON\/SAONE)\u00a0 &#8211; Mathieu LAGARDERE (CHALON\/SAONE) (45 pts)<br \/>2es :\u00a0 Jean-Baptiste PONSOT (CH. D&rsquo;AVOISE)\u00a0 &#8211; Maxime MONNOT (BOURGOGNE-F.-COMTE) (44 pts)<br \/>3es :\u00a0 Martine FREREJEAN (CH. D&rsquo;AVOISE)\u00a0 &#8211; Charles-Victor FREREJEAN (CH. D&rsquo;AVOISE) (43 pts)<\/p>\n<p><img decoding=\"async\" src=\"https:\/\/www.europesays.com\/fr\/wp-content\/uploads\/2026\/09\/golf-pierrick-forest-montceau-et-thomas-joly-bfc-ont-ecrase-la-concurrence-avec-un-score-de-10-23057.jpeg\"\/><img decoding=\"async\" src=\"https:\/\/www.europesays.com\/fr\/wp-content\/uploads\/2026\/09\/golf-pierrick-forest-montceau-et-thomas-joly-bfc-ont-ecrase-la-concurrence-avec-un-score-de-10-19276.jpeg\"\/><img decoding=\"async\" src=\"https:\/\/www.europesays.com\/fr\/wp-content\/uploads\/2026\/09\/golf-pierrick-forest-montceau-et-thomas-joly-bfc-ont-ecrase-la-concurrence-avec-un-score-de-10-27003.jpeg\"\/><img decoding=\"async\" src=\"https:\/\/www.europesays.com\/fr\/wp-content\/uploads\/2026\/09\/golf-pierrick-forest-montceau-et-thomas-joly-bfc-ont-ecrase-la-concurrence-avec-un-score-de-10-7070..jpeg\"\/><\/p>\n<p><img decoding=\"async\" src=\"https:\/\/www.europesays.com\/fr\/wp-content\/uploads\/2026\/09\/golf-pierrick-forest-montceau-et-thomas-joly-bfc-ont-ecrase-la-concurrence-avec-un-score-de-10-41573.jpeg\"\/><img decoding=\"async\" src=\"https:\/\/www.europesays.com\/fr\/wp-content\/uploads\/2026\/09\/golf-pierrick-forest-montceau-et-thomas-joly-bfc-ont-ecrase-la-concurrence-avec-un-score-de-10-12165.jpeg\"\/><img decoding=\"async\" src=\"https:\/\/www.europesays.com\/fr\/wp-content\/uploads\/2026\/09\/golf-pierrick-forest-montceau-et-thomas-joly-bfc-ont-ecrase-la-concurrence-avec-un-score-de-10-28112.jpeg\"\/><img decoding=\"async\" src=\"https:\/\/www.europesays.com\/fr\/wp-content\/uploads\/2026\/09\/golf-pierrick-forest-montceau-et-thomas-joly-bfc-ont-ecrase-la-concurrence-avec-un-score-de-10-27122.jpeg\"\/><img decoding=\"async\" src=\"https:\/\/www.europesays.com\/fr\/wp-content\/uploads\/2026\/09\/golf-pierrick-forest-montceau-et-thomas-joly-bfc-ont-ecrase-la-concurrence-avec-un-score-de-10-58913.jpeg\"\/><br \/>\n<img decoding=\"async\" src=\"https:\/\/www.europesays.com\/fr\/wp-content\/uploads\/2026\/09\/golf-pierrick-forest-montceau-et-thomas-joly-bfc-ont-ecrase-la-concurrence-avec-un-score-de-10-40192.jpeg\"\/><img decoding=\"async\" src=\"https:\/\/www.europesays.com\/fr\/wp-content\/uploads\/2026\/09\/golf-pierrick-forest-montceau-et-thomas-joly-bfc-ont-ecrase-la-concurrence-avec-un-score-de-10-46631.jpeg\"\/><img decoding=\"async\" src=\"https:\/\/www.europesays.com\/fr\/wp-content\/uploads\/2026\/09\/golf-pierrick-forest-montceau-et-thomas-joly-bfc-ont-ecrase-la-concurrence-avec-un-score-de-10-41590.jpeg\"\/><img decoding=\"async\" src=\"https:\/\/www.europesays.com\/fr\/wp-content\/uploads\/2026\/09\/golf-pierrick-forest-montceau-et-thomas-joly-bfc-ont-ecrase-la-concurrence-avec-un-score-de-10-51960.jpeg\"\/><img decoding=\"async\" src=\"https:\/\/www.europesays.com\/fr\/wp-content\/uploads\/2026\/09\/golf-pierrick-forest-montceau-et-thomas-joly-bfc-ont-ecrase-la-concurrence-avec-un-score-de-10-46946.jpeg\"\/><br \/>\n<img decoding=\"async\" src=\"https:\/\/www.europesays.com\/fr\/wp-content\/uploads\/2026\/09\/golf-pierrick-forest-montceau-et-thomas-joly-bfc-ont-ecrase-la-concurrence-avec-un-score-de-10-30342.jpeg\"\/><\/p>\n","protected":false},"excerpt":{"rendered":"C\u2019\u00e9tait lors de la comp\u00e9tition Monsieur Golf Tour, organis\u00e9e partout en France par Very Golf Trip, et qui&hellip;\n","protected":false},"author":2,"featured_media":1166512,"comment_status":"","ping_status":"","sticky":false,"template":"","format":"standard","meta":{"footnotes":"","_share_on_mastodon":"0"},"categories":[1418],"tags":[1011,27,1472,60],"class_list":["post-1166511","post","type-post","status-publish","format-standard","has-post-thumbnail","category-golf","tag-fr","tag-france","tag-golf","tag-sports"],"share_on_mastodon":{"url":"https:\/\/pubeurope.com\/@fr\/117211835342485109","error":""},"_links":{"self":[{"href":"https:\/\/www.europesays.com\/fr\/wp-json\/wp\/v2\/posts\/1166511","targetHints":{"allow":["GET"]}}],"collection":[{"href":"https:\/\/www.europesays.com\/fr\/wp-json\/wp\/v2\/posts"}],"about":[{"href":"https:\/\/www.europesays.com\/fr\/wp-json\/wp\/v2\/types\/post"}],"author":[{"embeddable":true,"href":"https:\/\/www.europesays.com\/fr\/wp-json\/wp\/v2\/users\/2"}],"replies":[{"embeddable":true,"href":"https:\/\/www.europesays.com\/fr\/wp-json\/wp\/v2\/comments?post=1166511"}],"version-history":[{"count":0,"href":"https:\/\/www.europesays.com\/fr\/wp-json\/wp\/v2\/posts\/1166511\/revisions"}],"wp:featuredmedia":[{"embeddable":true,"href":"https:\/\/www.europesays.com\/fr\/wp-json\/wp\/v2\/media\/1166512"}],"wp:attachment":[{"href":"https:\/\/www.europesays.com\/fr\/wp-json\/wp\/v2\/media?parent=1166511"}],"wp:term":[{"taxonomy":"category","embeddable":true,"href":"https:\/\/www.europesays.com\/fr\/wp-json\/wp\/v2\/categories?post=1166511"},{"taxonomy":"post_tag","embeddable":true,"href":"https:\/\/www.europesays.com\/fr\/wp-json\/wp\/v2\/tags?post=1166511"}],"curies":[{"name":"wp","href":"https:\/\/api.w.org\/{rel}","templated":true}]}}