{"id":1166517,"date":"2026-09-04T08:33:16","date_gmt":"2026-09-04T08:33:16","guid":{"rendered":"https:\/\/www.europesays.com\/fr\/1166517\/"},"modified":"2026-09-04T08:33:16","modified_gmt":"2026-09-04T08:33:16","slug":"novak-djokovic-inquiet-apres-son-elimination-a-lus-open-jessaie-de-comprendre-ce-qui-se-passe","status":"publish","type":"post","link":"https:\/\/www.europesays.com\/fr\/1166517\/","title":{"rendered":"Novak Djokovic inquiet apr\u00e8s son \u00e9limination \u00e0 l\u2019US Open : \u00ab J\u2019essaie de comprendre ce qui se passe \u00bb"},"content":{"rendered":"<p>\tNovak Djokovic inquiet apr\u00e8s son \u00e9limination \u00e0 l\u2019US Open : \u00ab J\u2019essaie de comprendre ce qui se passe \u00bb<\/p>\n<p>\t\t\t\t<a href=\"https:\/\/www.universtennis.com\/\" rel=\"nofollow noopener\" target=\"_blank\">Univers Tennis<\/a>  US Open \u2013 Novak Djokovic tr\u00e8s inquiet apr\u00e8s son \u00e9limination : \u00ab J\u2019essaie de comprendre ce qui se passe \u00bb<\/p>\n","protected":false},"excerpt":{"rendered":"Novak Djokovic inquiet apr\u00e8s son \u00e9limination \u00e0 l\u2019US Open : \u00ab J\u2019essaie de comprendre ce qui se passe&hellip;\n","protected":false},"author":2,"featured_media":1166518,"comment_status":"","ping_status":"","sticky":false,"template":"","format":"standard","meta":{"footnotes":"","_share_on_mastodon":"0"},"categories":[1415],"tags":[1011,27,6433,60,1467,4172],"class_list":["post-1166517","post","type-post","status-publish","format-standard","has-post-thumbnail","category-tennis","tag-fr","tag-france","tag-novak-djokovic","tag-sports","tag-tennis","tag-us-open"],"share_on_mastodon":{"url":"https:\/\/pubeurope.com\/@fr\/117211850415293428","error":""},"_links":{"self":[{"href":"https:\/\/www.europesays.com\/fr\/wp-json\/wp\/v2\/posts\/1166517","targetHints":{"allow":["GET"]}}],"collection":[{"href":"https:\/\/www.europesays.com\/fr\/wp-json\/wp\/v2\/posts"}],"about":[{"href":"https:\/\/www.europesays.com\/fr\/wp-json\/wp\/v2\/types\/post"}],"author":[{"embeddable":true,"href":"https:\/\/www.europesays.com\/fr\/wp-json\/wp\/v2\/users\/2"}],"replies":[{"embeddable":true,"href":"https:\/\/www.europesays.com\/fr\/wp-json\/wp\/v2\/comments?post=1166517"}],"version-history":[{"count":0,"href":"https:\/\/www.europesays.com\/fr\/wp-json\/wp\/v2\/posts\/1166517\/revisions"}],"wp:featuredmedia":[{"embeddable":true,"href":"https:\/\/www.europesays.com\/fr\/wp-json\/wp\/v2\/media\/1166518"}],"wp:attachment":[{"href":"https:\/\/www.europesays.com\/fr\/wp-json\/wp\/v2\/media?parent=1166517"}],"wp:term":[{"taxonomy":"category","embeddable":true,"href":"https:\/\/www.europesays.com\/fr\/wp-json\/wp\/v2\/categories?post=1166517"},{"taxonomy":"post_tag","embeddable":true,"href":"https:\/\/www.europesays.com\/fr\/wp-json\/wp\/v2\/tags?post=1166517"}],"curies":[{"name":"wp","href":"https:\/\/api.w.org\/{rel}","templated":true}]}}