{"id":1166523,"date":"2026-09-04T08:39:21","date_gmt":"2026-09-04T08:39:21","guid":{"rendered":"https:\/\/www.europesays.com\/fr\/1166523\/"},"modified":"2026-09-04T08:39:21","modified_gmt":"2026-09-04T08:39:21","slug":"tony-gatlif-realisateur-de-gadjo-dilo-est-mort-a-lage-de-77-ans","status":"publish","type":"post","link":"https:\/\/www.europesays.com\/fr\/1166523\/","title":{"rendered":"Tony Gatlif, r\u00e9alisateur de Gadjo Dilo, est mort \u00e0 l\u2019\u00e2ge de 77 ans"},"content":{"rendered":"<p>\n    Peintre joyeux et d\u00e9sordonn\u00e9 du monde gitan, le cin\u00e9aste avait notamment remport\u00e9 le prix de la mise en sc\u00e8ne au Festival de Cannes, en 2004, pour son film Exils.<\/p>\n<p class=\"fig-paragraph\">Le cin\u00e9aste\u00a0<a href=\"https:\/\/www.lefigaro.fr\/musique\/2014\/11\/06\/03006-20141106ARTFIG00364-brigitte-bardot-kendji-tony-gatlif-ils-pleurent-manitas-de-plata.php\" data-fig-type=\"Article\" data-gtm-custom-categorie=\"navigation\" data-gtm-custom-action=\"crossclick\" data-gtm-custom-label=\"Contextuel\" data-gtm-event=\"customEventSPE\" data-fig-domain=\"LEFIGARO\" rel=\"nofollow noopener\" target=\"_blank\">Tony Gatlif<\/a>, r\u00e9alisateur de Gadjo Dilo, est mort \u00e0 l\u2019\u00e2ge de 77 ans, a annonc\u00e9 sa famille \u00e0 l\u2019AFP ce vendredi matin. Peintre joyeux et d\u00e9sordonn\u00e9 de l\u2019exil et du monde gitan, il avait notamment remport\u00e9 le prix de la mise en sc\u00e8ne au Festival de Cannes, en 2004, pour son film Exils.<\/p>\n<p class=\"fig-paragraph\">N\u00e9 en 1948 \u00e0 Alger, d\u2019un p\u00e8re kabyle et d\u2019une m\u00e8re gitane, Tony Gatlif a gard\u00e9 de son d\u00e9part \u00e0 12 ans une vision poignante qui hantera son cin\u00e9ma. Il se souvenait du \u00ab\u00a0chaos du port que je voyais sans comprendre: tout le peuple pied-noir quittant l\u2019Alg\u00e9rie\u00a0\u00bb.<\/p>\n<p>                                            <a class=\"fig-a11y-skip\" href=\"#fig-a11y-skip-main-inarticle\" is=\"fig-a11y-skip\" data-trigger-mode=\"visible-once\"><br \/>\n    Passer la publicit\u00e9<br \/>\n<\/a>            <\/p>\n<p class=\"fig-paragraph\">Tony Gatlif (Latcho Drom, Gadjo Dilo, Geronimo, Tom Medina) aura pass\u00e9 sa vie \u00e0 chanter la musique et la libert\u00e9 propres \u00e0 la culture gitane, \u00e0 travers des films prenant la forme de qu\u00eates ou d\u2019errances, joyeuses, in\u00e9gales et d\u00e9brid\u00e9es. Dans un registre plus sombre, il a \u00e9voqu\u00e9 le g\u00e9nocide tsigane, dans Libert\u00e9, en 2009.<\/p>\n<p class=\"fig-paragraph\">En 2025, sortait Ange, dernier long-m\u00e9trage d\u2019un cin\u00e9aste remarqu\u00e9 t\u00f4t au Festival de Cannes. Son film \u00e9tait baign\u00e9 de fulgurances et de maximes \u00e0 l\u2019emporte-pi\u00e8ce,\u00a0<a href=\"http:\/\/www.lefigaro.fr\/cinema\/f1-le-film-13-jours-13-nuits-once-upon-a-time-in-gaza-les-films-a-voir-et-a-eviter-cette-semaine-20250625\" target=\"_blank\" data-fig-type=\"Article\" rel=\"noopener nofollow\" data-gtm-custom-categorie=\"navigation\" data-gtm-custom-action=\"crossclick\" data-gtm-custom-label=\"Contextuel\" data-gtm-event=\"customEventSPE\" data-fig-domain=\"LEFIGARO\">jugeait Le Figaro<\/a>, qui retrouvait le parfum de libert\u00e9, brut et cors\u00e9, typique de l\u2019\u0153uvre de Gatlif.<\/p>\n","protected":false},"excerpt":{"rendered":"Peintre joyeux et d\u00e9sordonn\u00e9 du monde gitan, le cin\u00e9aste avait notamment remport\u00e9 le prix de la mise en&hellip;\n","protected":false},"author":2,"featured_media":1166524,"comment_status":"","ping_status":"","sticky":false,"template":"","format":"standard","meta":{"footnotes":"","_share_on_mastodon":"0"},"categories":[1359],"tags":[58,59,1011,27,18,973,4233,120399],"class_list":["post-1166523","post","type-post","status-publish","format-standard","has-post-thumbnail","category-people","tag-divertissement","tag-entertainment","tag-fr","tag-france","tag-mort","tag-people","tag-realisateur","tag-tony-gatlif"],"share_on_mastodon":{"url":"https:\/\/pubeurope.com\/@fr\/117211874397297540","error":""},"_links":{"self":[{"href":"https:\/\/www.europesays.com\/fr\/wp-json\/wp\/v2\/posts\/1166523","targetHints":{"allow":["GET"]}}],"collection":[{"href":"https:\/\/www.europesays.com\/fr\/wp-json\/wp\/v2\/posts"}],"about":[{"href":"https:\/\/www.europesays.com\/fr\/wp-json\/wp\/v2\/types\/post"}],"author":[{"embeddable":true,"href":"https:\/\/www.europesays.com\/fr\/wp-json\/wp\/v2\/users\/2"}],"replies":[{"embeddable":true,"href":"https:\/\/www.europesays.com\/fr\/wp-json\/wp\/v2\/comments?post=1166523"}],"version-history":[{"count":0,"href":"https:\/\/www.europesays.com\/fr\/wp-json\/wp\/v2\/posts\/1166523\/revisions"}],"wp:featuredmedia":[{"embeddable":true,"href":"https:\/\/www.europesays.com\/fr\/wp-json\/wp\/v2\/media\/1166524"}],"wp:attachment":[{"href":"https:\/\/www.europesays.com\/fr\/wp-json\/wp\/v2\/media?parent=1166523"}],"wp:term":[{"taxonomy":"category","embeddable":true,"href":"https:\/\/www.europesays.com\/fr\/wp-json\/wp\/v2\/categories?post=1166523"},{"taxonomy":"post_tag","embeddable":true,"href":"https:\/\/www.europesays.com\/fr\/wp-json\/wp\/v2\/tags?post=1166523"}],"curies":[{"name":"wp","href":"https:\/\/api.w.org\/{rel}","templated":true}]}}