{"id":116653,"date":"2025-05-21T10:43:13","date_gmt":"2025-05-21T10:43:13","guid":{"rendered":"https:\/\/www.europesays.com\/fr\/116653\/"},"modified":"2025-05-21T10:43:13","modified_gmt":"2025-05-21T10:43:13","slug":"les-alpes-maritimes-place-en-vigilance-orages","status":"publish","type":"post","link":"https:\/\/www.europesays.com\/fr\/116653\/","title":{"rendered":"les Alpes-Maritimes plac\u00e9 en vigilance orages"},"content":{"rendered":"<p>            Par<br \/>\n        <strong><br \/>\n            <a href=\"https:\/\/actu.fr\/auteur\/ugo-maillard\" title=\"Consulter tous les articles de Ugo Maillard\" target=\"_blank\" rel=\"noopener\">Ugo Maillard<\/a><br \/>\n        <\/strong><\/p>\n<p>        Publi\u00e9 le<\/p>\n<p>            21 mai 2025 \u00e0 10h36        <\/p>\n<p>Les habitants de la C\u00f4te d\u2019Azur ont v\u00e9cu une journ\u00e9e dramatique. En raison de <strong>pluies diluviennes et d\u2019orages<\/strong>, <a href=\"https:\/\/actu.fr\/provence-alpes-cote-d-azur\/le-lavandou_83070\/intemperies-le-bilan-s-alourdit-dans-le-var-trois-morts-et-trois-personnes-portees-disparues_62662569.html\" target=\"_blank\" rel=\"noopener\">trois personnes ont perdu la vie<\/a> le mardi 20\u00a0mai 2025 dans le d\u00e9partement du Var.<\/p>\n<p class=\" wall-content\">Du c\u00f4t\u00e9 des<a href=\"https:\/\/actu.fr\/provence-alpes-cote-d-azur\/alpes-maritimes_06\" target=\"_blank\" rel=\"noopener\"> Alpes-Maritimes<\/a>, d\u00e9partement voisin, les cons\u00e9quences de cette m\u00e9t\u00e9o dantesque sont bien moindres puisque les sapeurs-pompiers n\u2019ont pas r\u00e9alis\u00e9 d\u2019intervention marquante.<\/p>\n<p class=\" wall-content\">On notera <a href=\"https:\/\/actu.fr\/provence-alpes-cote-d-azur\/nice_06088\/nice-un-arbre-tombe-sur-une-voiture-aux-moulins-les-pompiers-sur-place_62661781.html\" target=\"_blank\" rel=\"noopener\">quelques chutes d\u2019arbre \u00e0 Nice<\/a>, sans pour autant faire de bless\u00e9.<\/p>\n<p class=\" wall-content\">Voici les pr\u00e9visions m\u00e9t\u00e9orologiques pour la journ\u00e9e du mercredi 21\u00a0mai 2025.<\/p>\n<p>Les Alpes-Maritimes en vigilance aux orages<\/p>\n<p class=\" wall-content\">Selon les donn\u00e9es de M\u00e9t\u00e9o France, le d\u00e9partement est plac\u00e9 en vigilance jaune aux orages de 14h \u00e0 19h ce mercredi 21\u00a0mai.<\/p>\n<p>Vid\u00e9os : en ce moment sur Actu<\/p>\n<p class=\" wall-content\">L\u2019arri\u00e8re-pays ni\u00e7ois et les massifs montagneux devraient \u00eatre frapp\u00e9s par la foudre tandis que le littoral profitera d\u2019un temps ensoleill\u00e9. C\u00f4t\u00e9 temp\u00e9ratures, le mercure devrait grimper jusqu\u2019\u00e0 21\u00b0 dans les Alpes-Maritimes.<\/p>\n<p>Le Var \u00e9pargn\u00e9<\/p>\n<p class=\" wall-content\">Apr\u00e8s la journ\u00e9e dramatique d\u2019hier, marqu\u00e9e par deux d\u00e9c\u00e8s au Lavandou et un \u00e0 Vidaubau, le d\u00e9partement du Var panse ses plaies sous un ciel plus cl\u00e9ment ce mercredi.<\/p>\n<p>    <a href=\"https:\/\/www.google.com\/maps\/embed?pb=!1m18!1m12!1m3!1d135486.29230591113!2d6.419984029743126!3d43.19641585103461!2m3!1f0!2f0!3f0!3m2!1i1024!2i768!4f13.1!3m3!1m2!1s0x12c92d77305be1b1%3A0xee2cf5ea02895df6!2sLe%20Lavandou!5e0!3m2!1sfr!2sfr!4v1747815336717!5m2!1sfr!2sfr\" title=\"Ouvrie le lien\" target=\"_blank\" rel=\"noopener\">Cliquez ici pour visualiser le contenu<\/a><\/p>\n<p class=\" wall-content\">Alors qu\u2019un important dispositif de secours a \u00e9t\u00e9 engag\u00e9 avec l\u2019appui d\u2019un h\u00e9licopt\u00e8re militaire sur les secteurs inond\u00e9s, le temps est d\u00e9sormais \u00e0 la reconstruction et au nettoyage pour les agents varois.<\/p>\n<p class=\" wall-content\">Suivez toute l\u2019actualit\u00e9 de vos villes et m\u00e9dias favoris en vous inscrivant \u00e0 <a href=\"https:\/\/moncompte.actu.fr\" title=\"D\u00e9couvez Mon Actu\" rel=\"nofollow noopener\" data-trk=\"{&quot;cta&quot;:{&quot;action&quot;:&quot;https:\\\/\\\/moncompte.actu.fr&quot;,&quot;category&quot;:&quot;mon compte&quot;,&quot;from&quot;:&quot;article footer&quot;,&quot;name&quot;:&quot;Mon actu&quot;,&quot;type&quot;:&quot;cta&quot;}}\" target=\"_blank\">Mon Actu<\/a>.<\/p>\n","protected":false},"excerpt":{"rendered":"Par Ugo Maillard Publi\u00e9 le 21 mai 2025 \u00e0 10h36 Les habitants de la C\u00f4te d\u2019Azur ont v\u00e9cu&hellip;\n","protected":false},"author":2,"featured_media":116654,"comment_status":"","ping_status":"","sticky":false,"template":"","format":"standard","meta":{"footnotes":""},"categories":[2819],"tags":[1111,11,1777,674,1011,27,3059,2487,2357,12,2401,4594,882,25],"class_list":{"0":"post-116653","1":"post","2":"type-post","3":"status-publish","4":"format-standard","5":"has-post-thumbnail","7":"category-nice","8":"tag-actu","9":"tag-actualites","10":"tag-eu","11":"tag-europe","12":"tag-fr","13":"tag-france","14":"tag-intemperies","15":"tag-meteo","16":"tag-meteo-france","17":"tag-news","18":"tag-nice","19":"tag-orages","20":"tag-provence-alpes-cote-dazur","21":"tag-republique-francaise"},"share_on_mastodon":{"url":"https:\/\/pubeurope.com\/@fr\/114545414049362507","error":""},"_links":{"self":[{"href":"https:\/\/www.europesays.com\/fr\/wp-json\/wp\/v2\/posts\/116653","targetHints":{"allow":["GET"]}}],"collection":[{"href":"https:\/\/www.europesays.com\/fr\/wp-json\/wp\/v2\/posts"}],"about":[{"href":"https:\/\/www.europesays.com\/fr\/wp-json\/wp\/v2\/types\/post"}],"author":[{"embeddable":true,"href":"https:\/\/www.europesays.com\/fr\/wp-json\/wp\/v2\/users\/2"}],"replies":[{"embeddable":true,"href":"https:\/\/www.europesays.com\/fr\/wp-json\/wp\/v2\/comments?post=116653"}],"version-history":[{"count":0,"href":"https:\/\/www.europesays.com\/fr\/wp-json\/wp\/v2\/posts\/116653\/revisions"}],"wp:featuredmedia":[{"embeddable":true,"href":"https:\/\/www.europesays.com\/fr\/wp-json\/wp\/v2\/media\/116654"}],"wp:attachment":[{"href":"https:\/\/www.europesays.com\/fr\/wp-json\/wp\/v2\/media?parent=116653"}],"wp:term":[{"taxonomy":"category","embeddable":true,"href":"https:\/\/www.europesays.com\/fr\/wp-json\/wp\/v2\/categories?post=116653"},{"taxonomy":"post_tag","embeddable":true,"href":"https:\/\/www.europesays.com\/fr\/wp-json\/wp\/v2\/tags?post=116653"}],"curies":[{"name":"wp","href":"https:\/\/api.w.org\/{rel}","templated":true}]}}