{"id":1166534,"date":"2026-09-04T08:48:15","date_gmt":"2026-09-04T08:48:15","guid":{"rendered":"https:\/\/www.europesays.com\/fr\/1166534\/"},"modified":"2026-09-04T08:48:15","modified_gmt":"2026-09-04T08:48:15","slug":"quentin-halys-apres-son-elimination-contre-zverev-au-2e-tour-de-lus-open-je-suis-entre-sur-le-court-avec-la-conviction-que-jallais-gagner","status":"publish","type":"post","link":"https:\/\/www.europesays.com\/fr\/1166534\/","title":{"rendered":"Quentin Halys, apr\u00e8s son \u00e9limination contre Zverev au 2e tour de l&rsquo;US Open : \u00ab Je suis entr\u00e9 sur le court avec la conviction que j&rsquo;allais gagner \u00bb"},"content":{"rendered":"<p>Olivier Malcor, l&rsquo;entra\u00eeneur de Halys : \u00ab On ne va pas refaire le match, mais&#8230; \u00bb<\/p>\n<p>\u00ab On y croyait \u00e0 la victoire, ce n&rsquo;\u00e9tait pas la m\u00e9thode Cou\u00e9. Quentin a affront\u00e9 Zverev deux fois quand m\u00eame cette ann\u00e9e. Il avait toujours perdu, mais on sentait qu&rsquo;il y avait un petit coup \u00e0 jouer. Je suis hyper heureux du contenu de Quentin, qui l&rsquo;a pouss\u00e9 pendant 4h30 sur le Central, mais il y a l&rsquo;amertume de la d\u00e9faite. On ne va pas refaire le match, mais \u00e0 un set partout, il a le break au troisi\u00e8me set (4-1 pour Halys). \u00c0 la fin, tu te dis que ce n&rsquo;est pas pass\u00e9 loin.<br \/>Comme \u00e0 Roland-Garros (les deux hommes s&rsquo;y sont affront\u00e9s au troisi\u00e8me tour), c&rsquo;est sur les deux premiers coups que Zverev est tr\u00e8s fort. Il fait quasiment 30 aces, chaque premier service va \u00e0 15 km\/h de plus que ceux de Quentin. C&rsquo;est un poids lourd, m\u00eame si on sent qu&rsquo;il n&rsquo;est pas en confiance, qu&rsquo;il a un peu de mal sur le jeu en fond de court. \u00bb<\/p>\n","protected":false},"excerpt":{"rendered":"Olivier Malcor, l&rsquo;entra\u00eeneur de Halys : \u00ab On ne va pas refaire le match, mais&#8230; \u00bb \u00ab On&hellip;\n","protected":false},"author":2,"featured_media":1166535,"comment_status":"","ping_status":"","sticky":false,"template":"","format":"standard","meta":{"footnotes":"","_share_on_mastodon":"0"},"categories":[9],"tags":[86798,1011,27,23596,1833,60,1467,4172],"class_list":["post-1166534","post","type-post","status-publish","format-standard","has-post-thumbnail","category-sports","tag-breves-et-depeches","tag-fr","tag-france","tag-quentin-halys","tag-redaction","tag-sports","tag-tennis","tag-us-open"],"share_on_mastodon":{"url":"https:\/\/pubeurope.com\/@fr\/117211909970152513","error":""},"_links":{"self":[{"href":"https:\/\/www.europesays.com\/fr\/wp-json\/wp\/v2\/posts\/1166534","targetHints":{"allow":["GET"]}}],"collection":[{"href":"https:\/\/www.europesays.com\/fr\/wp-json\/wp\/v2\/posts"}],"about":[{"href":"https:\/\/www.europesays.com\/fr\/wp-json\/wp\/v2\/types\/post"}],"author":[{"embeddable":true,"href":"https:\/\/www.europesays.com\/fr\/wp-json\/wp\/v2\/users\/2"}],"replies":[{"embeddable":true,"href":"https:\/\/www.europesays.com\/fr\/wp-json\/wp\/v2\/comments?post=1166534"}],"version-history":[{"count":0,"href":"https:\/\/www.europesays.com\/fr\/wp-json\/wp\/v2\/posts\/1166534\/revisions"}],"wp:featuredmedia":[{"embeddable":true,"href":"https:\/\/www.europesays.com\/fr\/wp-json\/wp\/v2\/media\/1166535"}],"wp:attachment":[{"href":"https:\/\/www.europesays.com\/fr\/wp-json\/wp\/v2\/media?parent=1166534"}],"wp:term":[{"taxonomy":"category","embeddable":true,"href":"https:\/\/www.europesays.com\/fr\/wp-json\/wp\/v2\/categories?post=1166534"},{"taxonomy":"post_tag","embeddable":true,"href":"https:\/\/www.europesays.com\/fr\/wp-json\/wp\/v2\/tags?post=1166534"}],"curies":[{"name":"wp","href":"https:\/\/api.w.org\/{rel}","templated":true}]}}