{"id":1166542,"date":"2026-09-04T08:52:14","date_gmt":"2026-09-04T08:52:14","guid":{"rendered":"https:\/\/www.europesays.com\/fr\/1166542\/"},"modified":"2026-09-04T08:52:14","modified_gmt":"2026-09-04T08:52:14","slug":"en-direct-guerre-au-moyen-orient-la-coree-du-sud-bientot-en-appui-a-ormuz","status":"publish","type":"post","link":"https:\/\/www.europesays.com\/fr\/1166542\/","title":{"rendered":"EN DIRECT Guerre au Moyen-Orient\u00a0: La Cor\u00e9e du Sud bient\u00f4t en appui \u00e0 Ormuz\u00a0?\u2026."},"content":{"rendered":"<p>JD Vance joue sur les mots<\/p>\n<p>Une guerre, quelle guerre\u00a0? Lors d\u2019une conf\u00e9rence de presse \u00e0 la Maison-Blanche jeudi, le vice-pr\u00e9sident am\u00e9ricain, JD Vance, a jug\u00e9 que le conflit en cours avec l\u2019Iran n\u2019\u00e9tait pas \u00ab\u00a0une guerre\u00a0\u00bb. Autre vision tr\u00e8s personnelle\u00a0: le passage dans le d\u00e9troit d\u2019Ormuz est selon lui \u00ab\u00a0presque\u00a0\u00bb revenu \u00e0 la normale.<\/p>\n<p>La Cor\u00e9e du Sud au chevet d&rsquo;Ormuz ? <\/p>\n<p>S\u00e9oul envisage d\u2019apporter sa \u00ab contribution \u00bb pour s\u00e9curiser la navigation dans le d\u00e9troit d\u2019Ormuz, indique la pr\u00e9sidence.<\/p>\n<p>\u00ab Des contributions pour le d\u00e9troit d\u2019Ormuz pourraient \u00eatre g\u00e9r\u00e9es dans des limites qui ne compromettent pas l\u2019\u00e9tat de pr\u00e9paration militaire \u00bb de la Cor\u00e9e du Sud face \u00e0 la menace de la Cor\u00e9e du Nord, a ainsi d\u00e9clar\u00e9 \u00e0 la presse un porte-parole de la pr\u00e9sidence.<\/p>\n<p>Bonjour et bienvenue dans ce live<\/p>\n<p>Nous allons suivre ensemble les derni\u00e8res infos sur le conflit qui oppose les Etats-Unis et l\u2019Iran, dont les r\u00e9percussions sont mondiales et qui ne semble pas avoir de fin.<\/p>\n","protected":false},"excerpt":{"rendered":"JD Vance joue sur les mots Une guerre, quelle guerre\u00a0? Lors d\u2019une conf\u00e9rence de presse \u00e0 la Maison-Blanche&hellip;\n","protected":false},"author":2,"featured_media":1166543,"comment_status":"","ping_status":"","sticky":false,"template":"","format":"standard","meta":{"footnotes":"","_share_on_mastodon":"0"},"categories":[5],"tags":[47,11,65689,75,73,1011,27,85394,14,3019,74,3257,12,133,28],"class_list":["post-1166542","post","type-post","status-publish","format-standard","has-post-thumbnail","category-international","tag-actualite","tag-actualites","tag-detroit-dormuz","tag-donald-trump","tag-etats-unis","tag-fr","tag-france","tag-guerre-en-iran","tag-international","tag-iran","tag-monde","tag-moyen-orient","tag-news","tag-video","tag-world"],"share_on_mastodon":{"url":"https:\/\/pubeurope.com\/@fr\/117211925632164283","error":""},"_links":{"self":[{"href":"https:\/\/www.europesays.com\/fr\/wp-json\/wp\/v2\/posts\/1166542","targetHints":{"allow":["GET"]}}],"collection":[{"href":"https:\/\/www.europesays.com\/fr\/wp-json\/wp\/v2\/posts"}],"about":[{"href":"https:\/\/www.europesays.com\/fr\/wp-json\/wp\/v2\/types\/post"}],"author":[{"embeddable":true,"href":"https:\/\/www.europesays.com\/fr\/wp-json\/wp\/v2\/users\/2"}],"replies":[{"embeddable":true,"href":"https:\/\/www.europesays.com\/fr\/wp-json\/wp\/v2\/comments?post=1166542"}],"version-history":[{"count":0,"href":"https:\/\/www.europesays.com\/fr\/wp-json\/wp\/v2\/posts\/1166542\/revisions"}],"wp:featuredmedia":[{"embeddable":true,"href":"https:\/\/www.europesays.com\/fr\/wp-json\/wp\/v2\/media\/1166543"}],"wp:attachment":[{"href":"https:\/\/www.europesays.com\/fr\/wp-json\/wp\/v2\/media?parent=1166542"}],"wp:term":[{"taxonomy":"category","embeddable":true,"href":"https:\/\/www.europesays.com\/fr\/wp-json\/wp\/v2\/categories?post=1166542"},{"taxonomy":"post_tag","embeddable":true,"href":"https:\/\/www.europesays.com\/fr\/wp-json\/wp\/v2\/tags?post=1166542"}],"curies":[{"name":"wp","href":"https:\/\/api.w.org\/{rel}","templated":true}]}}