{"id":116655,"date":"2025-05-21T10:44:22","date_gmt":"2025-05-21T10:44:22","guid":{"rendered":"https:\/\/www.europesays.com\/fr\/116655\/"},"modified":"2025-05-21T10:44:22","modified_gmt":"2025-05-21T10:44:22","slug":"ils-sont-derriere-les-barreaux","status":"publish","type":"post","link":"https:\/\/www.europesays.com\/fr\/116655\/","title":{"rendered":"ils sont derri\u00e8re les barreaux"},"content":{"rendered":"<p>            Par<br \/>\n        <strong><br \/>\n            <a href=\"https:\/\/actu.fr\/auteur\/laurent-fortin\" title=\"Consulter tous les articles de Laurent Fortin\" target=\"_blank\" rel=\"noopener\">Laurent Fortin<\/a><br \/>\n        <\/strong><\/p>\n<p>        Publi\u00e9 le<\/p>\n<p>            21 mai 2025 \u00e0 7h16        <\/p>\n<p>Lors de l\u2019audience publique, <b>quatre hommes devaient compara\u00eetre au Palais de justice de Nantes<\/b>. Finalement, seul un pr\u00e9venu de 26\u00a0ans \u00e9tait pr\u00e9sent. <b>Libre<\/b>. Un de ses complices de 24\u00a0ans \u00e9tait en effet en<b> visio-conf\u00e9rence depuis la prison de Fresnes<\/b> (Val-de-Marne), o\u00f9 il \u00e9tait incarc\u00e9r\u00e9 pour une autre affaire, et un autre de 30\u00a0ans n\u2019avait pu faire le d\u00e9placement, maintenu en d\u00e9tention provisoire depuis pr\u00e8s de deux ans, cumulant 11 condamnations, notamment une pour<b> l\u2019agression sexuelle<\/b> sur l\u2019une de ses s\u0153urs. Un quatri\u00e8me protagoniste devait initialement \u00eatre jug\u00e9 \u00e0 leurs c\u00f4t\u00e9s mais il ne le sera finalement qu\u2019en octobre\u00a02025\u2009: une \u00ab\u2009expertise psychiatrique\u2009\u00bb a \u00e9t\u00e9 ordonn\u00e9e pour cet homme de 20\u00a0ans sous \u00ab\u2009curatelle renforc\u00e9e\u2009\u00bb qui vit \u00e0 Saint-Nazaire.<\/p>\n<p class=\" wall-content\"><b>L\u2019enqu\u00eate avait en fait d\u00e9but\u00e9 le 7\u00a0mai 2023<\/b> lorsque les gendarmes de G\u00e9tign\u00e9 avaient \u00e9t\u00e9 saisis pour les vols d\u2019une <a href=\"https:\/\/www.volkswagen.fr\/fr\/entretenir-ma-volkswagen\/anciens-modeles\/compactes\/new-beetle.html\" target=\"_blank\" rel=\"noopener\">Volkswagen New Beetle<\/a> et d\u2019une <a href=\"https:\/\/www.citroen.fr\/vehicules\/nouvelle-c4.html\" target=\"_blank\" rel=\"noopener\">Citro\u00ebn C4<\/a>\u2009: cette derni\u00e8re voiture \u2013 pour laquelle les cambrioleurs avaient \u00ab\u2009r\u00e9cup\u00e9r\u00e9 les cl\u00e9s en p\u00e9n\u00e9trant dans la buanderie de la maison\u2009\u00bb \u2013 avait \u00e9t\u00e9 \u00ab\u2009localis\u00e9e\u2009\u00bb \u00e0 <a href=\"https:\/\/actu.fr\/pays-de-la-loire\/clisson_44043\" target=\"_blank\" rel=\"noopener\"><b>Clisson<\/b><\/a>, pr\u00e8s du domicile du seul homme pr\u00e9sent physiquement au tribunal. Ce jour-l\u00e0, deux du quatuor avaient alors \u00e9t\u00e9<b> pris en flagrance d\u2019utilisation du v\u00e9hicule\u2009<\/b>; les deux autres suspects avaient \u00e9t\u00e9 interpell\u00e9s deux jours plus tard.<\/p>\n<p>Un scooter \u00ab\u2009d\u00e9couvert dans l\u2019eau \u00e0 G\u00e9tign\u00e9\u2009\u00bb<\/p>\n<p class=\" wall-content\">Les \u00e9l\u00e9ments trouv\u00e9s par les gendarmes avaient permis de remonter \u00e0 d\u2019autres vols commis depuis <b>le 28\u00a0avril 2023<\/b>\u2009: une Volvo avait \u00e9t\u00e9 d\u00e9rob\u00e9e \u00e0 la seule victime \u00e0 s\u2019\u00eatre constitu\u00e9e partie civile, par le biais de sa soci\u00e9t\u00e9 bas\u00e9e \u00e0 Or\u00e9e-d\u2019Anjou.<\/p>\n<p class=\" wall-content\">Les investigations avaient \u00e9galement conduit \u00e0 une Renault, \u00ab\u2009vol\u00e9e \u00e0 <a href=\"https:\/\/actu.fr\/pays-de-la-loire\/saint-lumine-de-clisson_44173\" target=\"_blank\" rel=\"noopener\"><b>Saint-Lumine-de-Clisson<\/b><\/a> et emmen\u00e9e \u00e0<b> Saumur <\/b>(Maine-et-Loire) pour \u00eatre replaqu\u00e9e puis vendue\u2009\u00bb, \u00e0 un scooter Peugeot \u00ab\u2009d\u00e9couvert dans l\u2019eau \u00e0 G\u00e9tign\u00e9\u2009\u00bb ou encore \u00e0 un fourgon<a href=\"https:\/\/www.mercedes-benz.fr\/vans\/models\/vito\/panel-van\/overview.html\" target=\"_blank\" rel=\"noopener\"> Mercedes Vito<\/a> qui aurait \u00e9t\u00e9 \u00ab\u2009revendu sur le parking d\u2019un Mc Donald\u2019s\u2009\u00bb gr\u00e2ce \u00e0 \u00ab\u2009un contact sur Snapchat\u2009\u00bb.<\/p>\n<p>Vid\u00e9os : en ce moment sur Actu<\/p>\n<p class=\" wall-content\">Les <b>enqu\u00eateurs avaient d\u00e9couvert divers objets qui appartenaient aux propri\u00e9taires des v\u00e9hicules\u2009:<\/b> un \u00ab\u2009permis de conduire\u2009\u00bb, une \u00ab\u2009carte bancaire\u2009\u00bb, un \u00ab\u2009ch\u00e9quier\u2009\u00bb, des \u00ab\u2009chaussettes\u2009\u00bb ou encore une \u00ab\u2009carte Conforama\u2009\u00bb. Concernant les pr\u00e9venus, leur \u00ab\u2009ADN\u2009\u00bb avait parfois \u00e9t\u00e9 identifi\u00e9 et leurs t\u00e9l\u00e9phones avaient \u00e0 plusieurs reprises \u00ab\u2009born\u00e9\u2009\u00bb \u00e0 proximit\u00e9 des lieux des vols pendant les \u00ab\u2009nuits\u2009\u00bb des faits.<\/p>\n<p class=\" wall-content\">Les trois protagonistes assistant \u00e0 l\u2019audience ont reconnu plus ou moins <b>leur implication dans les faits reproch\u00e9s<\/b>. D\u2019un point de vue judiciaire, le pr\u00e9parateur de commandes en int\u00e9rim avait d\u00e9j\u00e0 <b>six mentions \u00e0 son casier judiciaire<\/b>. Limit\u00e9 \u00e0 l\u2019\u00e9poque dans ses d\u00e9placements par un \u00ab\u2009bracelet \u00e9lectronique\u2009\u00bb, il a d\u00e9sormais d\u00e9m\u00e9nag\u00e9 \u00e0 <b>Neuville-sur-Sa\u00f4ne (Rh\u00f4ne<\/b>), pr\u00e8s de Lyon, pour \u00ab\u2009reprendre \u00e0 z\u00e9ro sur de bonnes bases\u2009\u00bb. Les<b> deux autres cumulaient 25 condamnations <\/b>\u00e0 eux d\u2019eux.<\/p>\n<p>Peines plus lourdes que les r\u00e9quisitions<\/p>\n<p class=\" wall-content\">Dans ces conditions, le <b>procureur de la R\u00e9publique avait requis un an de prison ferme <\/b>\u00e0 l\u2019encontre de l\u2019ancien Clissonnais. Libre, il avait d\u00e9j\u00e0 purg\u00e9 cinq mois en d\u00e9tention provisoire. <b>Deux ans de prison ferme<\/b> se sont ajout\u00e9s au gar\u00e7on de 30\u00a0ans et 28\u00a0mois \u00e0 l\u2019incarc\u00e9r\u00e9 de Fresnes, consid\u00e9r\u00e9 comme \u00ab\u2009l\u2019\u00e9l\u00e9ment moteur\u2009\u00bb de ces vols de voitures. Il avait \u00e9galement sollicit\u00e9 une interdiction de contact pendant trois ans entre ces trois pr\u00e9venus.<\/p>\n<p class=\" wall-content\">Flavien Jadeau, l\u2019avocat du seul pr\u00e9sent, avait plaid\u00e9 en faveur d\u2019une <b>\u00ab\u2009relaxe partielle\u2009\u00bb,<\/b> estimant que pour certains faits, il n\u2019y avait \u00ab\u2009pas de preuve\u2009\u00bb que son client avait eu \u00ab\u2009une connaissance effective de la commission du vol\u2009\u00bb. Il avait aussi <b>demand\u00e9 que la p\u00e9riode de prison ferme prononc\u00e9e soit \u00ab\u2009couverte par la d\u00e9tention provisoire\u2009\u00bb <\/b>qu\u2019il avait d\u00e9j\u00e0 effectu\u00e9e.<\/p>\n<p class=\" wall-content\">Mathilde Lanneau-Sebert, l\u2019avocate du plus \u00e2g\u00e9, avait, de son c\u00f4t\u00e9, insist\u00e9 sur le fait que son client avait \u00ab\u2009collabor\u00e9 depuis le d\u00e9but de l\u2019enqu\u00eate\u2009\u00bb. Elle avait \u00e9galement demand\u00e9 une \u00ab\u2009relaxe partielle\u2009\u00bb concernant la Mercedes Vito.<\/p>\n<p class=\" wall-content\">Apr\u00e8s avoir prononc\u00e9 des relaxes partielles, le tribunal correctionnel de Nantes a finalement condamn\u00e9 celui qui se d\u00e9fendait sans avocat et \u00e9tait en visio \u00e0<b> 30\u00a0mois de prison ferme avec mandat de d\u00e9p\u00f4t<\/b>. L\u2019a\u00een\u00e9 de 30\u00a0ans a \u00e9cop\u00e9 lui de <b>deux ans de prison ferme et de six mois de prison avec sursis probatoire<\/b>, avec obligations pendant deux ans de rechercher activement du travail et d\u2019indemniser les parties civiles. Plac\u00e9 en d\u00e9tention provisoire depuis le 11\u00a0mai 2023, il a donc <b>d\u00e9j\u00e0 effectu\u00e9 la plus grande partie de sa peine de prison ferme.<\/b> Sur un plan civil, ces deux-l\u00e0 devront verser<b> 3\u2009470,90\u00a0\u20ac \u00e0 l\u2019entrepreneur<\/b> pour son pr\u00e9judice mat\u00e9riel. L\u2019ancien Clissonnais qui n\u2019\u00e9tait pas renvoy\u00e9 devant le tribunal que pour le vol de la Volvo dont le propri\u00e9taire s\u2019\u00e9tait constitu\u00e9 partie civile, a quant \u00e0 lui \u00e9cop\u00e9 <b>d\u2019un an de prison ferme<\/b> et purgera la fin de sa peine sous bracelet \u00e9lectronique.<\/p>\n<p class=\" wall-content\">Suivez toute l\u2019actualit\u00e9 de vos villes et m\u00e9dias favoris en vous inscrivant \u00e0 <a href=\"https:\/\/moncompte.actu.fr\" title=\"D\u00e9couvez Mon Actu\" rel=\"nofollow noopener\" data-trk=\"{&quot;cta&quot;:{&quot;action&quot;:&quot;https:\\\/\\\/moncompte.actu.fr&quot;,&quot;category&quot;:&quot;mon compte&quot;,&quot;from&quot;:&quot;article footer&quot;,&quot;name&quot;:&quot;Mon actu&quot;,&quot;type&quot;:&quot;cta&quot;}}\" target=\"_blank\">Mon Actu<\/a>.<\/p>\n","protected":false},"excerpt":{"rendered":"Par Laurent Fortin Publi\u00e9 le 21 mai 2025 \u00e0 7h16 Lors de l\u2019audience publique, quatre hommes devaient compara\u00eetre&hellip;\n","protected":false},"author":2,"featured_media":116656,"comment_status":"","ping_status":"","sticky":false,"template":"","format":"standard","meta":{"footnotes":""},"categories":[2818],"tags":[1111,11,1174,1777,674,1011,27,303,766,12,2636,25,104,2900],"class_list":{"0":"post-116655","1":"post","2":"type-post","3":"status-publish","4":"format-standard","5":"has-post-thumbnail","7":"category-nantes","8":"tag-actu","9":"tag-actualites","10":"tag-cambriolage","11":"tag-eu","12":"tag-europe","13":"tag-fr","14":"tag-france","15":"tag-justice","16":"tag-nantes","17":"tag-news","18":"tag-pays-de-la-loire","19":"tag-republique-francaise","20":"tag-societe","21":"tag-vignoble-nantais"},"share_on_mastodon":{"url":"https:\/\/pubeurope.com\/@fr\/114545417621272467","error":""},"_links":{"self":[{"href":"https:\/\/www.europesays.com\/fr\/wp-json\/wp\/v2\/posts\/116655","targetHints":{"allow":["GET"]}}],"collection":[{"href":"https:\/\/www.europesays.com\/fr\/wp-json\/wp\/v2\/posts"}],"about":[{"href":"https:\/\/www.europesays.com\/fr\/wp-json\/wp\/v2\/types\/post"}],"author":[{"embeddable":true,"href":"https:\/\/www.europesays.com\/fr\/wp-json\/wp\/v2\/users\/2"}],"replies":[{"embeddable":true,"href":"https:\/\/www.europesays.com\/fr\/wp-json\/wp\/v2\/comments?post=116655"}],"version-history":[{"count":0,"href":"https:\/\/www.europesays.com\/fr\/wp-json\/wp\/v2\/posts\/116655\/revisions"}],"wp:featuredmedia":[{"embeddable":true,"href":"https:\/\/www.europesays.com\/fr\/wp-json\/wp\/v2\/media\/116656"}],"wp:attachment":[{"href":"https:\/\/www.europesays.com\/fr\/wp-json\/wp\/v2\/media?parent=116655"}],"wp:term":[{"taxonomy":"category","embeddable":true,"href":"https:\/\/www.europesays.com\/fr\/wp-json\/wp\/v2\/categories?post=116655"},{"taxonomy":"post_tag","embeddable":true,"href":"https:\/\/www.europesays.com\/fr\/wp-json\/wp\/v2\/tags?post=116655"}],"curies":[{"name":"wp","href":"https:\/\/api.w.org\/{rel}","templated":true}]}}