{"id":1166550,"date":"2026-09-04T08:59:16","date_gmt":"2026-09-04T08:59:16","guid":{"rendered":"https:\/\/www.europesays.com\/fr\/1166550\/"},"modified":"2026-09-04T08:59:16","modified_gmt":"2026-09-04T08:59:16","slug":"loire-la-descente-du-bus-vire-a-la-catastrophe-son-bras-finit-completement-ecrase-sous-une-roue","status":"publish","type":"post","link":"https:\/\/www.europesays.com\/fr\/1166550\/","title":{"rendered":"Loire : la descente du bus vire \u00e0 la catastrophe, son bras finit compl\u00e8tement \u00e9cras\u00e9 sous une roue"},"content":{"rendered":"<p>                    Par<br \/>\n        <strong><br \/>\n            <a href=\"https:\/\/actu.fr\/auteur\/redaction-saint-etienne\" title=\"Consulter tous les articles de R\u00e9daction Saint-\u00c9tienne\" rel=\"nofollow noopener\" target=\"_blank\">R\u00e9daction Saint-\u00c9tienne<\/a><br \/>\n                    <\/strong><\/p>\n<p>        Publi\u00e9 le<\/p>\n<p>            4 sept. 2026 \u00e0 10h33        <\/p>\n<p>La descente du bus a vir\u00e9 au drame jeudi 3 septembre 2026 apr\u00e8s-midi \u00e0 Roanne (<a href=\"https:\/\/actu.fr\/auvergne-rhone-alpes\/loire_42\" rel=\"nofollow noopener\" target=\"_blank\">Loire<\/a>). Selon <a href=\"https:\/\/www.leprogres.fr\/faits-divers-justice\/2026\/09\/03\/le-bras-d-un-nonagenaire-ecrase-par-un-bus\" rel=\"nofollow noopener\" target=\"_blank\">Le Progr\u00e8s<\/a>, un homme de 81 ans a fait une <strong>violente chute en sortant d\u2019un autobus<\/strong> de la ligne 3 de la STAR au niveau de l\u2019arr\u00eat H\u00f4tel-de-Ville, vers 17 h 30.<\/p>\n<p class=\" wall-content\">Pour des raisons qui restent encore \u00e0 \u00e9claircir, un bras de l\u2019octog\u00e9naire s\u2019est retrouv\u00e9 <strong>coinc\u00e9 sous l\u2019une des roues du v\u00e9hicule<\/strong>, qui transportait \u00e0 ce moment pas moins de 85 voyageurs.<\/p>\n<p>Le conducteur du bus choqu\u00e9<\/p>\n<p class=\" wall-content\">Intervenus sur les lieux, les sapeurs-pompiers sont finalement parvenus \u00e0 extraire l\u2019octog\u00e9naire, apr\u00e8s avoir somm\u00e9 les passagers d\u2019\u00e9vacuer le bus.<\/p>\n<p class=\" wall-content\">Mais, toujours selon nos confr\u00e8res, le vieil homme a \u00e9t\u00e9 gri\u00e8vement bless\u00e9. Il a \u00e9t\u00e9 \u00e9vacu\u00e9 d\u2019urgence en direction du centre hospitalier de Roanne. De son c\u00f4t\u00e9, le conducteur du bus, choqu\u00e9 par les \u00e9v\u00e9nements, a, lui aussi, \u00e9t\u00e9 transport\u00e9 \u00e0 l\u2019h\u00f4pital par les secours.<\/p>\n<p class=\" wall-content\">Personnalisez votre actualit\u00e9 en ajoutant vos villes et m\u00e9dias en favori avec <a href=\"https:\/\/moncompte.actu.fr\" title=\"D\u00e9couvez Mon Actu\" rel=\"nofollow noopener\" data-trk=\"{&quot;cta&quot;:{&quot;action&quot;:&quot;https:\\\/\\\/moncompte.actu.fr&quot;,&quot;category&quot;:&quot;mon compte&quot;,&quot;from&quot;:&quot;article footer&quot;,&quot;name&quot;:&quot;Mon actu&quot;,&quot;type&quot;:&quot;cta&quot;}}\" target=\"_blank\">Mon Actu<\/a>.<\/p>\n","protected":false},"excerpt":{"rendered":"Par R\u00e9daction Saint-\u00c9tienne Publi\u00e9 le 4 sept. 2026 \u00e0 10h33 La descente du bus a vir\u00e9 au drame&hellip;\n","protected":false},"author":2,"featured_media":1166551,"comment_status":"","ping_status":"","sticky":false,"template":"","format":"standard","meta":{"footnotes":"","_share_on_mastodon":"0"},"categories":[9653],"tags":[119,1111,11,2430,1777,674,118,1011,27,12,1311,25,4001],"class_list":["post-1166550","post","type-post","status-publish","format-standard","has-post-thumbnail","category-saint-etienne","tag-accident","tag-actu","tag-actualites","tag-auvergne-rhone-alpes","tag-eu","tag-europe","tag-faits-divers","tag-fr","tag-france","tag-news","tag-pompiers","tag-republique-francaise","tag-saint-etienne"],"share_on_mastodon":{"url":"https:\/\/pubeurope.com\/@fr\/117211953012231701","error":""},"_links":{"self":[{"href":"https:\/\/www.europesays.com\/fr\/wp-json\/wp\/v2\/posts\/1166550","targetHints":{"allow":["GET"]}}],"collection":[{"href":"https:\/\/www.europesays.com\/fr\/wp-json\/wp\/v2\/posts"}],"about":[{"href":"https:\/\/www.europesays.com\/fr\/wp-json\/wp\/v2\/types\/post"}],"author":[{"embeddable":true,"href":"https:\/\/www.europesays.com\/fr\/wp-json\/wp\/v2\/users\/2"}],"replies":[{"embeddable":true,"href":"https:\/\/www.europesays.com\/fr\/wp-json\/wp\/v2\/comments?post=1166550"}],"version-history":[{"count":0,"href":"https:\/\/www.europesays.com\/fr\/wp-json\/wp\/v2\/posts\/1166550\/revisions"}],"wp:featuredmedia":[{"embeddable":true,"href":"https:\/\/www.europesays.com\/fr\/wp-json\/wp\/v2\/media\/1166551"}],"wp:attachment":[{"href":"https:\/\/www.europesays.com\/fr\/wp-json\/wp\/v2\/media?parent=1166550"}],"wp:term":[{"taxonomy":"category","embeddable":true,"href":"https:\/\/www.europesays.com\/fr\/wp-json\/wp\/v2\/categories?post=1166550"},{"taxonomy":"post_tag","embeddable":true,"href":"https:\/\/www.europesays.com\/fr\/wp-json\/wp\/v2\/tags?post=1166550"}],"curies":[{"name":"wp","href":"https:\/\/api.w.org\/{rel}","templated":true}]}}