{"id":1166555,"date":"2026-09-04T09:03:19","date_gmt":"2026-09-04T09:03:19","guid":{"rendered":"https:\/\/www.europesays.com\/fr\/1166555\/"},"modified":"2026-09-04T09:03:19","modified_gmt":"2026-09-04T09:03:19","slug":"toulon-journees-du-patrimoine-2026-la-photographie-et-la-marine-nationale-a-lhonneur","status":"publish","type":"post","link":"https:\/\/www.europesays.com\/fr\/1166555\/","title":{"rendered":"TOULON : Journ\u00e9es du patrimoine 2026 &#8211; La photographie et la Marine nationale \u00e0 l&rsquo;honneur"},"content":{"rendered":"<p><strong>Toulon c\u00e9l\u00e8bre les 43e Journ\u00e9es du patrimoine avec un riche programme m\u00ealant photographie, patrimoine maritime et ouvertures in\u00e9dites les 19 et 20 septembre.<\/strong><\/p>\n<p>Le temps d\u2019un week-end, Toulon invite r\u00e9sidents et visiteurs \u00e0 une fl\u00e2nerie culturelle et historique \u00e0 l\u2019occasion de la 43e \u00e9dition des Journ\u00e9es europ\u00e9ennes du patrimoine. Les 19 et 20 septembre prochains, la ville mettra en lumi\u00e8re ses tr\u00e9sors, souvent m\u00e9connus, autour des th\u00e8mes nationaux du \u00ab patrimoine de la photographie \u00bb et du \u00ab patrimoine \u00e0 raviver ou \u00e0 r\u00e9imaginer \u00bb, propos\u00e9s par le Minist\u00e8re de la Culture.<\/p>\n<p><strong>Un triple regard sur la photographie<\/strong><\/p>\n<p>Pour c\u00e9l\u00e9brer les 200 ans de l\u2019invention de la photographie, la ville propose un v\u00e9ritable parcours artistique \u00e0 travers trois \u00e9poques et trois sensibilit\u00e9s. Les visiteurs pourront ainsi red\u00e9couvrir le Mus\u00e9e d\u2019art de Toulon, qui accueille l\u2019exposition \u00ab Man Ray : Magie de l\u2019image \u00bb, une plong\u00e9e dans le surr\u00e9alisme historique. La Maison de la Photographie mettra en avant le regard humaniste et d\u00e9cal\u00e9 du c\u00e9l\u00e8bre photographe britannique Martin Parr. Enfin, le Cabinet d\u2019Art Graphique compl\u00e8tera ce triptyque avec une exposition consacr\u00e9e \u00e0 Paul Almasy, offrant une vision plus contemporaine de cet art. Ces trois lieux dialogueront pour offrir une exp\u00e9rience compl\u00e8te et immersive.<\/p>\n<p><strong>Un patrimoine vivant, entretenu et restaur\u00e9<\/strong><\/p>\n<p>Au-del\u00e0 de ces expositions temporaires, ces journ\u00e9es sont l\u2019occasion de souligner le travail de fond men\u00e9 toute l\u2019ann\u00e9e par la Ville pour la pr\u00e9servation de son h\u00e9ritage. Des visites guid\u00e9es in\u00e9dites permettront d\u2019appr\u00e9cier de mani\u00e8re privil\u00e9gi\u00e9e le savoir-faire des \u00e9quipes des Archives municipales dans la pr\u00e9servation d\u2019ouvrages anciens. Le public pourra \u00e9galement admirer la restauration minutieuse des chapelles fun\u00e9raires du cimeti\u00e8re central ou encore les travaux r\u00e9alis\u00e9s au Mus\u00e9um d\u00e9partemental du Var, t\u00e9moignant d\u2019un engagement constant pour la sauvegarde du patrimoine b\u00e2ti et des collections.<\/p>\n<p><strong>La Marine en f\u00eate et des ouvertures exceptionnelles<\/strong><\/p>\n<p>Cette \u00e9dition 2026 sera \u00e9galement marqu\u00e9e par un anniversaire majeur : les 400 ans de la Marine nationale. Pour c\u00e9l\u00e9brer cet \u00e9v\u00e9nement, plusieurs sites militaires, habituellement ferm\u00e9s au public, ouvriront exceptionnellement leurs portes, offrant une occasion rare de d\u00e9couvrir l\u2019histoire maritime de Toulon. Les curieux pourront aussi explorer l\u2019embl\u00e9matique Tour Royale ou vibrer au rythme du Festival Constellations. Parmi les nouveaut\u00e9s, la Pr\u00e9fecture du Var inaugurera son label \u00ab Architecture contemporaine remarquable \u00bb en accueillant les visiteurs dans ses locaux.<\/p>\n<p><strong>Un week-end pour tous<\/strong><\/p>\n<p>Le grand public est attendu les samedi 19 et dimanche 20 septembre pour arpenter la ville. La journ\u00e9e du vendredi 18 septembre sera, quant \u00e0 elle, enti\u00e8rement consacr\u00e9e \u00e0 l\u2019accueil des scolaires, leur offrant une porte d\u2019entr\u00e9e privil\u00e9gi\u00e9e vers la richesse du patrimoine local.<\/p>\n<p><a href=\"https:\/\/toulon.fr\/agenda\/journees-europeennes-du-patrimoine\" rel=\"nofollow noopener\" target=\"_blank\">Journ\u00e9es europ\u00e9ennes du Patrimoine | Site officiel de la ville de Toulon<\/a><\/p>\n<p><strong>via Presse Agence (r\u00e9dig\u00e9 \u00e0 partir d\u2019un communiqu\u00e9 de presse transmis \u00e0 la r\u00e9daction).<\/strong><\/p>\n","protected":false},"excerpt":{"rendered":"Toulon c\u00e9l\u00e8bre les 43e Journ\u00e9es du patrimoine avec un riche programme m\u00ealant photographie, patrimoine maritime et ouvertures in\u00e9dites&hellip;\n","protected":false},"author":2,"featured_media":1166556,"comment_status":"","ping_status":"","sticky":false,"template":"","format":"standard","meta":{"footnotes":"","_share_on_mastodon":"0"},"categories":[9619],"tags":[1111,11,1777,674,1011,27,12,882,25,2310],"class_list":["post-1166555","post","type-post","status-publish","format-standard","has-post-thumbnail","category-toulon","tag-actu","tag-actualites","tag-eu","tag-europe","tag-fr","tag-france","tag-news","tag-provence-alpes-cote-dazur","tag-republique-francaise","tag-toulon"],"share_on_mastodon":{"url":"https:\/\/pubeurope.com\/@fr\/117211968848927118","error":""},"_links":{"self":[{"href":"https:\/\/www.europesays.com\/fr\/wp-json\/wp\/v2\/posts\/1166555","targetHints":{"allow":["GET"]}}],"collection":[{"href":"https:\/\/www.europesays.com\/fr\/wp-json\/wp\/v2\/posts"}],"about":[{"href":"https:\/\/www.europesays.com\/fr\/wp-json\/wp\/v2\/types\/post"}],"author":[{"embeddable":true,"href":"https:\/\/www.europesays.com\/fr\/wp-json\/wp\/v2\/users\/2"}],"replies":[{"embeddable":true,"href":"https:\/\/www.europesays.com\/fr\/wp-json\/wp\/v2\/comments?post=1166555"}],"version-history":[{"count":0,"href":"https:\/\/www.europesays.com\/fr\/wp-json\/wp\/v2\/posts\/1166555\/revisions"}],"wp:featuredmedia":[{"embeddable":true,"href":"https:\/\/www.europesays.com\/fr\/wp-json\/wp\/v2\/media\/1166556"}],"wp:attachment":[{"href":"https:\/\/www.europesays.com\/fr\/wp-json\/wp\/v2\/media?parent=1166555"}],"wp:term":[{"taxonomy":"category","embeddable":true,"href":"https:\/\/www.europesays.com\/fr\/wp-json\/wp\/v2\/categories?post=1166555"},{"taxonomy":"post_tag","embeddable":true,"href":"https:\/\/www.europesays.com\/fr\/wp-json\/wp\/v2\/tags?post=1166555"}],"curies":[{"name":"wp","href":"https:\/\/api.w.org\/{rel}","templated":true}]}}