{"id":1166557,"date":"2026-09-04T09:04:16","date_gmt":"2026-09-04T09:04:16","guid":{"rendered":"https:\/\/www.europesays.com\/fr\/1166557\/"},"modified":"2026-09-04T09:04:16","modified_gmt":"2026-09-04T09:04:16","slug":"toulon-education-le-tableau-noir-cede-la-place-aux-ecrans-interactifs-dans-les-ecoles","status":"publish","type":"post","link":"https:\/\/www.europesays.com\/fr\/1166557\/","title":{"rendered":"TOULON : \u00c9ducation &#8211; Le tableau noir c\u00e8de la place aux \u00e9crans interactifs dans les \u00e9coles"},"content":{"rendered":"<p><strong>La Ville de Toulon a achev\u00e9 la transformation num\u00e9rique de ses \u00e9coles avec des tableaux interactifs, des tablettes et un Espace Num\u00e9rique de Travail.<\/strong><\/p>\n<p>L\u2019\u00e8re du tableau noir et de la craie est r\u00e9volue dans les \u00e9tablissements scolaires de Toulon. Engag\u00e9e en 2019 par la municipalit\u00e9, la modernisation num\u00e9rique des \u00e9coles primaires est aujourd\u2019hui une r\u00e9alit\u00e9, transformant en profondeur les m\u00e9thodes d\u2019enseignement et la communication avec les familles. Ce processus a consist\u00e9 \u00e0 \u00e9quiper non seulement les salles de classe et les espaces informatiques, mais aussi les directions de chaque groupe scolaire.<\/p>\n<p><strong>Des outils p\u00e9dagogiques interactifs au c\u0153ur de la classe<\/strong><\/p>\n<p>Au centre de cette r\u00e9volution se trouve le tableau blanc interactif (TBI). Cet \u00e9cran tactile, reli\u00e9 \u00e0 un ordinateur et \u00e0 un vid\u00e9oprojecteur, est devenu le principal outil de dialogue entre les enseignants et les \u00e9l\u00e8ves du primaire. Il permet de cr\u00e9er une situation d\u2019apprentissage commune et dynamique, multipliant les possibilit\u00e9s de travail collaboratif.<\/p>\n<p>Cet \u00e9quipement, \u00e0 la fois p\u00e9dagogique et ludique, capte plus facilement l\u2019attention d\u2019une g\u00e9n\u00e9ration d\u2019\u00e9l\u00e8ves habitu\u00e9e aux \u00e9crans depuis le plus jeune \u00e2ge. Face \u00e0 son succ\u00e8s, le d\u00e9ploiement de ces TBI va prochainement s\u2019\u00e9tendre aux \u00e9coles maternelles de la ville.<\/p>\n<p><strong>Un portail unique pour la communaut\u00e9 \u00e9ducative<\/strong><\/p>\n<p>La digitalisation a \u00e9galement refondu les relations entre les parents d\u2019\u00e9l\u00e8ves et l\u2019\u00e9quipe p\u00e9dagogique. Depuis la rentr\u00e9e 2022, un Espace Num\u00e9rique de Travail (ENT) a \u00e9t\u00e9 mis en service, en partenariat avec le D\u00e9partement du Var. Cette application centralise l\u2019int\u00e9gralit\u00e9 du parcours scolaire de chaque enfant, de son entr\u00e9e en maternelle jusqu\u2019\u00e0 la fin de la 3\u00e8me.<\/p>\n<p>La plateforme regroupe de mani\u00e8re d\u00e9mat\u00e9rialis\u00e9e le cahier de texte, l\u2019emploi du temps, une messagerie s\u00e9curis\u00e9e pour les \u00e9changes, ainsi que des outils bureautiques collaboratifs. Ce portail unifi\u00e9 rel\u00e8gue d\u00e9finitivement l\u2019ancien carnet de correspondance au rang des souvenirs, en offrant une base d\u2019\u00e9change moderne et instantan\u00e9e avec les familles.<\/p>\n<p><strong>La transformation num\u00e9rique en chiffres<\/strong><\/p>\n<p>L\u2019investissement de la Ville de Toulon se traduit par un \u00e9quipement cons\u00e9quent, destin\u00e9 \u00e0 garantir un acc\u00e8s \u00e9quitable aux nouvelles technologies pour tous les \u00e9l\u00e8ves. L\u2019ensemble des \u00e9coles toulonnaises est d\u00e9sormais raccord\u00e9 \u00e0 la fibre optique pour une connexion \u00e0 haut d\u00e9bit.<\/p>\n<p>Le parc mat\u00e9riel comprend 1 015 ordinateurs fixes install\u00e9s dans les \u00e9coles \u00e9l\u00e9mentaires, compl\u00e9t\u00e9s par un parc de 400 tablettes num\u00e9riques pour un usage mobile et flexible. Par ailleurs, 415 vid\u00e9oprojecteurs \u00e9quipent les salles de classe, et chaque \u00e9cole dispose d\u2019un copieur couleurs multifonction (imprimante, scanner, copieur) pour r\u00e9pondre aux besoins administratifs et p\u00e9dagogiques.<\/p>\n<p><strong>via Presse Agence (r\u00e9dig\u00e9 \u00e0 partir d\u2019un communiqu\u00e9 de presse transmis \u00e0 la r\u00e9daction).<\/strong><\/p>\n","protected":false},"excerpt":{"rendered":"La Ville de Toulon a achev\u00e9 la transformation num\u00e9rique de ses \u00e9coles avec des tableaux interactifs, des tablettes&hellip;\n","protected":false},"author":2,"featured_media":1166558,"comment_status":"","ping_status":"","sticky":false,"template":"","format":"standard","meta":{"footnotes":"","_share_on_mastodon":"0"},"categories":[9619],"tags":[1111,11,1777,674,1011,27,12,882,25,2310],"class_list":["post-1166557","post","type-post","status-publish","format-standard","has-post-thumbnail","category-toulon","tag-actu","tag-actualites","tag-eu","tag-europe","tag-fr","tag-france","tag-news","tag-provence-alpes-cote-dazur","tag-republique-francaise","tag-toulon"],"share_on_mastodon":{"url":"https:\/\/pubeurope.com\/@fr\/117211972726021743","error":""},"_links":{"self":[{"href":"https:\/\/www.europesays.com\/fr\/wp-json\/wp\/v2\/posts\/1166557","targetHints":{"allow":["GET"]}}],"collection":[{"href":"https:\/\/www.europesays.com\/fr\/wp-json\/wp\/v2\/posts"}],"about":[{"href":"https:\/\/www.europesays.com\/fr\/wp-json\/wp\/v2\/types\/post"}],"author":[{"embeddable":true,"href":"https:\/\/www.europesays.com\/fr\/wp-json\/wp\/v2\/users\/2"}],"replies":[{"embeddable":true,"href":"https:\/\/www.europesays.com\/fr\/wp-json\/wp\/v2\/comments?post=1166557"}],"version-history":[{"count":0,"href":"https:\/\/www.europesays.com\/fr\/wp-json\/wp\/v2\/posts\/1166557\/revisions"}],"wp:featuredmedia":[{"embeddable":true,"href":"https:\/\/www.europesays.com\/fr\/wp-json\/wp\/v2\/media\/1166558"}],"wp:attachment":[{"href":"https:\/\/www.europesays.com\/fr\/wp-json\/wp\/v2\/media?parent=1166557"}],"wp:term":[{"taxonomy":"category","embeddable":true,"href":"https:\/\/www.europesays.com\/fr\/wp-json\/wp\/v2\/categories?post=1166557"},{"taxonomy":"post_tag","embeddable":true,"href":"https:\/\/www.europesays.com\/fr\/wp-json\/wp\/v2\/tags?post=1166557"}],"curies":[{"name":"wp","href":"https:\/\/api.w.org\/{rel}","templated":true}]}}