{"id":1166569,"date":"2026-09-04T09:13:17","date_gmt":"2026-09-04T09:13:17","guid":{"rendered":"https:\/\/www.europesays.com\/fr\/1166569\/"},"modified":"2026-09-04T09:13:17","modified_gmt":"2026-09-04T09:13:17","slug":"pro-d2-fcg-une-deuxieme-ligne-australienne-un-adversaire-puissant-ce-quil-faut-savoir-avant-le-deplacement-a-montauban","status":"publish","type":"post","link":"https:\/\/www.europesays.com\/fr\/1166569\/","title":{"rendered":"Pro D2. FCG\u00a0: une deuxi\u00e8me ligne australienne, un adversaire puissant&#8230; ce qu&rsquo;il faut savoir avant le d\u00e9placement \u00e0 Montauban"},"content":{"rendered":"<p>  Les enjeux\u00a0: garder son invincibilit\u00e9<\/p>\n<p>Ce n\u2019est pas un exploit, loin de l\u00e0, mais Grenoble comme Montauban ont commenc\u00e9 leur nouveau championnat par une victoire. Pour les Is\u00e9rois (4es, 5 points), \u00e7a se passait \u00e0 domicile et \u00e7<a title=\"rugby Pro D2 FCG vs SA r\u00e9su\" href=\"https:\/\/www.ledauphine.com\/sport\/2026\/08\/27\/treize-essais-et-un-bonus-offensif-la-grosse-entree-en-matiere-du-fcg-contre-aurillac\" target=\"_blank\" rel=\"nofollow noopener\">a a \u00e9t\u00e9 agr\u00e9ment\u00e9 d\u2019un bonus offensif face \u00e0 Aurillac<\/a> (57-33).<\/p>\n<p>Pour les Tarn-et-Garonnais (6e, 4 points), il a fallu voyager\u00a0; mais le succ\u00e8s ramen\u00e9 de Nevers (25-21) avait la saveur du renouveau, apr\u00e8s huit mois de d\u00e9faites ininterrompues en Top 14. Pour l\u2019un comme pour l\u2019autre des adversaires en pr\u00e9sence vendredi, il s\u2019agira de viser un deuxi\u00e8me succ\u00e8s. Pour s\u2019installer, pourquoi pas, sur le podium provisoire.<\/p>\n<p>  Le groupe du FCG<\/p>\n<p><strong>XV de d\u00e9part<\/strong>\u00a0: H.\u00a0Trouilloud \u2013 Costa Storti, Sawailau, Lalomilo, Callandret \u2013 (o) Palmier, (m) Bar. Couilloud \u2013 A.\u00a0Berruyer (cap), Pauta, Thompson \u2013 Holt, Lee-Warner \u2013 Pertaia, Soury, Gauthier.<\/p>\n<p><strong>Rempla\u00e7ants<\/strong>\u00a0: Toevalu, Eglaine, C.\u00a0Thomas, Labouteley, Abescat Leroy, Cl\u00e9ment, Alary, Peccaud.<\/p>\n<p><strong>&gt;&gt;\u00a0<\/strong><a href=\"https:\/\/www.ledauphine.com\/sport\/calendrier-resultats\/rugby\/national-pro-d2-saison-reguliere\" rel=\"nofollow noopener\" target=\"_blank\"><strong>Les r\u00e9sultats, le classement et le calendrier de Pro D2<\/strong><\/a><\/p>\n<p>  L\u2019adversaire\u00a0: Montauban sort les muscles<\/p>\n<p>Montauban sort-il traumatis\u00e9 d\u2019une saison en Top 14 \u00e0 24 d\u00e9faites pour 26 matches (un nul et une victoire)\u00a0? Pour ceux qui le pensaient, le rel\u00e9gu\u00e9 a r\u00e9pondu d\u2019un coup de poing sur la pelouse du Pr\u00e9-Fleuri.<\/p>\n<p>Avec notamment l\u2019apport de ses recrues, l\u2019ouvreur Enzo Herv\u00e9 (ex-Castres, 10 points) et le n\u00b08 n\u00e9o-z\u00e9landais Vaiolini Ekuasi (un essai). De quoi assumer un statut. \u00ab\u00a0On n\u2019est pas le favori. Par contre, on sait que tous les week-ends, quand on va recevoir mais surtout quand on va se d\u00e9placer, les clubs vont marketer ce match comme \u201cl\u2019\u00e9quipe qui descend du Top 14\u201d\u00a0\u00bb, <a title=\"rugby Pro D2 USM FCG mag adversaire\" href=\"https:\/\/www.ledauphine.com\/sport\/2026\/09\/03\/on-a-beaucoup-appris-apres-un-aller-retour-en-top-14-montauban-adversaire-du-fcg-retrouve-la-pro-d2-avec-ambition\" target=\"_blank\" rel=\"nofollow noopener\">nous a confi\u00e9 cette semaine Johan Dalla Riva, le directeur g\u00e9n\u00e9ral de l\u2019USM XV<\/a>.<\/p>\n<p>Pour la premi\u00e8re des Vert et Noir \u00e0 Sapiac, S\u00e9bastien Tillous-Borde a reconduit 14 des 15 vainqueurs \u00e0 Nevers. Seul le flanker et capitaine Fred Quercy (bless\u00e9) laisse sa place \u00e0 Lucas Dessaigne (ex-Clermont). Pour composer une\u00a0troisi\u00e8me ligne tr\u00e8s dense, avec Ekuasi et Fifita.<\/p>\n<p>  L\u2019homme \u00e0 suivre\u00a0: Fergus Lee-Warner<\/p>\n<p>Il porte la tenue rouge et bleu depuis un mois et il a d\u00e9couvert le Stade des Alpes la semaine pass\u00e9e face \u00e0 Aurillac. Cette fois, Fergus Lee-Warner va d\u00e9couvrir la Pro D2 \u00e0 l\u2019ext\u00e9rieur. Dans la \u201ccuvette\u201d de Sapiac, que les Montalbanais ont transform\u00e9 en \u201cchaudron\u201d, avec un public plus pr\u00e8s du terrain.<\/p>\n<p>Vu la composition align\u00e9e par les locaux (gros pack, banc en 6\/2), on se doute que <a title=\"rugby Pro D2 USM vs FCG angle n\u00b08\" href=\"https:\/\/www.ledauphine.com\/sport\/2026\/09\/03\/avec-mathis-baret-otunuku-pauta-et-steven-david-le-fcg-a-l-embarras-du-choix-au-poste-de-numero-8?login=1\" target=\"_blank\" rel=\"nofollow noopener\">les Sapiacains vont d\u00e9fier les Is\u00e9rois sur le plan physique<\/a>. L\u2019Australien venu de Newcastle (32 ans, 1,98\u00a0m, 112\u00a0kg), align\u00e9 \u201cdans la cage\u201d au c\u00f4t\u00e9 de son compatriote Cameron Holt (27 ans), a l\u2019occasion de montrer pourquoi Grenoble a mis\u00e9 sur lui.<\/p>\n<p>  L\u2019info en plus\u00a0: du gazon au synth\u00e9tique<\/p>\n<p>Cette saison, neuf des seize clubs de Pro D2 proposeront un terrain synth\u00e9tique \u00e0 leurs h\u00f4tes. Pour le FCG, ce d\u00e9placement \u00e0 Montauban sera le premier des matches sur ce type de surface. Aussi, l\u2019effectif alpin a r\u00e9alis\u00e9 ses deux derniers entra\u00eenements de la semaine (mercredi et jeudi) sur le stade Jean-de-Gregorio, avant de monter dans le bus.<\/p>\n<p>  La d\u00e9claration<\/p>\n<p>\u00ab\u00a0Il y a l\u2019excitation d\u2019un premier d\u00e9placement et aussi l\u2019impatience de s\u2019attaquer \u00e0 une \u00e9quipe ambitieuse dans ce championnat. C\u2019est un gros morceau\u2026 mais c\u2019est bien, on est excit\u00e9, on a envie de jouer. Face \u00e0 une \u00e9quipe au profil tr\u00e8s costaud et qui a des avants massifs, ce sera un bon challenge, surtout d\u00e9fensivement, pour nous.\u00a0\u00bb De Barnab\u00e9 Couilloud, demi de m\u00eal\u00e9e du FCG.<\/p>\n<p class=\"insetTitle\">Les confrontations directes\u00a0: avantage Grenoble<\/p>\n<p>En Is\u00e8re, personne n\u2019a oubli\u00e9 le dernier match entre les deux \u00e9quipes\u2026 <a title=\"rugby Pro D2 24-25 finale USM FCG\" href=\"https:\/\/www.ledauphine.com\/sport\/2025\/06\/07\/nouvelle-desillusion-pour-le-fcg-qui-perd-une-troisieme-fois-de-suite-en-finale\" target=\"_blank\" rel=\"nofollow noopener\">la finale 2025 perdue \u00e0 Toulouse<\/a> (19-24). Mais depuis 2017, le FCG a domin\u00e9 neuf fois l\u2019USM XV (pour deux nuls et cinq d\u00e9faites).<\/p>\n<p>La derni\u00e8re visite des Is\u00e9rois \u00e0 Sapiac s\u2019\u00e9tait sold\u00e9e par une d\u00e9faite avec bonus (25-30, octobre\u00a02024). Avant cela, les Is\u00e9rois avaient triomph\u00e9 en janvier\u00a02024 (28-11) et en octobre\u00a02022 (34-33), sans oublier un nul en d\u00e9cembre\u00a02021 (25-25). Alors\u2026 la place \u00e0 l\u2019ambition existe.<\/p>\n","protected":false},"excerpt":{"rendered":"Les enjeux\u00a0: garder son invincibilit\u00e9 Ce n\u2019est pas un exploit, loin de l\u00e0, mais Grenoble comme Montauban ont&hellip;\n","protected":false},"author":2,"featured_media":1166570,"comment_status":"","ping_status":"","sticky":false,"template":"","format":"standard","meta":{"footnotes":"","_share_on_mastodon":"0"},"categories":[9566],"tags":[1111,11,2430,112,1777,674,2727,1701,1011,27,2731,2732,108,12,2308,25,479,517],"class_list":["post-1166569","post","type-post","status-publish","format-standard","has-post-thumbnail","category-grenoble","tag-actu","tag-actualites","tag-auvergne-rhone-alpes","tag-edition-grenoble-agglomeration","tag-eu","tag-europe","tag-fcg-fc-grenoble-rugby","tag-fil-info-sport","tag-fr","tag-france","tag-grenoble","tag-grenoble-bassin","tag-isere","tag-news","tag-pro-d2","tag-republique-francaise","tag-rugby","tag-sport"],"share_on_mastodon":{"url":"https:\/\/pubeurope.com\/@fr\/117212008133148115","error":""},"_links":{"self":[{"href":"https:\/\/www.europesays.com\/fr\/wp-json\/wp\/v2\/posts\/1166569","targetHints":{"allow":["GET"]}}],"collection":[{"href":"https:\/\/www.europesays.com\/fr\/wp-json\/wp\/v2\/posts"}],"about":[{"href":"https:\/\/www.europesays.com\/fr\/wp-json\/wp\/v2\/types\/post"}],"author":[{"embeddable":true,"href":"https:\/\/www.europesays.com\/fr\/wp-json\/wp\/v2\/users\/2"}],"replies":[{"embeddable":true,"href":"https:\/\/www.europesays.com\/fr\/wp-json\/wp\/v2\/comments?post=1166569"}],"version-history":[{"count":0,"href":"https:\/\/www.europesays.com\/fr\/wp-json\/wp\/v2\/posts\/1166569\/revisions"}],"wp:featuredmedia":[{"embeddable":true,"href":"https:\/\/www.europesays.com\/fr\/wp-json\/wp\/v2\/media\/1166570"}],"wp:attachment":[{"href":"https:\/\/www.europesays.com\/fr\/wp-json\/wp\/v2\/media?parent=1166569"}],"wp:term":[{"taxonomy":"category","embeddable":true,"href":"https:\/\/www.europesays.com\/fr\/wp-json\/wp\/v2\/categories?post=1166569"},{"taxonomy":"post_tag","embeddable":true,"href":"https:\/\/www.europesays.com\/fr\/wp-json\/wp\/v2\/tags?post=1166569"}],"curies":[{"name":"wp","href":"https:\/\/api.w.org\/{rel}","templated":true}]}}