{"id":1166575,"date":"2026-09-04T09:18:24","date_gmt":"2026-09-04T09:18:24","guid":{"rendered":"https:\/\/www.europesays.com\/fr\/1166575\/"},"modified":"2026-09-04T09:18:24","modified_gmt":"2026-09-04T09:18:24","slug":"exposition-immersive-sur-la-mediterranee-au-parc-des-expositions-de-strasbourg","status":"publish","type":"post","link":"https:\/\/www.europesays.com\/fr\/1166575\/","title":{"rendered":"Exposition immersive sur la M\u00e9diterran\u00e9e au Parc des Expositions de Strasbourg"},"content":{"rendered":"\n<p class=\"intro\">Du 4 au 13 septembre 2026, le Hall 4 du Parc des Expositions de Strasbourg accueille une exposition immersive d\u00e9di\u00e9e \u00e0 la M\u00e9diterran\u00e9e, propos\u00e9e dans le cadre de la Foire Europ\u00e9enne de Strasbourg. Sur pr\u00e8s de 1 000 m\u00b2, trois destinations embl\u00e9matiques de l&rsquo;Europe du Sud sont mises \u00e0 l&rsquo;honneur\u00a0: l&rsquo;Andalousie, Venise et Ath\u00e8nes. L&rsquo;exposition est accessible tous les jours pendant toute la dur\u00e9e de la Foire.<\/p>\n<p> Un voyage immersif au c\u0153ur de la M\u00e9diterran\u00e9e, au Hall 4 de la Foire Europ\u00e9enne de Strasbourg <\/p>\n<p>Chaque ann\u00e9e, la Foire Europ\u00e9enne de Strasbourg s&rsquo;impose comme l&rsquo;un des grands rendez-vous populaires du Grand Est, et l&rsquo;\u00e9dition 2026 ne fait pas exception. Pour cette nouvelle \u00e9dition, le <a href=\"https:\/\/www.jds.fr\/strasbourg\/parc-expo\/parc-des-expositions-4589_L\" rel=\"nofollow noopener\" target=\"_blank\">Parc des Expositions de Strasbourg<\/a> ouvre les portes d&rsquo;un univers sc\u00e9nographi\u00e9 enti\u00e8rement d\u00e9di\u00e9 \u00e0 la M\u00e9diterran\u00e9e. Install\u00e9e dans le Hall 4, cette exp\u00e9rience immersive invite le visiteur \u00e0 traverser trois p\u00e9ninsules de l&rsquo;Europe du Sud\u00a0: l&rsquo;Andalousie, avec ses couleurs et ses architectures caract\u00e9ristiques, Venise et ses canaux mythiques, et Ath\u00e8nes, berceau de la civilisation grecque. Le tout sur une surface de <strong>pr\u00e8s de 1 000 m\u00b2<\/strong>, sp\u00e9cialement con\u00e7ue et sc\u00e9nographi\u00e9e pour l&rsquo;occasion.<\/p>\n<p> <a data-lightbox=\"article\" data-title=\"Exposition immersive sur la M\u00e9diterran\u00e9e au Parc des Expositions de Strasbourg DR\" class=\"image detail fullwidth  position-relative d-block\" href=\"https:\/\/www.jds.fr\/medias\/image\/20260904-103222-img-article-6a9a8216cbdc59-02209569-1076043-920-0-F.webp\" title=\"Exposition immersive sur la M\u00e9diterran\u00e9e au Parc des Expositions de Strasbourg DR\" rel=\"nofollow noopener\" target=\"_blank\"><br \/>\n<img decoding=\"async\" loading=\"lazy\" src=\"https:\/\/www.europesays.com\/fr\/wp-content\/uploads\/2026\/09\/20260904-103222-img-article-6a9a8216cbdc59-02209569-1076043-1200-0.webp\"   width=\"685\" alt=\"Exposition immersive sur la M\u00e9diterran\u00e9e au Parc des Expositions de Strasbourg\" class=\"border\"\/><br \/>\nDR<br \/>\nExposition immersive sur la M\u00e9diterran\u00e9e au Parc des Expositions de Strasbourg<br \/>\n<\/a><\/p>\n<p>D\u00e9cors, costumes et mises en sc\u00e8ne\u00a0: une plong\u00e9e dans trois univers m\u00e9diterran\u00e9ens <\/p>\n<p>Ce qui distingue cette exposition, c&rsquo;est la richesse de sa mise en sc\u00e8ne\u00a0: <strong>d\u00e9cors reconstitu\u00e9s, objets authentiques, costumes et sc\u00e9nographies<\/strong> permettent de passer d&rsquo;un univers \u00e0 l&rsquo;autre de fa\u00e7on fluide et sensorielle. Loin d&rsquo;une exposition classique, le parcours est pens\u00e9 comme un voyage, o\u00f9 chaque espace raconte une identit\u00e9 culturelle distincte. Les amateurs d&rsquo;<a href=\"https:\/\/www.jds.fr\/strasbourg\/agenda\/experiences-interactives-immersives-489_B\" rel=\"nofollow noopener\" target=\"_blank\">exp\u00e9riences interactives et immersives \u00e0 Strasbourg<\/a> trouveront ici un format original, accessible \u00e0 tous les publics et propos\u00e9 <strong>tous les jours<\/strong> durant les dix jours de la Foire.<\/p>\n<p> Comment aller au Parc des Expositions de Strasbourg\u00a0? <\/p>\n<p>Pour rejoindre le Parc des Expositions en <strong>voiture<\/strong>, empruntez l&rsquo;autoroute <strong>A35<\/strong> et prenez la sortie <strong>Wacken \/ Institutions Europ\u00e9ennes<\/strong>. Depuis le centre-ville de Strasbourg, comptez environ <strong>10 minutes de trajet<\/strong>. Sur place, <strong>900 places de parking<\/strong> sont disponibles, dont des emplacements r\u00e9serv\u00e9s aux motos et des bornes de recharge pour v\u00e9hicules \u00e9lectriques. Des places de stationnement en voirie se trouvent \u00e9galement aux alentours (g\u00e9n\u00e9ralement payantes).<\/p>\n<p>En <strong>transports en commun<\/strong>, la station <strong>Wacken<\/strong> se situe \u00e0 seulement 3 minutes \u00e0 pied du site. Le tramway est accessible via les <strong>lignes B et E<\/strong> (arr\u00eats Lyc\u00e9e Kl\u00e9ber, Wacken ou Parlement Europ\u00e9en), et plusieurs lignes de bus (2, H et 50) desservent le secteur. Depuis la gare de Strasbourg, prenez une correspondance vers les lignes B ou E via l&rsquo;arr\u00eat <strong>Homme de Fer<\/strong>. Le parking-relais Rives de l&rsquo;Aar permet \u00e9galement de combiner voiture et tramway. Le Parc des Expositions est par ailleurs <strong>enti\u00e8rement accessible aux personnes \u00e0 mobilit\u00e9 r\u00e9duite<\/strong>, avec des cheminements adapt\u00e9s depuis les arr\u00eats de tramway et des places PMR \u00e0 proximit\u00e9 des entr\u00e9es.<\/p>\n<p class=\"mise_en_avant\">Notre conseil\u00a0: privil\u00e9giez le tramway (lignes B ou E, arr\u00eat Wacken) pour rejoindre le Parc des Expositions sans contrainte de stationnement, surtout en p\u00e9riode de forte affluence lors de la Foire Europ\u00e9enne. La station est \u00e0 seulement 3 minutes \u00e0 pied de l&rsquo;entr\u00e9e du site. Si vous souhaitez d\u00e9couvrir d&rsquo;autres \u00e9v\u00e9nements du m\u00eame genre en parall\u00e8le, notez que la <a href=\"https:\/\/www.jds.fr\/strasbourg\/foires-et-salons\/foires\/st-art-foire-europeenne-d-art-contemporain-de-strasbourg-111859_A\" rel=\"nofollow noopener\" target=\"_blank\">ST-ART, foire europ\u00e9enne d&rsquo;art contemporain de Strasbourg<\/a>, se tient \u00e9galement dans la m\u00e9tropole alsacienne chaque automne.<\/p>\n","protected":false},"excerpt":{"rendered":"Du 4 au 13 septembre 2026, le Hall 4 du Parc des Expositions de Strasbourg accueille une exposition&hellip;\n","protected":false},"author":2,"featured_media":1166576,"comment_status":"","ping_status":"","sticky":false,"template":"","format":"standard","meta":{"footnotes":"","_share_on_mastodon":"0"},"categories":[2820],"tags":[1111,11,1777,674,1011,27,775,12,25,640],"class_list":["post-1166575","post","type-post","status-publish","format-standard","has-post-thumbnail","category-strasbourg","tag-actu","tag-actualites","tag-eu","tag-europe","tag-fr","tag-france","tag-grand-est","tag-news","tag-republique-francaise","tag-strasbourg"],"share_on_mastodon":{"url":"https:\/\/pubeurope.com\/@fr\/117212029499302566","error":""},"_links":{"self":[{"href":"https:\/\/www.europesays.com\/fr\/wp-json\/wp\/v2\/posts\/1166575","targetHints":{"allow":["GET"]}}],"collection":[{"href":"https:\/\/www.europesays.com\/fr\/wp-json\/wp\/v2\/posts"}],"about":[{"href":"https:\/\/www.europesays.com\/fr\/wp-json\/wp\/v2\/types\/post"}],"author":[{"embeddable":true,"href":"https:\/\/www.europesays.com\/fr\/wp-json\/wp\/v2\/users\/2"}],"replies":[{"embeddable":true,"href":"https:\/\/www.europesays.com\/fr\/wp-json\/wp\/v2\/comments?post=1166575"}],"version-history":[{"count":0,"href":"https:\/\/www.europesays.com\/fr\/wp-json\/wp\/v2\/posts\/1166575\/revisions"}],"wp:featuredmedia":[{"embeddable":true,"href":"https:\/\/www.europesays.com\/fr\/wp-json\/wp\/v2\/media\/1166576"}],"wp:attachment":[{"href":"https:\/\/www.europesays.com\/fr\/wp-json\/wp\/v2\/media?parent=1166575"}],"wp:term":[{"taxonomy":"category","embeddable":true,"href":"https:\/\/www.europesays.com\/fr\/wp-json\/wp\/v2\/categories?post=1166575"},{"taxonomy":"post_tag","embeddable":true,"href":"https:\/\/www.europesays.com\/fr\/wp-json\/wp\/v2\/tags?post=1166575"}],"curies":[{"name":"wp","href":"https:\/\/api.w.org\/{rel}","templated":true}]}}