{"id":1166594,"date":"2026-09-04T09:31:53","date_gmt":"2026-09-04T09:31:53","guid":{"rendered":"https:\/\/www.europesays.com\/fr\/1166594\/"},"modified":"2026-09-04T09:31:53","modified_gmt":"2026-09-04T09:31:53","slug":"gagner-du-terrain-sur-tous-les-fronts","status":"publish","type":"post","link":"https:\/\/www.europesays.com\/fr\/1166594\/","title":{"rendered":"Gagner du terrain, sur tous les fronts"},"content":{"rendered":"\n<p>Marseille a raison de regarder du c\u00f4t\u00e9 de Naples. Non pour y chercher une recette miracle, mais parce que la ville italienne a appris, dans la douleur, qu\u2019on ne gagne jamais la bataille contre la criminalit\u00e9 organis\u00e9e sur un seul et unique terrain. Face \u00e0 la p\u00e8gre, il faut tenir tous les fronts \u00e0 la fois.<\/p>\n<p>Sans surprise, il faut cibler les r\u00e9seaux, d\u00e9manteler les trafics, saisir les fortunes b\u00e2ties sur le sang et la mis\u00e8re. Renoncer \u00e0 la r\u00e9pression serait abandonner les habitants aux groupes criminels. Mais croire qu\u2019elle suffit, rel\u00e8ve de l\u2019illusion. Derri\u00e8re chaque point de deal prosp\u00e8rent aussi le ch\u00f4mage, le d\u00e9crochage scolaire, l\u2019absence de perspectives et l\u2019abandon des quartiers populaires.<\/p>\n<p><b>Un \u00e9cho \u00e0 l\u2019Appel de Marseille<\/b><\/p>\n<p>L\u2019exp\u00e9rience napolitaine est int\u00e9ressante parce qu\u2019elle conjugue ces dimensions. La confiscation des biens mal acquis n\u2019y est pas seulement une sanction. Elle devient un outil de reconqu\u00eate collective. Terres, villas ou b\u00e2timents arrach\u00e9s \u00e0 la mafia sont transform\u00e9s en lieux d\u2019insertion, de culture, de solidarit\u00e9. Un symbole fort\u00a0: ce qui servait \u00e0 asseoir la domination criminelle revient \u00e0 la soci\u00e9t\u00e9.<\/p>\n<p>Cette approche fait \u00e9cho \u00e0 l\u2019Appel de Marseille, lanc\u00e9 en janvier\u00a02024 par des responsables progressistes, des \u00e9lus, des syndicalistes et des acteurs associatifs. Leur conviction demeure juste\u00a0: face aux trafics, il faut une r\u00e9ponse globale, d\u00e9termin\u00e9e et durable. S\u00e9curit\u00e9, justice sociale, services publics, pr\u00e9vention, \u00e9ducation et \u00e9mancipation ne s\u2019opposent pas. Elles se renforcent. C\u2019est \u00e0 cette condition que la R\u00e9publique pourra reprendre durablement le terrain perdu face aux narcotrafiquants.<\/p>\n","protected":false},"excerpt":{"rendered":"Marseille a raison de regarder du c\u00f4t\u00e9 de Naples. Non pour y chercher une recette miracle, mais parce&hellip;\n","protected":false},"author":2,"featured_media":1166595,"comment_status":"","ping_status":"","sticky":false,"template":"","format":"standard","meta":{"footnotes":"","_share_on_mastodon":"0"},"categories":[2814],"tags":[1111,11,1777,674,1011,27,884,12,882,25,54710],"class_list":["post-1166594","post","type-post","status-publish","format-standard","has-post-thumbnail","category-marseille","tag-actu","tag-actualites","tag-eu","tag-europe","tag-fr","tag-france","tag-marseille","tag-news","tag-provence-alpes-cote-dazur","tag-republique-francaise","tag-simon-dechet"],"share_on_mastodon":{"url":"https:\/\/pubeurope.com\/@fr\/117212082497896119","error":""},"_links":{"self":[{"href":"https:\/\/www.europesays.com\/fr\/wp-json\/wp\/v2\/posts\/1166594","targetHints":{"allow":["GET"]}}],"collection":[{"href":"https:\/\/www.europesays.com\/fr\/wp-json\/wp\/v2\/posts"}],"about":[{"href":"https:\/\/www.europesays.com\/fr\/wp-json\/wp\/v2\/types\/post"}],"author":[{"embeddable":true,"href":"https:\/\/www.europesays.com\/fr\/wp-json\/wp\/v2\/users\/2"}],"replies":[{"embeddable":true,"href":"https:\/\/www.europesays.com\/fr\/wp-json\/wp\/v2\/comments?post=1166594"}],"version-history":[{"count":0,"href":"https:\/\/www.europesays.com\/fr\/wp-json\/wp\/v2\/posts\/1166594\/revisions"}],"wp:featuredmedia":[{"embeddable":true,"href":"https:\/\/www.europesays.com\/fr\/wp-json\/wp\/v2\/media\/1166595"}],"wp:attachment":[{"href":"https:\/\/www.europesays.com\/fr\/wp-json\/wp\/v2\/media?parent=1166594"}],"wp:term":[{"taxonomy":"category","embeddable":true,"href":"https:\/\/www.europesays.com\/fr\/wp-json\/wp\/v2\/categories?post=1166594"},{"taxonomy":"post_tag","embeddable":true,"href":"https:\/\/www.europesays.com\/fr\/wp-json\/wp\/v2\/tags?post=1166594"}],"curies":[{"name":"wp","href":"https:\/\/api.w.org\/{rel}","templated":true}]}}