{"id":1166596,"date":"2026-09-04T09:33:17","date_gmt":"2026-09-04T09:33:17","guid":{"rendered":"https:\/\/www.europesays.com\/fr\/1166596\/"},"modified":"2026-09-04T09:33:17","modified_gmt":"2026-09-04T09:33:17","slug":"un-restaurant-detruit-par-les-flammes-cours-estienne-dorves-a-marseille","status":"publish","type":"post","link":"https:\/\/www.europesays.com\/fr\/1166596\/","title":{"rendered":"Un restaurant d\u00e9truit par les flammes, cours Estienne-d&rsquo;Orves \u00e0 Marseille"},"content":{"rendered":"<p>Le restaurant \u00ab\u00a0Le Barjaquet\u00a0\u00bb a \u00e9t\u00e9 frapp\u00e9 par un incendie, ce vendredi matin, \u00e0 Marseille. L&rsquo;\u00e9tablissement, situ\u00e9 cours Estienne-d&rsquo;Orves, \u00e0 deux pas du Vieux Port, est compl\u00e8tement d\u00e9truit. Deux personnes ont \u00e9t\u00e9 \u00e9vacu\u00e9es par les marins pompiers de Marseille. <\/p>\n<p>Un incendie puissant a touch\u00e9 un \u00e9tablissement situ\u00e9 cours Estienne-d&rsquo;Orves, \u00e0 proximit\u00e9 du Vieux Port de Marseille. Il s&rsquo;agissait du <strong>restaurant \u00ab\u00a0Le Barjaquet\u00a0\u00bb<\/strong> situ\u00e9 au rez-de-chauss\u00e9e d&rsquo;un b\u00e2timent de quatre \u00e9tages comprenant commerces et habitations. \u00ab\u00a0Les 30 m2 du restaurant ont \u00e9t\u00e9 <strong>enti\u00e8rement d\u00e9truit par les flammes<\/strong>\u00ab\u00a0, indique les marins pompiers de Marseille.<\/p>\n<p>On d\u00e9nombre <strong>huit victimes<\/strong>, toute indemnes (six personnes ont \u00e9vacu\u00e9 avant l&rsquo;arriv\u00e9e des secours et les pompiers ont proc\u00e9d\u00e9 \u00e0 l&rsquo;\u00e9vacuation de deux autres personnes).<\/p>\n<p>Le feu est ce vendredi matin ma\u00eetris\u00e9, une phase de noyage a d\u00e9but\u00e9. Les parties communes du reste du b\u00e2timent doivent \u00eatre ventil\u00e9es. Au plus fort de l&rsquo;intervention <strong>une cinquantaine de marins-pompiers et une quinzaine d&rsquo;engins ont \u00e9t\u00e9 mobilis\u00e9s<\/strong>.<\/p>\n","protected":false},"excerpt":{"rendered":"Le restaurant \u00ab\u00a0Le Barjaquet\u00a0\u00bb a \u00e9t\u00e9 frapp\u00e9 par un incendie, ce vendredi matin, \u00e0 Marseille. L&rsquo;\u00e9tablissement, situ\u00e9 cours&hellip;\n","protected":false},"author":2,"featured_media":1166597,"comment_status":"","ping_status":"","sticky":false,"template":"","format":"standard","meta":{"footnotes":"","_share_on_mastodon":"0"},"categories":[2814],"tags":[1111,11,1777,674,1011,27,884,12,882,25],"class_list":["post-1166596","post","type-post","status-publish","format-standard","has-post-thumbnail","category-marseille","tag-actu","tag-actualites","tag-eu","tag-europe","tag-fr","tag-france","tag-marseille","tag-news","tag-provence-alpes-cote-dazur","tag-republique-francaise"],"share_on_mastodon":{"url":"https:\/\/pubeurope.com\/@fr\/117212087025128403","error":""},"_links":{"self":[{"href":"https:\/\/www.europesays.com\/fr\/wp-json\/wp\/v2\/posts\/1166596","targetHints":{"allow":["GET"]}}],"collection":[{"href":"https:\/\/www.europesays.com\/fr\/wp-json\/wp\/v2\/posts"}],"about":[{"href":"https:\/\/www.europesays.com\/fr\/wp-json\/wp\/v2\/types\/post"}],"author":[{"embeddable":true,"href":"https:\/\/www.europesays.com\/fr\/wp-json\/wp\/v2\/users\/2"}],"replies":[{"embeddable":true,"href":"https:\/\/www.europesays.com\/fr\/wp-json\/wp\/v2\/comments?post=1166596"}],"version-history":[{"count":0,"href":"https:\/\/www.europesays.com\/fr\/wp-json\/wp\/v2\/posts\/1166596\/revisions"}],"wp:featuredmedia":[{"embeddable":true,"href":"https:\/\/www.europesays.com\/fr\/wp-json\/wp\/v2\/media\/1166597"}],"wp:attachment":[{"href":"https:\/\/www.europesays.com\/fr\/wp-json\/wp\/v2\/media?parent=1166596"}],"wp:term":[{"taxonomy":"category","embeddable":true,"href":"https:\/\/www.europesays.com\/fr\/wp-json\/wp\/v2\/categories?post=1166596"},{"taxonomy":"post_tag","embeddable":true,"href":"https:\/\/www.europesays.com\/fr\/wp-json\/wp\/v2\/tags?post=1166596"}],"curies":[{"name":"wp","href":"https:\/\/api.w.org\/{rel}","templated":true}]}}