{"id":1166598,"date":"2026-09-04T09:34:27","date_gmt":"2026-09-04T09:34:27","guid":{"rendered":"https:\/\/www.europesays.com\/fr\/1166598\/"},"modified":"2026-09-04T09:34:27","modified_gmt":"2026-09-04T09:34:27","slug":"lyon-robert-doisneau-sexpose-a-la-sucriere-avec-un-chapitre-inedit-consacre-a-la-ville","status":"publish","type":"post","link":"https:\/\/www.europesays.com\/fr\/1166598\/","title":{"rendered":"Lyon : Robert Doisneau s\u2019expose \u00e0 La Sucri\u00e8re avec un chapitre in\u00e9dit consacr\u00e9 \u00e0 la ville"},"content":{"rendered":"<p class=\"wp-block-paragraph\"><strong>La grande r\u00e9trospective \u00ab Robert Doisneau, Instants Donn\u00e9s \u00bb ouvre ce vendredi 4 septembre \u00e0 La Sucri\u00e8re. Pr\u00e8s de 400 photographies retracent la carri\u00e8re du photographe fran\u00e7ais, avec une section sp\u00e9cialement consacr\u00e9e \u00e0 son passage \u00e0 Lyon en 1950.<\/strong><\/p>\n<p class=\"wp-block-paragraph\">Des enfants dans les rues, des artistes, des bistrots, Paris et sa banlieue, mais aussi Lyon. \u00c0 partir de ce vendredi, La Sucri\u00e8re plonge dans l\u2019univers de Robert Doisneau \u00e0 travers une vaste r\u00e9trospective consacr\u00e9e \u00e0 pr\u00e8s de soixante ans de photographie.<\/p>\n<p class=\"wp-block-paragraph\">Apr\u00e8s Paris et Li\u00e8ge, l\u2019exposition \u00ab Robert Doisneau, Instants Donn\u00e9s \u00bb s\u2019installe \u00e0 Lyon avec pr\u00e8s de 400 clich\u00e9s s\u00e9lectionn\u00e9s parmi les quelque 450 000 n\u00e9gatifs conserv\u00e9s dans les archives du photographe. Le parcours couvre son travail des ann\u00e9es 1930 jusqu\u2019au d\u00e9but des ann\u00e9es 1990.<\/p>\n<p class=\"wp-block-paragraph\">L\u2019objectif est aussi de d\u00e9passer l\u2019image parfois r\u00e9ductrice du photographe du Paris romantique et du c\u00e9l\u00e8bre Baiser de l\u2019H\u00f4tel de Ville. Enfance, publicit\u00e9, ann\u00e9es Vogue, monde ouvrier ou banlieues : les diff\u00e9rentes salles racontent toutes les facettes d\u2019un photographe pour qui l\u2019appareil \u00e9tait avant tout un moyen d\u2019aller vers les autres. <\/p>\n<p class=\"wp-block-paragraph\">\u00ab Mon p\u00e8re est quelqu\u2019un qui, toute sa vie, a recherch\u00e9 la rencontre, a recherch\u00e9 \u00e0 raconter les gens \u00bb, explique Francine Deroudille, sa fille, qui dirige depuis plus de vingt ans l\u2019Atelier Robert Doisneau avec sa s\u0153ur Annette Doisneau.<\/p>\n<p>Remettre l\u2019humain au centre<\/p>\n<p class=\"wp-block-paragraph\">Robert Doisneau est aujourd\u2019hui associ\u00e9 \u00e0 la photographie humaniste, un courant particuli\u00e8rement d\u00e9velopp\u00e9 apr\u00e8s la Seconde Guerre mondiale. Pour Francine Deroudille, ce regard ne doit rien au hasard. <\/p>\n<p class=\"wp-block-paragraph\">\u00ab Cette g\u00e9n\u00e9ration de photographes souhaitait, apr\u00e8s la guerre, remettre l\u2019homme au c\u0153ur du sujet, que l\u2019homme devienne le sujet principal \u00bb, raconte-t-elle.<\/p>\n<p class=\"wp-block-paragraph\">Cette attention port\u00e9e aux personnes traverse toute l\u2019exposition. Elle appara\u00eet particuli\u00e8rement dans les nombreuses photographies consacr\u00e9es \u00e0 l\u2019enfance. <\/p>\n<p class=\"wp-block-paragraph\">Un sujet que Doisneau affectionnait aussi pour une raison tr\u00e8s personnelle. Sa fille raconte qu\u2019il \u00e9tait particuli\u00e8rement timide lorsqu\u2019il \u00e9tait jeune et qu\u2019il avait moins de mal \u00e0 diriger son appareil vers les enfants que vers les adultes. Ces images r\u00e9pondaient \u00e9galement aux demandes de la presse d\u2019apr\u00e8s-guerre, qui cherchait \u00e0 montrer le retour des vacances, de la libert\u00e9 dans les rues et d\u2019une vie plus l\u00e9g\u00e8re pour les plus jeunes.<\/p>\n<p class=\"wp-block-paragraph\">Mais l\u2019exposition ne montre pas seulement les photographies. Documents, objets, dispositifs audiovisuels et reconstitution d\u2019un laboratoire permettent aussi de comprendre la mani\u00e8re dont travaillait Robert Doisneau. Un audioguide propose notamment une trentaine de photographies comment\u00e9es avec la voix du photographe, issue d\u2019archives enregistr\u00e9es entre les ann\u00e9es 1960 et 1990.<\/p>\n<p><img fetchpriority=\"high\" data-recalc-dims=\"1\" decoding=\"async\" width=\"800\" height=\"600\" src=\"https:\/\/www.europesays.com\/fr\/wp-content\/uploads\/2026\/09\/image00526-1024x768.jpeg\" alt=\"Partie de carte dans la rue, Lyon\" class=\"wp-image-121677\" style=\"width:664px;height:auto\"  \/><\/p>\n<p>Lyon sous l\u2019objectif de Doisneau<\/p>\n<p class=\"wp-block-paragraph\">Le photographe rencontre alors des Lyonnais aux profils tr\u00e8s diff\u00e9rents, des personnalit\u00e9s locales comme des anonymes. Une mani\u00e8re de travailler qui correspondait parfaitement \u00e0 sa curiosit\u00e9.<\/p>\n<p class=\"wp-block-paragraph\">Son lien avec Lyon deviendra ensuite plus personnel puisque sa fille \u00e9pousera Ren\u00e9 Deroudille, critique d\u2019art et pharmacien lyonnais que Robert Doisneau avait rencontr\u00e9 lors de son reportage.<\/p>\n<p class=\"wp-block-paragraph\">\u00ab Tout ce qui \u00e9tait compliqu\u00e9 l\u2019int\u00e9ressait. Tout ce qui n\u2019\u00e9tait pas la ligne droite l\u2019int\u00e9ressait. Et Lyon, c\u2019est pas la ligne droite \u00bb, sourit Francine Deroudille, qui se souvient \u00e9galement de l\u2019\u00ab \u00e9blouissement \u00bb de son p\u00e8re devant la beaut\u00e9 de la ville.<\/p>\n<p class=\"wp-block-paragraph\">L\u2019exposition lyonnaise, enrichie de ce chapitre consacr\u00e9 \u00e0 la ville, a par ailleurs re\u00e7u le label du Bicentenaire de la Photographie, d\u00e9cern\u00e9 par le minist\u00e8re de la Culture.<\/p>\n<p class=\"wp-block-paragraph\">\u00ab Robert Doisneau, Instants Donn\u00e9s \u00bb est \u00e0 d\u00e9couvrir \u00e0 La Sucri\u00e8re \u00e0 partir du 4 septembre. L\u2019exposition ouvre du mardi au dimanche, de 10 heures \u00e0 18 heures. Le tarif standard est fix\u00e9 \u00e0 16,90 euros en semaine et 17,90 euros les week-ends, vacances scolaires et jours f\u00e9ri\u00e9s. L\u2019entr\u00e9e est gratuite pour les moins de 6 ans.<\/p>\n<p>\u00c0 lire \u00e9galement<a href=\"https:\/\/www.lyonpremiere.fr\/culture-et-divertissement\/lyon-mis-en-examen-pour-violences-sexuelles-patrick-bruel-annule-sa-tournee\/\" rel=\"nofollow noopener\" target=\"_blank\"><img decoding=\"async\" data-recalc-dims=\"1\" src=\"https:\/\/www.europesays.com\/fr\/wp-content\/uploads\/2026\/09\/bruel.png\"\/><\/a><a href=\"https:\/\/www.lyonpremiere.fr\/culture-et-divertissement\/lyon-mis-en-examen-pour-violences-sexuelles-patrick-bruel-annule-sa-tournee\/\" rel=\"nofollow noopener\" target=\"_blank\">Lyon : mis en examen pour violences sexuelles, Patrick Bruel annule sa tourn\u00e9e<\/a><\/p>\n<p>\nIl a finalement renonc\u00e9. <\/p>\n<p>Le chanteur Patrick Bruel, mis en examen pour violences sexuelles, a d\u00e9cid\u00e9 d&rsquo;annuler son concert \u00e0 Lyon et l\u2019int\u00e9gralit\u00e9 de sa tourn\u00e9e. <\/p>\n<p>\u00ab\u00a0Je fais le choix de l&rsquo;apaisement. Je ne suis pas l&rsquo;homme que certains imaginent ou d\u00e9crivent aujourd&rsquo;hui. Je ne suis pas cet homme l\u00e0. Je ne&#8230;<\/p>\n<p class=\"related-post-date\">02 September \u00e0 8h18<\/p>\n<p><a href=\"https:\/\/www.lyonpremiere.fr\/culture-et-divertissement\/musicales-du-parc-des-oiseaux-coup-denvoi-de-deux-semaines-de-concerts\/\" rel=\"nofollow noopener\" target=\"_blank\"><img decoding=\"async\" data-recalc-dims=\"1\" src=\"https:\/\/www.europesays.com\/fr\/wp-content\/uploads\/2026\/09\/Musicales-.png\"\/><\/a><a href=\"https:\/\/www.lyonpremiere.fr\/culture-et-divertissement\/musicales-du-parc-des-oiseaux-coup-denvoi-de-deux-semaines-de-concerts\/\" rel=\"nofollow noopener\" target=\"_blank\">Musicales du Parc des Oiseaux : coup d&rsquo;envoi de deux semaines de concerts<\/a><\/p>\n<p>\n<strong>Le festival d\u00e9bute ce vendredi 28 ao\u00fbt. Les Musicales\u00a0du\u00a0Parc des Oiseaux, \u00e0 Villars les Dombes, se d\u00e9rouleront jusqu&rsquo;au 13 septembre.  <\/strong><\/p>\n<p>Ce vendredi, <strong>Calogero<\/strong> donnera le coup d&rsquo;envoi de cette nouvelle \u00e9dition. Il donnera \u00e9galement un autre show ce samedi (il reste des pl&#8230;<\/p>\n<p class=\"related-post-date\">28 August \u00e0 12h31<\/p>\n","protected":false},"excerpt":{"rendered":"La grande r\u00e9trospective \u00ab Robert Doisneau, Instants Donn\u00e9s \u00bb ouvre ce vendredi 4 septembre \u00e0 La Sucri\u00e8re. Pr\u00e8s&hellip;\n","protected":false},"author":2,"featured_media":1166599,"comment_status":"","ping_status":"","sticky":false,"template":"","format":"standard","meta":{"footnotes":"","_share_on_mastodon":"0"},"categories":[1889],"tags":[1111,11,2430,1777,674,3293,1011,27,2428,12,1756,25,87328],"class_list":["post-1166598","post","type-post","status-publish","format-standard","has-post-thumbnail","category-lyon","tag-actu","tag-actualites","tag-auvergne-rhone-alpes","tag-eu","tag-europe","tag-exposition","tag-fr","tag-france","tag-lyon","tag-news","tag-photographie","tag-republique-francaise","tag-robert-doisneau"],"share_on_mastodon":{"url":"https:\/\/pubeurope.com\/@fr\/117212093744194114","error":""},"_links":{"self":[{"href":"https:\/\/www.europesays.com\/fr\/wp-json\/wp\/v2\/posts\/1166598","targetHints":{"allow":["GET"]}}],"collection":[{"href":"https:\/\/www.europesays.com\/fr\/wp-json\/wp\/v2\/posts"}],"about":[{"href":"https:\/\/www.europesays.com\/fr\/wp-json\/wp\/v2\/types\/post"}],"author":[{"embeddable":true,"href":"https:\/\/www.europesays.com\/fr\/wp-json\/wp\/v2\/users\/2"}],"replies":[{"embeddable":true,"href":"https:\/\/www.europesays.com\/fr\/wp-json\/wp\/v2\/comments?post=1166598"}],"version-history":[{"count":0,"href":"https:\/\/www.europesays.com\/fr\/wp-json\/wp\/v2\/posts\/1166598\/revisions"}],"wp:featuredmedia":[{"embeddable":true,"href":"https:\/\/www.europesays.com\/fr\/wp-json\/wp\/v2\/media\/1166599"}],"wp:attachment":[{"href":"https:\/\/www.europesays.com\/fr\/wp-json\/wp\/v2\/media?parent=1166598"}],"wp:term":[{"taxonomy":"category","embeddable":true,"href":"https:\/\/www.europesays.com\/fr\/wp-json\/wp\/v2\/categories?post=1166598"},{"taxonomy":"post_tag","embeddable":true,"href":"https:\/\/www.europesays.com\/fr\/wp-json\/wp\/v2\/tags?post=1166598"}],"curies":[{"name":"wp","href":"https:\/\/api.w.org\/{rel}","templated":true}]}}