{"id":116660,"date":"2025-05-21T10:47:10","date_gmt":"2025-05-21T10:47:10","guid":{"rendered":"https:\/\/www.europesays.com\/fr\/116660\/"},"modified":"2025-05-21T10:47:10","modified_gmt":"2025-05-21T10:47:10","slug":"au-proces-de-la-fusillade-mortelle-a-bordeaux-les-accuses-nient-en-bloc-et-tournent-en-derision-les-accusations","status":"publish","type":"post","link":"https:\/\/www.europesays.com\/fr\/116660\/","title":{"rendered":"Au proc\u00e8s de la fusillade mortelle \u00e0 Bordeaux, les accus\u00e9s nient en bloc et tournent en d\u00e9rision les accusations"},"content":{"rendered":"<p>Ce proc\u00e8s aux assises de Bordeaux, dont la premi\u00e8re journ\u00e9e le 13 mai s\u2019est achev\u00e9 par une violente rixe dans la salle des pas perdus, se d\u00e9roule sous haute tension. Les accus\u00e9s refusent de reconna\u00eetre les faits.<\/p>\n<p class=\"fig-paragraph\">\u00abJe ne me souviens plus.\u00bb Interrog\u00e9s par la cour d&rsquo;assises sur leur implication dans le\u00a0<a href=\"http:\/\/www.lefigaro.fr\/bordeaux\/fusillade-mortelle-au-quartier-des-aubiers-a-bordeaux-le-proces-s-ouvre-ce-lundi-20250512\" data-fig-type=\"NewsFlash\" data-gtm-custom-categorie=\"navigation\" data-gtm-custom-action=\"crossclick\" data-gtm-custom-label=\"Contextuel\" data-gtm-event=\"customEventSPE\" data-fig-domain=\"LEFIGARO\" target=\"_blank\" rel=\"noopener\">meurtre d&rsquo;un adolescent<\/a>\u00a0sur fond de rivalit\u00e9s entre quartiers bordelais, mardi, les accus\u00e9s ont tout ni\u00e9 en bloc, \u00e9vitant de r\u00e9pondre aux questions. Au premier jour du proc\u00e8s d\u00e9j\u00e0, la couleur avait \u00e9t\u00e9 annonc\u00e9e par une\u00a0<a href=\"http:\/\/www.lefigaro.fr\/bordeaux\/je-n-ai-jamais-vu-un-tel-deferlement-de-violence-une-rixe-eclate-au-tribunal-a-bordeaux-sur-fond-de-rivalites-entre-quartiers-20250513\" data-fig-type=\"NewsFlash\" data-gtm-custom-categorie=\"navigation\" data-gtm-custom-action=\"crossclick\" data-gtm-custom-label=\"Contextuel\" data-gtm-event=\"customEventSPE\" data-fig-domain=\"LEFIGARO\" target=\"_blank\" rel=\"noopener\">bagarre entre les deux quartiers<\/a>\u00a0dans la salle des pas perdus. \u00abLe soir du drame, j&rsquo;\u00e9tais chez mon fr\u00e8re\u00bb, d\u00e9clare ainsi Marwan Souane, 24 ans, accus\u00e9 d&rsquo;\u00eatre l&rsquo;un des tireurs du commando\u00a0<a href=\"http:\/\/www.lefigaro.fr\/bordeaux\/ils-nous-ont-tires-comme-des-lapins-un-bordelais-rescape-d-une-fusillade-meurtriere-dans-la-cite-des-aubiers-se-confie-quatre-ans-apres-20250109\" data-fig-type=\"NewsFlash\" data-gtm-custom-categorie=\"navigation\" data-gtm-custom-action=\"crossclick\" data-gtm-custom-label=\"Contextuel\" data-gtm-event=\"customEventSPE\" data-fig-domain=\"LEFIGARO\" target=\"_blank\" rel=\"noopener\">qui tua Lionel, 16 ans<\/a>, dans le quartier populaire des Aubiers.<\/p>\n<p class=\"fig-paragraph\">Ce soir-l\u00e0,le 2 janvier 2021, trois autres mineurs et un jeune adulte ont \u00e9t\u00e9 bless\u00e9s par balle. Des t\u00e9moins, dont l&rsquo;un a film\u00e9 une partie de la sc\u00e8ne, ont racont\u00e9 avoir vu d\u00e9barquer une Clio noire et deux hommes cagoul\u00e9s tirer en rafale. Les huit accus\u00e9s &#8211; trois comparaissent pour meurtre et tentatives de meurtre, les autres pour association de malfaiteurs &#8211; nient avoir fait partie du commando ou avoir contribu\u00e9 \u00e0 le pr\u00e9parer.<\/p>\n<blockquote class=\"fig-quote&#10;    \">\n<p class=\"fig-quote__text\">Que faisiez-vous au Carrefour (avec quatre autres accus\u00e9s, NDLR) dans l\u2019apr\u00e8s-midi du 2 janvier\u00a0?\u00a0\u00bb, demande la pr\u00e9sidente \u00e0 Marwan Souane. \u00ab &#8211; Je me suis achet\u00e9 un Caprisun\u00a0\u00bb<\/p>\n<p>            Marwan Souane, un accus\u00e9 qui nie les faits\n    <\/p><\/blockquote>\n<p>Un proc\u00e8s tourn\u00e9 en d\u00e9rision par les accus\u00e9s<\/p>\n<p class=\"fig-paragraph\">L&rsquo;accusation repose sur des \u00e9l\u00e9ments de t\u00e9l\u00e9phonie, des t\u00e9moignages impliquant les mis en cause, l&rsquo;achat de mat\u00e9riel ayant pu servir \u00e0 dissimuler leur identit\u00e9. Mais il n&rsquo;y a aucune preuve formelle de culpabilit\u00e9 selon la d\u00e9fense, tandis que les accus\u00e9s tournent le proc\u00e8s en d\u00e9rision. \u00abQue faisiez-vous au Carrefour (avec quatre autres accus\u00e9s, NDLR) dans l&rsquo;apr\u00e8s-midi du 2 janvier\u00a0?\u00bb, demande la pr\u00e9sidente \u00e0 Marwan Souane. \u00abJe me suis achet\u00e9 un Caprisun\u00bb, r\u00e9pond-il. \u00abVous achetiez aussi des cagoules et des gants en latex\u00bb, lui rappelle-t-elle. \u00abLes cagoules, c&rsquo;est pour faire de la moto et les gants pour le m\u00e9nage\u00bb, r\u00e9torque l&rsquo;accus\u00e9, provoquant des rires dans la salle d\u2019audience. La magistrate souligne que les enqu\u00eateurs n&rsquo;ont retrouv\u00e9 aucune moto lors des perquisitions.<\/p>\n<p class=\"fig-body-link\">\n            \u00c0 lire aussi<br \/>\n        <a class=\"fig-body-link__link fig-premium-mark\" href=\"http:\/\/www.lefigaro.fr\/bordeaux\/ils-nous-ont-tires-comme-des-lapins-un-bordelais-rescape-d-une-fusillade-meurtriere-dans-la-cite-des-aubiers-se-confie-quatre-ans-apres-20250109\" data-fig-type=\"NewsFlash\" data-gtm-custom-categorie=\"navigation\" data-gtm-custom-action=\"crossclick\" data-gtm-custom-label=\"Contextuel\" data-gtm-event=\"customEventSPE\" data-fig-domain=\"LEFIGARO\" target=\"_blank\" rel=\"noopener\">\u00abIls nous ont tir\u00e9s comme des lapins\u00bb\u00a0: rescap\u00e9 de la fusillade meurtri\u00e8re de la cit\u00e9 des Aubiers, \u00e0 Bordeaux, il se confie quatre ans apr\u00e8s<br \/>\n    <\/a>\n<\/p>\n<p class=\"fig-paragraph\">Interrog\u00e9 \u00e9galement sur la raison pour laquelle les deux t\u00e9l\u00e9phones en sa possession se coupent avant les faits et sont rallum\u00e9s juste apr\u00e8s, Marwan Souane explique qu&rsquo;il n&rsquo;avait \u00abpeut-\u00eatre plus de batterie\u00bb. Yassine Salmi, lui aussi accus\u00e9 de meurtre, multiplie-les \u00abje ne sais pas, je ne me souviens pas\u00bb pour toute r\u00e9ponse aux questions de la cour d\u2019assises. Le jeune homme de 25 ans affirme ainsi \u00eatre rest\u00e9 chez lui toute la soir\u00e9e des faits, alors que son t\u00e9l\u00e9phone a born\u00e9 en plusieurs endroits de Bordeaux. Pourquoi a-t-il achet\u00e9 un t\u00e9l\u00e9phone portable ce jour-l\u00e0\u00a0? Pour offrir \u00e0 un ami, jure-t-il, sans \u00eatre capable de se souvenir pour lequel.<\/p>\n<p class=\"fig-paragraph\">D\u00e9j\u00e0 condamn\u00e9s pour des faits ant\u00e9rieurs, dont des vols avec violences, les trois principaux accus\u00e9s encourent la r\u00e9clusion criminelle \u00e0 perp\u00e9tuit\u00e9. Le verdict est attendu vendredi.<\/p>\n","protected":false},"excerpt":{"rendered":"Ce proc\u00e8s aux assises de Bordeaux, dont la premi\u00e8re journ\u00e9e le 13 mai s\u2019est achev\u00e9 par une violente&hellip;\n","protected":false},"author":2,"featured_media":116661,"comment_status":"","ping_status":"","sticky":false,"template":"","format":"standard","meta":{"footnotes":""},"categories":[2817],"tags":[1111,11,1997,2916,2911,2910,2915,2909,2904,2913,2912,2914,2906,2907,1052,1777,674,1011,27,2905,2908,777,8721,12,2219,25],"class_list":{"0":"post-116660","1":"post","2":"type-post","3":"status-publish","4":"format-standard","5":"has-post-thumbnail","7":"category-bordeaux","8":"tag-actu","9":"tag-actualites","10":"tag-bordeaux","11":"tag-bordeaux-cauderan","12":"tag-bordeaux-centre-ville","13":"tag-bordeaux-chartrons-grand-parc-jardin-public","14":"tag-bordeaux-la-bastide","15":"tag-bordeaux-maritime","16":"tag-bordeaux-metropole","17":"tag-bordeaux-nansouty-st-genes","18":"tag-bordeaux-st-augustin-tauzin-alphonse-dupeux","19":"tag-bordeaux-sud","20":"tag-capitale-de-gaule","21":"tag-cathedrale-gothique-de-saint-andre","22":"tag-drogue","23":"tag-eu","24":"tag-europe","25":"tag-fr","26":"tag-france","27":"tag-gironde","28":"tag-girondins-de-bordeaux","29":"tag-meurtre","30":"tag-narcotrafic","31":"tag-news","32":"tag-nouvelle-aquitaine","33":"tag-republique-francaise"},"share_on_mastodon":{"url":"","error":"Validation failed: Text character limit of 500 exceeded"},"_links":{"self":[{"href":"https:\/\/www.europesays.com\/fr\/wp-json\/wp\/v2\/posts\/116660","targetHints":{"allow":["GET"]}}],"collection":[{"href":"https:\/\/www.europesays.com\/fr\/wp-json\/wp\/v2\/posts"}],"about":[{"href":"https:\/\/www.europesays.com\/fr\/wp-json\/wp\/v2\/types\/post"}],"author":[{"embeddable":true,"href":"https:\/\/www.europesays.com\/fr\/wp-json\/wp\/v2\/users\/2"}],"replies":[{"embeddable":true,"href":"https:\/\/www.europesays.com\/fr\/wp-json\/wp\/v2\/comments?post=116660"}],"version-history":[{"count":0,"href":"https:\/\/www.europesays.com\/fr\/wp-json\/wp\/v2\/posts\/116660\/revisions"}],"wp:featuredmedia":[{"embeddable":true,"href":"https:\/\/www.europesays.com\/fr\/wp-json\/wp\/v2\/media\/116661"}],"wp:attachment":[{"href":"https:\/\/www.europesays.com\/fr\/wp-json\/wp\/v2\/media?parent=116660"}],"wp:term":[{"taxonomy":"category","embeddable":true,"href":"https:\/\/www.europesays.com\/fr\/wp-json\/wp\/v2\/categories?post=116660"},{"taxonomy":"post_tag","embeddable":true,"href":"https:\/\/www.europesays.com\/fr\/wp-json\/wp\/v2\/tags?post=116660"}],"curies":[{"name":"wp","href":"https:\/\/api.w.org\/{rel}","templated":true}]}}