{"id":1166630,"date":"2026-09-04T09:53:25","date_gmt":"2026-09-04T09:53:25","guid":{"rendered":"https:\/\/www.europesays.com\/fr\/1166630\/"},"modified":"2026-09-04T09:53:25","modified_gmt":"2026-09-04T09:53:25","slug":"easyjet-france-une-nouvelle-menace-de-greve-les-13-et-14-septembre","status":"publish","type":"post","link":"https:\/\/www.europesays.com\/fr\/1166630\/","title":{"rendered":"easyJet France : une nouvelle menace de gr\u00e8ve les 13 et 14 septembre"},"content":{"rendered":"<p class=\"text-sm sm:text-base dark:text-brand-ink-foreground text-brand-ink mb-6 leading-snug text-justify\">Le conflit social se poursuit chez easyJet France. Le SNPL easyJet France a d\u00e9pos\u00e9 un pr\u00e9avis de gr\u00e8ve couvrant la p\u00e9riode du 13 septembre \u00e0 4h59 au 14 septembre \u00e0 23h59. Le syndicat reproche notamment \u00e0 la direction l\u2019absence d\u2019avanc\u00e9es suffisantes dans les n\u00e9gociations annuelles obligatoires (NAO).<\/p>\n<p class=\"text-sm sm:text-base dark:text-brand-ink-foreground text-brand-ink mb-6 leading-snug text-justify\">Les pilotes d\u00e9noncent en particulier l\u2019instabilit\u00e9 des plannings, la fatigue et les conditions de travail. Selon le syndicat, les discussions engag\u00e9es depuis plusieurs mois n\u2019ont pas permis d\u2019obtenir d\u2019engagement \u00e9crit sur ces sujets. Le pr\u00e9avis avait \u00e9t\u00e9 transmis \u00e0 la compagnie d\u00e8s le 27 ao\u00fbt, mais sa publication a \u00e9t\u00e9 diff\u00e9r\u00e9e afin de laisser une derni\u00e8re possibilit\u00e9 au dialogue.<\/p>\n<p>Un nouveau conflit apr\u00e8s celui des PNC<\/p>\n<p class=\"text-sm sm:text-base dark:text-brand-ink-foreground text-brand-ink mb-6 leading-snug text-justify\">Cette annonce intervient quelques jours seulement apr\u00e8s la sortie de crise concernant les personnels navigants commerciaux. Les syndicats repr\u00e9sentant les h\u00f4tesses et stewards ont conclu un accord avec easyJet le 1er septembre, mettant fin \u00e0 leur mouvement de gr\u00e8ve. Celui-ci avait fortement perturb\u00e9 les op\u00e9rations durant le week-end du 15 ao\u00fbt.<\/p>\n<p class=\"text-sm sm:text-base dark:text-brand-ink-foreground text-brand-ink mb-6 leading-snug text-justify\">La direction doit donc d\u00e9sormais \u00e9viter une nouvelle s\u00e9rie de perturbations \u00e0 la rentr\u00e9e. Pour les passagers, l\u2019impact du mouvement des pilotes reste toutefois impossible \u00e0 mesurer \u00e0 ce stade : aucune liste officielle d\u2019annulations n\u2019a encore \u00e9t\u00e9 communiqu\u00e9e.<\/p>\n<p>Les chiffres cl\u00e9s<\/p>\n<p class=\"text-sm sm:text-base dark:text-brand-ink-foreground text-brand-ink mb-6 leading-snug text-justify\">\u2022 13 et 14 septembre 2026 : dates pr\u00e9vues pour la gr\u00e8ve des pilotes.<br \/>\u2022 6 bases fran\u00e7aises : easyJet dispose notamment de bases \u00e0 Paris-CDG, Paris-Orly, Nantes, Bordeaux, Nice et Lyon.<\/p>\n<p class=\"text-sm sm:text-base dark:text-brand-ink-foreground text-brand-ink mb-6 leading-snug text-justify\">Le conflit met une nouvelle fois en lumi\u00e8re les tensions sociales autour de l\u2019organisation du travail chez easyJet France. Apr\u00e8s les PNC, ce sont d\u00e9sormais les pilotes qui r\u00e9clament des r\u00e9ponses sur leurs conditions de travail et la gestion de leurs horaires.<\/p>\n","protected":false},"excerpt":{"rendered":"Le conflit social se poursuit chez easyJet France. Le SNPL easyJet France a d\u00e9pos\u00e9 un pr\u00e9avis de gr\u00e8ve&hellip;\n","protected":false},"author":2,"featured_media":957477,"comment_status":"","ping_status":"","sticky":false,"template":"","format":"standard","meta":{"footnotes":"","_share_on_mastodon":"0"},"categories":[4],"tags":[15033,11,98560,11660,340,343,98561,33,589,526,1011,27,1116,342,2554,98559,2112,12,2551,7879,2553,57611,25,137],"class_list":["post-1166630","post","type-post","status-publish","format-standard","has-post-thumbnail","category-france","tag-actions","tag-actualites","tag-actualites-financieres","tag-assurance-vie","tag-bourse","tag-cac-40","tag-conseils-boursiers","tag-economie","tag-epargne","tag-fiscalite","tag-fr","tag-france","tag-immobilier","tag-impots","tag-investissements","tag-le-revenu","tag-marches-financiers","tag-news","tag-patrimoine","tag-pea","tag-placements","tag-portefeuille","tag-republique-francaise","tag-retraite"],"share_on_mastodon":{"url":"https:\/\/pubeurope.com\/@fr\/117212165228506607","error":""},"_links":{"self":[{"href":"https:\/\/www.europesays.com\/fr\/wp-json\/wp\/v2\/posts\/1166630","targetHints":{"allow":["GET"]}}],"collection":[{"href":"https:\/\/www.europesays.com\/fr\/wp-json\/wp\/v2\/posts"}],"about":[{"href":"https:\/\/www.europesays.com\/fr\/wp-json\/wp\/v2\/types\/post"}],"author":[{"embeddable":true,"href":"https:\/\/www.europesays.com\/fr\/wp-json\/wp\/v2\/users\/2"}],"replies":[{"embeddable":true,"href":"https:\/\/www.europesays.com\/fr\/wp-json\/wp\/v2\/comments?post=1166630"}],"version-history":[{"count":0,"href":"https:\/\/www.europesays.com\/fr\/wp-json\/wp\/v2\/posts\/1166630\/revisions"}],"wp:featuredmedia":[{"embeddable":true,"href":"https:\/\/www.europesays.com\/fr\/wp-json\/wp\/v2\/media\/957477"}],"wp:attachment":[{"href":"https:\/\/www.europesays.com\/fr\/wp-json\/wp\/v2\/media?parent=1166630"}],"wp:term":[{"taxonomy":"category","embeddable":true,"href":"https:\/\/www.europesays.com\/fr\/wp-json\/wp\/v2\/categories?post=1166630"},{"taxonomy":"post_tag","embeddable":true,"href":"https:\/\/www.europesays.com\/fr\/wp-json\/wp\/v2\/tags?post=1166630"}],"curies":[{"name":"wp","href":"https:\/\/api.w.org\/{rel}","templated":true}]}}