{"id":1166631,"date":"2026-09-04T09:54:16","date_gmt":"2026-09-04T09:54:16","guid":{"rendered":"https:\/\/www.europesays.com\/fr\/1166631\/"},"modified":"2026-09-04T09:54:16","modified_gmt":"2026-09-04T09:54:16","slug":"golf-open-international-de-longwy-alexandre-vandermoten-prend-le-commandement","status":"publish","type":"post","link":"https:\/\/www.europesays.com\/fr\/1166631\/","title":{"rendered":"Golf. Open international de Longwy : Alexandre Vandermoten prend le commandement"},"content":{"rendered":"<p>La troisi\u00e8me \u00e9dition de l\u2019Open international de golf de Longwy, dot\u00e9e de 52\u00a0000\u00a0euros, a d\u00e9but\u00e9 ce jeudi. Cette\u00a0\u00e9preuve de l\u2019Alps Tour, la troisi\u00e8me division europ\u00e9enne, est disput\u00e9e par 114 joueurs professionnels et 14 amateurs sur un parcours au fort d\u00e9nivel\u00e9 (par 72 pour une distance de 6082 m\u00e8tres). <\/p>\n<p>Lors du premier tour de la comp\u00e9tition r\u00e9serv\u00e9e aux professionnels, le Toulousain Alexandre Vandermoten, avec une carte comprenant deux eagles au trou n\u00b0\u00a05 et\u00a011, a pris l\u2019avantage d\u2019un coup sur les Transalpins Manfredi Manica et Alessandro Nodari, accompagn\u00e9s des Fran\u00e7ais Victor Veyret et Lucas Abrial, ainsi que d\u2019Esteban Vasquez Martin. Quant \u00e0 l\u2019autre Espagnol Pablo Alperi, meilleure carte du parcours aller, un quadruple bogey au trou n\u00b0\u00a011 a repouss\u00e9 ses ambitions pour la victoire. <\/p>\n<p>Chez les amateurs, Hugo Brandt a pris la t\u00eate avec un score de -2, suivi \u00e0 un coup de l\u2019Irlandais Stephen Grant et du Fran\u00e7ais Thomas Recrosio, Quant au Messin Valentin Peugnet, un double bogey au dernier trou l\u2019a repouss\u00e9 au-del\u00e0 de la soixanti\u00e8me place.<\/p>\n<p class=\"note\"><strong>Classement 1er tour <\/strong> : 1. Alexandre Vandermoten (FRA) 65 coups (-7 sous le par); 2. ex aequo Lucas Abrial (FRA), Victor Veyret, Manfredi Manica (ITA), Esteban Vasquez Martin et Allessandro Nodari (ITA) -6; 7. ex-aequo Archie Smith (ENG) et Lucas Poupaert (FRA) &#8211; 5; 9. ex-aequo Tom Gueant (FRA, Issa Nlareb Amang (CMR), Alberto Dominguez &#8211; 4.<\/p>\n","protected":false},"excerpt":{"rendered":"La troisi\u00e8me \u00e9dition de l\u2019Open international de golf de Longwy, dot\u00e9e de 52\u00a0000\u00a0euros, a d\u00e9but\u00e9 ce jeudi. Cette\u00a0\u00e9preuve&hellip;\n","protected":false},"author":2,"featured_media":1166632,"comment_status":"","ping_status":"","sticky":false,"template":"","format":"standard","meta":{"footnotes":"","_share_on_mastodon":"0"},"categories":[1418],"tags":[14238,1011,27,1472,15832,15833,517,1700,60],"class_list":["post-1166631","post","type-post","status-publish","format-standard","has-post-thumbnail","category-golf","tag-edition-longwy","tag-fr","tag-france","tag-golf","tag-longwy","tag-longwy-ville-54e","tag-sport","tag-sport-lorrain","tag-sports"],"share_on_mastodon":{"url":"https:\/\/pubeurope.com\/@fr\/117212169242619630","error":""},"_links":{"self":[{"href":"https:\/\/www.europesays.com\/fr\/wp-json\/wp\/v2\/posts\/1166631","targetHints":{"allow":["GET"]}}],"collection":[{"href":"https:\/\/www.europesays.com\/fr\/wp-json\/wp\/v2\/posts"}],"about":[{"href":"https:\/\/www.europesays.com\/fr\/wp-json\/wp\/v2\/types\/post"}],"author":[{"embeddable":true,"href":"https:\/\/www.europesays.com\/fr\/wp-json\/wp\/v2\/users\/2"}],"replies":[{"embeddable":true,"href":"https:\/\/www.europesays.com\/fr\/wp-json\/wp\/v2\/comments?post=1166631"}],"version-history":[{"count":0,"href":"https:\/\/www.europesays.com\/fr\/wp-json\/wp\/v2\/posts\/1166631\/revisions"}],"wp:featuredmedia":[{"embeddable":true,"href":"https:\/\/www.europesays.com\/fr\/wp-json\/wp\/v2\/media\/1166632"}],"wp:attachment":[{"href":"https:\/\/www.europesays.com\/fr\/wp-json\/wp\/v2\/media?parent=1166631"}],"wp:term":[{"taxonomy":"category","embeddable":true,"href":"https:\/\/www.europesays.com\/fr\/wp-json\/wp\/v2\/categories?post=1166631"},{"taxonomy":"post_tag","embeddable":true,"href":"https:\/\/www.europesays.com\/fr\/wp-json\/wp\/v2\/tags?post=1166631"}],"curies":[{"name":"wp","href":"https:\/\/api.w.org\/{rel}","templated":true}]}}