{"id":1166639,"date":"2026-09-04T10:01:18","date_gmt":"2026-09-04T10:01:18","guid":{"rendered":"https:\/\/www.europesays.com\/fr\/1166639\/"},"modified":"2026-09-04T10:01:18","modified_gmt":"2026-09-04T10:01:18","slug":"nicolas-breuillard-rejoint-une-worldtour-etrangere-actualite","status":"publish","type":"post","link":"https:\/\/www.europesays.com\/fr\/1166639\/","title":{"rendered":"Nicolas Breuillard rejoint une WorldTour \u00e9trang\u00e8re &#8211; Actualit\u00e9"},"content":{"rendered":"<p>Nicolas Breuillard va conna\u00eetre sa premi\u00e8re exp\u00e9rience dans une WorldTeam en 2027. Apr\u00e8s une ann\u00e9e chez TotalEnergies, le Vauclusien s\u2019est engag\u00e9 avec XDS Astana. <strong><a href=\"https:\/\/www.directvelo.com\/actualite\/131555\/anthony-turgis-file-a-l-etranger\" target=\"_blank\" rel=\"noopener nofollow\">Il y retrouvera son actuel co\u00e9quipier Anthony Turgis qui suit le m\u00eame chemin<\/a><\/strong>. <\/p>\n<p>L\u2019ancien Champion de France Espoirs a d\u00e9couvert cette ann\u00e9e le Tour de France. Il a pris la 8e place de l\u2019\u00e9tape d\u2019Ussel. <strong><a href=\"https:\/\/www.directvelo.com\/actualite\/130631\/je-voulais-juste-leur-faire-plaisir-une-echappee-et-un-virage-pour-nicolas-breuillard\" target=\"_blank\" rel=\"noopener nofollow\">Il a \u00e9galement pass\u00e9 du temps \u00e0 l\u2019avant lors de l\u2019\u00e9tape d\u2019Orci\u00e8res-Merlette o\u00f9 il \u00e9voluait sur un terrain qu\u2019il conna\u00eet bien<\/a><\/strong><strong>.<\/strong> <\/p>\n<p>Le coureur\u00a0 de 26 ans a encha\u00een\u00e9 cette saison les Top 10 sur les classements g\u00e9n\u00e9raux : 8e du Tour de la Provence et du Tour des Alpes-Maritimes, 5e du Tour de Turquie puis du Tour de R\u00e9publique tch\u00e8que.<\/p>\n<p><strong><a href=\"https:\/\/www.directvelo.com\/coureur\/21317\/nicolas-breuillard\" target=\"_blank\" rel=\"noopener nofollow\">Nicolas Breuillard<\/a> <\/strong>est pass\u00e9 professionnel en 2023 chez St-Michel-Preference Home-Auber 93.\u00a0<\/p>\n<p>Retrouvez tous les transferts de l&rsquo;intersaison 2026-2027 <strong><a style=\"color: #000000; text-decoration: underline;\" href=\"https:\/\/www.directvelo.com\/mutations\/2027#teams-pro\" target=\"_blank\" rel=\"noopener nofollow\">en cliquant ici.<\/a><\/strong>\u00a0<\/p>\n","protected":false},"excerpt":{"rendered":"Nicolas Breuillard va conna\u00eetre sa premi\u00e8re exp\u00e9rience dans une WorldTeam en 2027. Apr\u00e8s une ann\u00e9e chez TotalEnergies, le&hellip;\n","protected":false},"author":2,"featured_media":1166640,"comment_status":"","ping_status":"","sticky":false,"template":"","format":"standard","meta":{"footnotes":"","_share_on_mastodon":"0"},"categories":[1411],"tags":[834,828,836,829,837,827,83,826,824,823,1154,207,814,817,815,816,822,821,832,211,839,1011,27,820,818,819,835,831,830,833,838,60,212,208,825],"class_list":["post-1166639","post","type-post","status-publish","format-standard","has-post-thumbnail","category-cyclisme","tag-attaque","tag-belgique","tag-braquet","tag-bretagne","tag-chute","tag-competition","tag-coupe-de-france","tag-coureur","tag-course-cyclisme","tag-course-cycliste","tag-cycling","tag-cyclisme","tag-direct","tag-direct-velo","tag-directvelo","tag-directvelo-com","tag-epreuve","tag-epreuve-cycliste","tag-federation-francaise-de-cyclisme","tag-ffc","tag-flandres","tag-fr","tag-france","tag-live","tag-live-course","tag-live-epreuve","tag-peloton","tag-radio-peloton","tag-radio-tour","tag-ravitaillement","tag-relance","tag-sports","tag-uci","tag-velo","tag-velos"],"share_on_mastodon":{"url":"https:\/\/pubeurope.com\/@fr\/117212196570010005","error":""},"_links":{"self":[{"href":"https:\/\/www.europesays.com\/fr\/wp-json\/wp\/v2\/posts\/1166639","targetHints":{"allow":["GET"]}}],"collection":[{"href":"https:\/\/www.europesays.com\/fr\/wp-json\/wp\/v2\/posts"}],"about":[{"href":"https:\/\/www.europesays.com\/fr\/wp-json\/wp\/v2\/types\/post"}],"author":[{"embeddable":true,"href":"https:\/\/www.europesays.com\/fr\/wp-json\/wp\/v2\/users\/2"}],"replies":[{"embeddable":true,"href":"https:\/\/www.europesays.com\/fr\/wp-json\/wp\/v2\/comments?post=1166639"}],"version-history":[{"count":0,"href":"https:\/\/www.europesays.com\/fr\/wp-json\/wp\/v2\/posts\/1166639\/revisions"}],"wp:featuredmedia":[{"embeddable":true,"href":"https:\/\/www.europesays.com\/fr\/wp-json\/wp\/v2\/media\/1166640"}],"wp:attachment":[{"href":"https:\/\/www.europesays.com\/fr\/wp-json\/wp\/v2\/media?parent=1166639"}],"wp:term":[{"taxonomy":"category","embeddable":true,"href":"https:\/\/www.europesays.com\/fr\/wp-json\/wp\/v2\/categories?post=1166639"},{"taxonomy":"post_tag","embeddable":true,"href":"https:\/\/www.europesays.com\/fr\/wp-json\/wp\/v2\/tags?post=1166639"}],"curies":[{"name":"wp","href":"https:\/\/api.w.org\/{rel}","templated":true}]}}