{"id":116664,"date":"2025-05-21T10:49:08","date_gmt":"2025-05-21T10:49:08","guid":{"rendered":"https:\/\/www.europesays.com\/fr\/116664\/"},"modified":"2025-05-21T10:49:08","modified_gmt":"2025-05-21T10:49:08","slug":"une-reunion-publique-tres-attendue-dans-le-gers","status":"publish","type":"post","link":"https:\/\/www.europesays.com\/fr\/116664\/","title":{"rendered":"une r\u00e9union publique tr\u00e8s attendue dans le Gers"},"content":{"rendered":"<p>            Par<br \/>\n        <strong><br \/>\n            <a href=\"https:\/\/actu.fr\/auteur\/fabien-hisbacq-actu-fr\" title=\"Consulter tous les articles de Fabien Hisbacq\" target=\"_blank\" rel=\"noopener\">Fabien Hisbacq<\/a><br \/>\n        <\/strong><\/p>\n<p>        Publi\u00e9 le<\/p>\n<p>            21 mai 2025 \u00e0 12h36        <\/p>\n<p>Nouvel \u00e9pisode dans le bras de fer qui oppose Etat et R\u00e9gion sur le financement de <strong>la ligne Auch-Toulouse, menac\u00e9e \u00e0 l\u2019horizon 2026<\/strong>. Une r\u00e9union publique est programm\u00e9e la semaine prochaine dans le <strong><a href=\"https:\/\/actu.fr\/occitanie\/gers_32\" target=\"_blank\" rel=\"noopener\">Gers<\/a><\/strong>.<\/p>\n<p class=\" wall-content\">Elle aura lieu <strong>\u00e0 Auch le lundi 26 mai 2025<\/strong>. Et ce sera en pr\u00e9sence de <strong>Carole Delga,<\/strong> la pr\u00e9sidente de la R\u00e9gion Occitanie.<\/p>\n<p>\u00ab\u00a0Sauver les lignes pourtant propri\u00e9t\u00e9s de l\u2019Etat\u00a0\u00bb<\/p>\n<p class=\" wall-content\">\u00ab\u00a0La R\u00e9gion Occitanie\/Pyr\u00e9n\u00e9es-M\u00e9diterran\u00e9e investit, bien au-del\u00e0 de ses comp\u00e9tences, pour sauver les lignes de train pourtant propri\u00e9t\u00e9 de l\u2019Etat\u00a0\u00bb, rappelle l\u2019\u00e9lue avant ce point d\u2019\u00e9tape.<\/p>\n<p class=\" wall-content\">\u00ab\u00a0Ce choix contribue \u00e0 maintenir le service public dans nos territoires et \u00e0 agir pour le climat. Pour Toulouse-Auch, ce sont 72 millions d\u2019euros engag\u00e9s ces derni\u00e8res ann\u00e9es\u00a0\u00bb, ajoute Carole Delga, qui r\u00e9p\u00e8te : <strong>\u00ab\u00a0Je n\u2019abandonnerai pas un seul kilom\u00e8tre de cette ligne, les habitants en ont besoin !\u00a0\u00bb.<\/strong><\/p>\n<p>Environ 9 500 passagers par jour<\/p>\n<p class=\" wall-content\">Environ 9\u2009500 personnes empruntent actuellement la ligne SNCF Auch-Toulouse au quotidien, ce qui en fait un axe vital entre la pr\u00e9fecture du Gers et la capitale de la R\u00e9gion Occitanie. <strong>Des travaux\u00a0sont n\u00e9cessaires<\/strong>, mais\u00a0un bras de fer oppose \u00c9tat et R\u00e9gion\u00a0sur qui doit les financer et dans quelles proportions.<\/p>\n<p>Vid\u00e9os : en ce moment sur Actu<\/p>\n<p class=\" wall-content\">Actuellement, la ligne b\u00e9n\u00e9ficie d\u2019une d\u00e9rogation. Qui court jusqu\u2019\u00e0 fin 2026. D\u2019o\u00f9 la crainte d\u2019une fermeture \u00e0 son extinction si elle n\u2019est pas r\u00e9nov\u00e9e avant. <strong>La R\u00e9gion assure qu\u2019elle est responsable du \u00ab\u2009mat\u00e9riel roulant\u2009\u00bb, et que c\u2019est donc l\u2019\u00c9tat qui l\u2019est du r\u00e9seau.<\/strong> Or, la R\u00e9gion estime avoir d\u00e9j\u00e0 fait beaucoup d\u2019efforts pour son entretien alors qu\u2019elle n\u2019en avait pas l\u2019obligation.<\/p>\n<p class=\" wall-content\">\u00ab\u2009Donc il faut qu\u2019on rediscute\u2009\u00bb, r\u00e9pondait il y a quelques jours la vice-pr\u00e9sidente de R\u00e9gion Muriel Abadie \u00e0 Actu Occitanie, avant de couper court au d\u00e9bat sur les responsabilit\u00e9s\u2009: \u00ab\u2009Ce n\u2019est pas la R\u00e9gion qui a demand\u00e9 de suspendre les travaux, c\u2019est SNCF R\u00e9seau\u2009\u00bb. Et d\u2019ajouter\u2009: \u00ab\u2009l\u2019\u00c9tat ne peut pas ne pas y aller\u2009\u00bb.<\/p>\n<p>LFI fait le parall\u00e8le avec l\u2019A69 et le co\u00fbt de la LGV<\/p>\n<p class=\" wall-content\">De son c\u00f4t\u00e9, le d\u00e9put\u00e9 LFI de Haute-Garonne Hadrien Clouet a pos\u00e9 une question au gouvernement sur le sujet mercredi 21 mai. Il fait le parall\u00e8le avec le projet d\u2019autoroute A69 entre Castres et Toulouse et renvoie dos \u00e0 dos l\u2019Etat et la R\u00e9gion.<\/p>\n<blockquote class=\"ac-article-quote wall-content\">\n<p>\u00ab\u00a0Comment peut-on promouvoir et financer l&rsquo;inutile et ch\u00e8re autoroute A69 Toulouse-Castres au nom du d\u00e9senclavement&#8230; et fermer la principale ligne de train qui relie la pr\u00e9fecture du Gers \u00e0 la capitale r\u00e9gionale ?\u00a0\u00bb<\/p>\n<p>    <strong>Hadrien Clouet<\/strong><br \/>\n        D\u00e9put\u00e9 LFI de Haute-Garonne    <\/p><\/blockquote>\n<p class=\" wall-content\">\u00ab\u00a0Comment l\u2019\u00c9tat et la r\u00e9gion Occitanie peuvent-ils se r\u00e9clamer de la transition \u00e9cologique et <strong>\u00e9riger la voiture individuelle en unique moyen de locomotion<\/strong> entre Toulouse et Auch ?\u00a0\u00bb, ajoute l\u2019\u00e9lu dans sa question au ministre aupr\u00e8s du ministre de l\u2019am\u00e9nagement du territoire et de la d\u00e9centralisation, charg\u00e9 des transports.<\/p>\n<p><a href=\"https:\/\/static.actu.fr\/uploads\/2025\/05\/an-clouet-ligne-auch-toulouse.pdf\" target=\"_blank\" rel=\"noopener\">Afficher ou t\u00e9l\u00e9charger le fichier.<\/a><\/p>\n<p class=\" wall-content\">\u00ab\u00a0\u00c9tat et r\u00e9gion Occitanie ont su trouver <strong>14 milliards d\u2019euros pour la LGV<\/strong> et 300 millions d\u2019euros pour la construction de la RN124. Il est \u00e9vident qu\u2019ils sont en capacit\u00e9 de lever les sommes bien inf\u00e9rieures destin\u00e9es au maintien d\u2019une ligne SNCF essentielle\u00a0\u00bb, rel\u00e8ve-t-il par ailleurs.<\/p>\n<p>R\u00e9union publique sur la ligne Auch-Toulouse, \u00e0 Auch, le lundi 26 mai \u00e0 19 heures, salle des Cordeliers, 3, rue Camille-Desmoulins.<\/p>\n<p class=\" wall-content\">Suivez toute l\u2019actualit\u00e9 de vos villes et m\u00e9dias favoris en vous inscrivant \u00e0 <a href=\"https:\/\/moncompte.actu.fr\" title=\"D\u00e9couvez Mon Actu\" rel=\"nofollow noopener\" data-trk=\"{&quot;cta&quot;:{&quot;action&quot;:&quot;https:\\\/\\\/moncompte.actu.fr&quot;,&quot;category&quot;:&quot;mon compte&quot;,&quot;from&quot;:&quot;article footer&quot;,&quot;name&quot;:&quot;Mon actu&quot;,&quot;type&quot;:&quot;cta&quot;}}\" target=\"_blank\">Mon Actu<\/a>.<\/p>\n","protected":false},"excerpt":{"rendered":"Par Fabien Hisbacq Publi\u00e9 le 21 mai 2025 \u00e0 12h36 Nouvel \u00e9pisode dans le bras de fer qui&hellip;\n","protected":false},"author":2,"featured_media":116665,"comment_status":"","ping_status":"","sticky":false,"template":"","format":"standard","meta":{"footnotes":""},"categories":[2816],"tags":[1111,11,1777,674,1011,27,12,2680,16417,25,2215,104,2312,2803],"class_list":{"0":"post-116664","1":"post","2":"type-post","3":"status-publish","4":"format-standard","5":"has-post-thumbnail","7":"category-toulouse","8":"tag-actu","9":"tag-actualites","10":"tag-eu","11":"tag-europe","12":"tag-fr","13":"tag-france","14":"tag-news","15":"tag-occitanie","16":"tag-region-occitanie","17":"tag-republique-francaise","18":"tag-sncf","19":"tag-societe","20":"tag-toulouse","21":"tag-transport"},"share_on_mastodon":{"url":"https:\/\/pubeurope.com\/@fr\/114545437289887069","error":""},"_links":{"self":[{"href":"https:\/\/www.europesays.com\/fr\/wp-json\/wp\/v2\/posts\/116664","targetHints":{"allow":["GET"]}}],"collection":[{"href":"https:\/\/www.europesays.com\/fr\/wp-json\/wp\/v2\/posts"}],"about":[{"href":"https:\/\/www.europesays.com\/fr\/wp-json\/wp\/v2\/types\/post"}],"author":[{"embeddable":true,"href":"https:\/\/www.europesays.com\/fr\/wp-json\/wp\/v2\/users\/2"}],"replies":[{"embeddable":true,"href":"https:\/\/www.europesays.com\/fr\/wp-json\/wp\/v2\/comments?post=116664"}],"version-history":[{"count":0,"href":"https:\/\/www.europesays.com\/fr\/wp-json\/wp\/v2\/posts\/116664\/revisions"}],"wp:featuredmedia":[{"embeddable":true,"href":"https:\/\/www.europesays.com\/fr\/wp-json\/wp\/v2\/media\/116665"}],"wp:attachment":[{"href":"https:\/\/www.europesays.com\/fr\/wp-json\/wp\/v2\/media?parent=116664"}],"wp:term":[{"taxonomy":"category","embeddable":true,"href":"https:\/\/www.europesays.com\/fr\/wp-json\/wp\/v2\/categories?post=116664"},{"taxonomy":"post_tag","embeddable":true,"href":"https:\/\/www.europesays.com\/fr\/wp-json\/wp\/v2\/tags?post=116664"}],"curies":[{"name":"wp","href":"https:\/\/api.w.org\/{rel}","templated":true}]}}