{"id":1166643,"date":"2026-09-04T10:03:17","date_gmt":"2026-09-04T10:03:17","guid":{"rendered":"https:\/\/www.europesays.com\/fr\/1166643\/"},"modified":"2026-09-04T10:03:17","modified_gmt":"2026-09-04T10:03:17","slug":"victor-belmondo-angoisse-par-le-metier-de-son-pere-je-me-mettais-a-pleurer","status":"publish","type":"post","link":"https:\/\/www.europesays.com\/fr\/1166643\/","title":{"rendered":"Victor Belmondo, angoiss\u00e9 par le m\u00e9tier de son p\u00e8re\u00a0: \u00ab\u00a0Je me mettais \u00e0 pleurer\u00a0\u00bb"},"content":{"rendered":"<p>            <a href=\"https:\/\/www.journaldesfemmes.fr\/people\/magazine\/3276289-actu-people-aout-patrick-bruel-sylvie-vartan-celine-dion\/3276785-stephane-bern\" class=\"app_button_nav_prev jMiddlePreviousButton\" rel=\"nofollow noopener\" target=\"_blank\"><\/a><a href=\"https:\/\/www.journaldesfemmes.fr\/people\/magazine\/3276289-actu-people-aout-patrick-bruel-sylvie-vartan-celine-dion\/3276805-myriam-et-thomas-koh-lanta\" class=\"app_button_nav_next jMiddleNextButton\" rel=\"nofollow noopener\" target=\"_blank\"><\/a><\/p>\n<p>                <img loading=\"lazy\" decoding=\"async\" src=\"https:\/\/www.europesays.com\/fr\/wp-content\/uploads\/2026\/09\/40094607.jpg\" alt=\"\" width=\"250\" height=\"458\"\/><br \/>\n            <a href=\"https:\/\/img-3.journaldesfemmes.fr\/mujZ-XDIu4Yk2Xi8sCpDv93OYoQ=\/3331x\/smart\/240eb325b4194698b656246a59b469ec\/ccmcms-jdf\/40094607.jpg\" class=\"fancy app_btn_1 app_btn--ico\" rel=\"nofollow noopener\" target=\"_blank\"><\/a>Victor Belmondo \u00a9\u00a0David NIVIERE\/SIPA    <\/p>\n<p><strong>Souvenir souvenir<\/strong>.\u00a0Contrairement \u00e0 ce que l&rsquo;on pourrait penser, Victor Belmondo n&rsquo;a pas pass\u00e9 son enfance sur les plateaux de cin\u00e9ma, en d\u00e9pit du m\u00e9tier de son c\u00e9l\u00e8bre grand-p\u00e8re Jean-Paul Belmondo. \u00ab\u00a0Je les ai d\u00e9couverts assez tard. En revanche, j&rsquo;ai pass\u00e9 une bonne partie de mon enfance sur les circuits\u00a0\u00bb, a confi\u00e9 \u00e0 T\u00e9l\u00e9 7 Jours le fils de l&rsquo;ex-pilote automobile Paul Belmondo. \u00ab\u00a0J&rsquo;\u00e9tais fier et \u00e9mu quand papa montait sur un podium. En revanche, quand il venait me dire au revoir avant de partir pour le rallye Dakar, je me mettais \u00e0 pleurer. J&rsquo;avais tellement peur pour lui\u00a0\u00bb, a ajout\u00e9 celui qui est \u00e0 l&rsquo;affiche de la nouvelle mini-s\u00e9rie de France 2, Le rouge et le noir.<\/p>\n","protected":false},"excerpt":{"rendered":"Victor Belmondo \u00a9\u00a0David NIVIERE\/SIPA Souvenir souvenir.\u00a0Contrairement \u00e0 ce que l&rsquo;on pourrait penser, Victor Belmondo n&rsquo;a pas pass\u00e9 son&hellip;\n","protected":false},"author":2,"featured_media":1166644,"comment_status":"","ping_status":"","sticky":false,"template":"","format":"standard","meta":{"footnotes":"","_share_on_mastodon":"0"},"categories":[1359],"tags":[120401,51761,58,59,52292,1011,27,51766,1031,973],"class_list":["post-1166643","post","type-post","status-publish","format-standard","has-post-thumbnail","category-people","tag-cms-journaldesfemmes-3276781","tag-controller-content","tag-divertissement","tag-entertainment","tag-format-reportage","tag-fr","tag-france","tag-les-histoires-du-jdf","tag-magazine","tag-people"],"share_on_mastodon":{"url":"https:\/\/pubeurope.com\/@fr\/117212206529535107","error":""},"_links":{"self":[{"href":"https:\/\/www.europesays.com\/fr\/wp-json\/wp\/v2\/posts\/1166643","targetHints":{"allow":["GET"]}}],"collection":[{"href":"https:\/\/www.europesays.com\/fr\/wp-json\/wp\/v2\/posts"}],"about":[{"href":"https:\/\/www.europesays.com\/fr\/wp-json\/wp\/v2\/types\/post"}],"author":[{"embeddable":true,"href":"https:\/\/www.europesays.com\/fr\/wp-json\/wp\/v2\/users\/2"}],"replies":[{"embeddable":true,"href":"https:\/\/www.europesays.com\/fr\/wp-json\/wp\/v2\/comments?post=1166643"}],"version-history":[{"count":0,"href":"https:\/\/www.europesays.com\/fr\/wp-json\/wp\/v2\/posts\/1166643\/revisions"}],"wp:featuredmedia":[{"embeddable":true,"href":"https:\/\/www.europesays.com\/fr\/wp-json\/wp\/v2\/media\/1166644"}],"wp:attachment":[{"href":"https:\/\/www.europesays.com\/fr\/wp-json\/wp\/v2\/media?parent=1166643"}],"wp:term":[{"taxonomy":"category","embeddable":true,"href":"https:\/\/www.europesays.com\/fr\/wp-json\/wp\/v2\/categories?post=1166643"},{"taxonomy":"post_tag","embeddable":true,"href":"https:\/\/www.europesays.com\/fr\/wp-json\/wp\/v2\/tags?post=1166643"}],"curies":[{"name":"wp","href":"https:\/\/api.w.org\/{rel}","templated":true}]}}