{"id":1166649,"date":"2026-09-04T10:08:22","date_gmt":"2026-09-04T10:08:22","guid":{"rendered":"https:\/\/www.europesays.com\/fr\/1166649\/"},"modified":"2026-09-04T10:08:22","modified_gmt":"2026-09-04T10:08:22","slug":"angele-teddybear-u2-les-beatles-il-y-en-aura-pour-tous-les-gouts","status":"publish","type":"post","link":"https:\/\/www.europesays.com\/fr\/1166649\/","title":{"rendered":"Ang\u00e8le, Teddybear, U2, les Beatles : il y en aura pour tous les go\u00fbts"},"content":{"rendered":"<p class=\"ap-StoryElement ap-StoryElement--mb ap-StoryText\"><b>Ang\u00e8le, Instinct, 16\/10.<\/b><\/p>\n<p><a href=\"https:\/\/www.moustique.be\/musique\/2026\/08\/31\/angele-annonce-deux-dates-de-concert-a-ling-arena-de-bruxelles-les-20-et-21-mars-2027-on-vous-explique-comment-assister-a-ce-show-unique-JKNIO635FBC2TBDU7NS2QPA6TY\/\" target=\"_self\" rel=\"noopener noreferrer nofollow\" class=\"ap-StoryInterstitialLink ap-StoryElement ap-StoryElement--mb\">Ang\u00e8le annonce deux dates de concert \u00e0 l&rsquo;ING Arena de Bruxelles les 20 et 21 mars 2027 : on vous explique comment assister \u00e0 ce show unique<\/a>Le retour du groupe mythique U2<img loading=\"lazy\" decoding=\"async\" class=\"w-full lazyload lazyload--opacity object-contain\" style=\"aspect-ratio:150 \/ 100;opacity:1\" alt=\"Bono and The Edge of U2 perform at the opening of the Barack Obama Presidential Center in Chicago, Illinois, on June 18, 2026. &#10;Kamil Krzaczynski \/ AFP\" width=\"768\" height=\"512\" fetchpriority=\"auto\" src=\"https:\/\/www.europesays.com\/fr\/wp-content\/uploads\/2025\/12\/1765951754_589_S5VKD3X55FFF3BW6V4SEHXNP7I.png\"  data- data-optimumx=\"1\"\/>Bono and The Edge of U2 perform at the opening of the Barack Obama Presidential Center in Chicago, Illinois, on June 18, 2026. &#13;Kamil Krzaczynski \/ AFP \u00a9Belga Image<\/p>\n<p class=\"ap-StoryElement ap-StoryElement--mb ap-StoryText\">U2 a d\u00e9j\u00e0 g\u00e2t\u00e9 ses admirateurs en 2026 avec deux EP compos\u00e9s chacun de six titres : le tr\u00e8s engag\u00e9 Days Of Ash, sorti le 18 f\u00e9vrier, et l&rsquo;introspectif Easter Lily, mis en ligne le Vendredi Saint. \u00c0 cette occasion, le groupe confirmait que le successeur de Songs Of Experience, son quatorzi\u00e8me album de U2 sorti en 2017, \u00e9tait en chantier. \u00ab\u00a0Ce disque sera bruyant, chaotique et d\u00e9raisonnablement color\u00e9, promettait Bono. Il est con\u00e7u pour \u00eatre jou\u00e9 en live\u2026 car c&rsquo;est l\u00e0 que U2 existe vraiment. Nous continuons de voir le rock and roll comme un acte de r\u00e9sistance face \u00e0 toute cette horreur qui d\u00e9file sur nos petits \u00e9crans.\u00a0\u00bb<\/p>\n<p class=\"ap-StoryElement ap-StoryElement--mb ap-StoryText\"><b>U2, pas de titre, avant fin 2026.<\/b><\/p>\n<p><a href=\"https:\/\/www.moustique.be\/culture\/2026\/07\/07\/u2-signe-son-retour-avec-streets-of-dreams-single-annonciateur-dun-nouvel-album-studio-KWFWUMHFFFD4PB2FJDIUPXL6JE\/\" target=\"_self\" rel=\"noopener noreferrer nofollow\" class=\"ap-StoryInterstitialLink ap-StoryElement ap-StoryElement--mb\">U2 signe son retour avec \u00ab\u00a0Streets of Dreams\u00a0\u00bb, single annonciateur d&rsquo;un nouvel album studio<\/a>Le coup de c\u0153ur est allemand<img loading=\"lazy\" decoding=\"async\" class=\"w-full lazyload lazyload--opacity object-contain\" style=\"aspect-ratio:104 \/ 100;opacity:1\" alt=\" Fontaines DC \u00e0 l'A\u00e9ronef le 29\/03.\" width=\"768\" height=\"738\" fetchpriority=\"auto\" src=\"https:\/\/www.europesays.com\/fr\/wp-content\/uploads\/2025\/12\/1765951754_589_S5VKD3X55FFF3BW6V4SEHXNP7I.png\"  data- data-optimumx=\"1\"\/> Fontaines DC \u00e0 l&rsquo;A\u00e9ronef le 29\/03. \u00a9<\/p>\n<p class=\"ap-StoryElement ap-StoryElement--mb ap-StoryText\">Janvier 2019. Nous d\u00e9couvrions <a href=\"https:\/\/www.moustique.be\/culture\/2024\/08\/23\/fontaines-dc-u2-the-police-los-bitchos-les-albums-de-la-semaine-6ZDFXXYXMJCW7CERBBBL5N34UQ\/\" target=\"_blank\" rel=\"noreferrer noopener nofollow\">Fontaines D.C<\/a>. lors d&rsquo;un showcase donn\u00e9 chez un disquaire de Groningen aux Pays-Bas, en marge du festival Eurosonic. Sept ans plus tard, le groupe dublinois r\u00e8gne sur la sc\u00e8ne indie rock mondiale. Dopamine Chambers, son cinqui\u00e8me album est attendu comme le Graal et les ench\u00e8res s&rsquo;envolent d\u00e9j\u00e0 entre les gros festivals d\u00e9sireux de l&rsquo;avoir en t\u00eate d&rsquo;affiche l&rsquo;\u00e9t\u00e9 prochain. Nappes de synth\u00e9s, basse cold-wave, ch\u0153ur c\u00e9leste et refrain lancinant\u2026<\/p>\n<p class=\"ap-StoryElement ap-StoryElement--mb ap-StoryText\">Le single \u00ab\u00a0Marianne\u00a0\u00bb, d\u00e9voil\u00e9 voici deux semaines, est une petite merveille. \u00ab\u00a0Je pense que notre quatri\u00e8me album Romance \u00e9tait compos\u00e9 \u00e0 environ 60 % d&rsquo;\u00e9l\u00e9ments humains et \u00e0 40 % d&rsquo;\u00e9l\u00e9ments alt\u00e9r\u00e9s par l&rsquo;automatisation.. Ici, on est dans la proportion inverse\u00a0\u00bb, pr\u00e9vient Grian Chatten, chanteur et parolier de Fontaines D.C.<\/p>\n<p class=\"ap-StoryElement ap-StoryElement--mb ap-StoryText\"><b>Fontaines D.C., Dopamine Chambers, 16\/10.<\/b><\/p>\n<p>La r\u00e9\u00e9dition britannique<img loading=\"lazy\" decoding=\"async\" class=\"w-full lazyload lazyload--opacity object-contain\" style=\"aspect-ratio:100 \/ 100;opacity:1\" alt=\"Beatles\" width=\"768\" height=\"768\" fetchpriority=\"auto\" src=\"https:\/\/www.europesays.com\/fr\/wp-content\/uploads\/2025\/12\/1765951754_589_S5VKD3X55FFF3BW6V4SEHXNP7I.png\"  data- data-optimumx=\"1\"\/>Beatles \u00a9Apple\/Emi<\/p>\n<p class=\"ap-StoryElement ap-StoryElement--mb ap-StoryText\">Sixi\u00e8me album des <a href=\"https:\/\/www.moustique.be\/culture\/2025\/04\/03\/les-beatles-changent-de-visage-et-cest-plutot-surprenant-DLD5JBHZRZFHJJDXPB45MVI5U4\/\" target=\"_blank\" rel=\"noreferrer noopener nofollow\">Beatles<\/a> paru le 3 d\u00e9cembre 1965, Rubber Soul revient dans les bacs \u00e0 l&rsquo;occasion de son soixanti\u00e8me anniversaire. Giles Martin, fils de George Martin, le producteur historique des Fab Four, a r\u00e9alis\u00e9 un nouveau mix en redonnant de l&rsquo;\u00e9clat aux bandes originales. Premier disque o\u00f9 leur nom n&rsquo;apparaissait pas sur la pochette, Rubber Soul est marqu\u00e9 par l&rsquo;arriv\u00e9e de nouveaux instruments, des textes plus m\u00fbrs et la volont\u00e9 du tandem Lennon\/McCartney de bousculer les codes de la pop. D\u00e9clin\u00e9e en plusieurs formats, cette Rubber Soul Special Edition comprendra vingt prises alternatives des titres originaux ainsi que \u00ab\u00a0Little Girl\u00a0\u00bb, une chanson in\u00e9dite de John Lennon rest\u00e9e jusqu&rsquo;ici \u00e0 l&rsquo;\u00e9tat de maquette.<\/p>\n<p class=\"ap-StoryElement ap-StoryElement--mb ap-StoryText\"><b>The Beatles, Rubber Soul Special Edition, 2\/10.<\/b><\/p>\n<p>Le ph\u00e9nom\u00e8ne a des chaussures roses<img loading=\"lazy\" decoding=\"async\" class=\"w-full lazyload lazyload--opacity object-contain\" style=\"aspect-ratio:67 \/ 100;opacity:1\" alt=\"TeddyBear\" width=\"768\" height=\"1152\" fetchpriority=\"auto\" src=\"https:\/\/www.europesays.com\/fr\/wp-content\/uploads\/2025\/12\/1765951754_589_S5VKD3X55FFF3BW6V4SEHXNP7I.png\"  data- data-optimumx=\"1\"\/>TeddyBear \u00a9Eric Scaggiante<\/p>\n<p class=\"ap-StoryElement ap-StoryElement--mb ap-StoryText\">Premier concert bruxellois euphorique au Botanique en juin, premi\u00e8res Francofolies de Spa sous une pluie d&rsquo;applaudissements un mois plus tard, triomphe annonc\u00e9 ce week-end aux Solidarit\u00e9s et d\u00e9j\u00e0 la France qui tente de se l&rsquo;approprier\u2026 \u00c0 vingt-quatre ans et avec seulement trois titres disponibles sur les plateformes de streaming, TeddyBear d\u00e9cha\u00eene les passions. N\u00e9 \u00e0 Mons, Jules Scinta -son vrai nom- est batteur, chanteur, auteur, compositeur, rappeur, grand c\u0153ur et bien plus encore. Ses textes bouleversent, il est dr\u00f4le, fragile et poss\u00e8de d\u00e9j\u00e0 un vrai \u00ab\u00a0truc\u00a0\u00bb \u00e0 lui qui fait toute la diff\u00e9rence sur sc\u00e8ne.<\/p>\n<p class=\"ap-StoryElement ap-StoryElement--mb ap-StoryText\"><b>TeddyBear, pas de titre, 30 octobre.<\/b><\/p>\n<p><a href=\"https:\/\/www.moustique.be\/musique\/2026\/06\/04\/qui-est-teddybear-lartiste-belge-aux-multiples-premieres-parties-de-star-francaises-bientot-sur-la-scene-des-solidarites-GAXKARGNKZGO3BNEKZXSI6WOK4\/\" target=\"_self\" rel=\"noopener noreferrer nofollow\" class=\"ap-StoryInterstitialLink ap-StoryElement ap-StoryElement--mb\">Qui est TeddyBear  ?<\/a>Les autres Belges<\/p>\n<p class=\"ap-StoryElement ap-StoryElement--mb ap-StoryText\">Production muscl\u00e9e, textes personnels profond\u00e9ment \u00e9mouvants, bangers taill\u00e9s pour les radios\u2026 Ave de Maere, deuxi\u00e8me album de <a href=\"https:\/\/www.moustique.be\/culture\/2023\/07\/14\/pierre-de-maere-je-deteste-la-perfection-3MY2CF3VVZF4VDQ2BSP4QRBUWA\/\" target=\"_blank\" rel=\"noreferrer noopener nofollow\"><b>Pierre de Maere<\/b><\/a>, s&rsquo;annonce comme une v\u00e9ritable bombe ! On en reparle tr\u00e8s vite puisqu&rsquo;il d\u00e9barque le 25 septembre. Apr\u00e8s son side-project Sennan Bay, Marc Pinilla r\u00e9active <b>Suarez<\/b> avec D&rsquo;Amour et d&rsquo;al\u00e9as, un troisi\u00e8me album d\u00e8s le 11 septembre. Apr\u00e8s <b>Girls In Hawaii<\/b> (ce week-end aux Solidarit\u00e9s) et <b>Ghinzu<\/b>, c&rsquo;est au tour de la formation li\u00e9geoise <b>Hollywood Porn Stars<\/b> d&rsquo;annoncer son retour discographique avec un nouvel album, dont la sortie est pr\u00e9vue en fin d&rsquo;ann\u00e9e. Le troisi\u00e8me album de <b>No\u00e9 Preszow<\/b> arrivera, lui aussi, avant les F\u00eates.<\/p>\n<p>Le gratin international<img loading=\"lazy\" decoding=\"async\" class=\"w-full lazyload lazyload--opacity object-contain\" style=\"aspect-ratio:133 \/ 100;opacity:1\" alt=\"Charlotte Cardin revient en exclusivit\u00e9 cet \u00e9t\u00e9 au Ronqui\u00e8res Festival.\" width=\"768\" height=\"577\" fetchpriority=\"auto\" src=\"https:\/\/www.europesays.com\/fr\/wp-content\/uploads\/2025\/12\/1765951754_589_S5VKD3X55FFF3BW6V4SEHXNP7I.png\"  data- data-optimumx=\"1\"\/>Charlotte Cardin revient en exclusivit\u00e9 cet \u00e9t\u00e9 au Ronqui\u00e8res Festival. \u00a9belga<\/p>\n<p class=\"ap-StoryElement ap-StoryElement--mb ap-StoryText\">La Montr\u00e9alaise Charlotte Cardin devait constituer l&rsquo;une des grosses attractions du Ronqui\u00e8res Festival. Contrainte d&rsquo;annuler la fin de sa tourn\u00e9e d&rsquo;\u00e9t\u00e9 en raison d&rsquo;un probl\u00e8me aux cordes vocales, elle maintient toutefois la sortie du successeur de 99 Nights pour cet automne. \u00c0 l&rsquo;\u00e9coute des singles \u00ab\u00a0The Way We Touch\u00a0\u00bb et \u00ab\u00a0Take Me Back\u00a0\u00bb d\u00e9j\u00e0 teas\u00e9s, il faut s&rsquo;attendre \u00e0 un album plus cin\u00e9matographique et \u00e9lectro.<\/p>\n<p><a href=\"https:\/\/www.moustique.be\/musique\/2026\/04\/29\/critique-du-concert-de-charlotte-cardin-a-forest-national-elegante-authentique-et-avec-son-amoureux-sur-scene-ZLLMG2B4TJEYPOFEHOMHPL6Z2E\/\" target=\"_self\" rel=\"noopener noreferrer nofollow\" class=\"ap-StoryInterstitialLink ap-StoryElement ap-StoryElement--mb\">Critique du concert de Charlotte Cardin \u00e0 Forest National : \u00e9l\u00e9gante, authentique et\u2026 avec son amoureux sur sc\u00e8ne<\/a><\/p>\n<p class=\"ap-StoryElement ap-StoryElement--mb ap-StoryText\">De son c\u00f4t\u00e9, Carly Rae Jepsen voit les choses en grand avec Day and Night (18\/9), un album de 24 titres divis\u00e9 en deux volets compl\u00e9mentaires : douze chansons inspir\u00e9es la pop psych\u00e9d\u00e9lique des ann\u00e9es 1970 et douze autres aux ambiances nocturnes et synth\u00e9tiques. Fat Dog (Cancel Me (I&rsquo;m Tired), 2\/10), Troye Silvan (She&rsquo;s The Best, 9\/10), Blondie (High Moon), Queens Of The Stone Age (Perfecth, 30\/10), Megan Thee Stallion (Act III, sans date annonc\u00e9e) figurent \u00e9galement parmi les sorties les plus attendues du dernier trimestre 2026.<\/p>\n<p>La chanson fran\u00e7aise<\/p>\n<p class=\"ap-StoryElement ap-StoryElement--mb ap-StoryText\">Apr\u00e8s Ang\u00e8le et <a href=\"https:\/\/www.moustique.be\/musique\/2026\/04\/03\/celine-dion-fera-son-grand-retour-sur-scene-pour-10-concerts-evenements-a-paris-en-septembre-6-chiffres-marquants-sur-licone-de-la-chanson-francaise-BHTAYPMXENDWJJFLFCJ7QEESTU\/\" target=\"_blank\" rel=\"noreferrer noopener nofollow\">C\u00e9line Dion<\/a>, ce sera au tour de <a href=\"https:\/\/www.moustique.be\/culture\/2026\/05\/29\/mylene-farmer-est-de-retour-et-casse-la-baraque-voici-ce-que-nous-pensons-du-nouveau-single-de-la-chanteuse-clone-ILBYT6RBWVDABNUOLI4NTBCYGQ\/\" target=\"_blank\" rel=\"noreferrer noopener nofollow\">Myl\u00e8ne Farmer<\/a> de faire son retour. \u00c9gr\u00e9gore, son nouvel album, est attendu le 30 octobre. Port\u00e9 par le single \u00ab\u00a0C&rsquo;est \u00e0 qui le tour\u00a0\u00bb, ce treizi\u00e8me opus studio arrive quatre ans apr\u00e8s L&rsquo;Emprise. Le 18 septembre, Camille sort The Sound Of Milk, album inspir\u00e9 de sa vie de maman de deux enfants et fa\u00e7onn\u00e9 au cours de leur croissance. Du neuf est \u00e9galement attendu du c\u00f4t\u00e9 d&rsquo;Eddy de Pretto et de <a href=\"https:\/\/www.moustique.be\/culture\/2025\/04\/09\/vianney-tente-un-concert-sauvage-a-notre-dame-et-finit-noye-sous-la-foule-video-JBQHPTGEYNHSTIMU3VK4HYJ7JM\/\" target=\"_blank\" rel=\"noreferrer noopener nofollow\">Vianney<\/a>. Pr\u00e9sente aux Solidarit\u00e9s ce week-end, Marguerite sortira Gu\u00e9rir, le 2 octobre. C&rsquo;est \u00e9galement ce jour-l\u00e0 que Zazie d\u00e9voilera Volatil, son douzi\u00e8me opus.<\/p>\n<p>Le live<img loading=\"lazy\" decoding=\"async\" class=\"w-full lazyload lazyload--opacity object-contain\" style=\"aspect-ratio:158 \/ 100;opacity:1\" alt=\"Ian Curtis, le chanteur de Joy Division, s'est suicid\u00e9 en 18 mai 1980. Ses acolytes au sein du groupe, Bernard Sumner, Peter Hook et Stephen Morris, ont continu\u00e9 sous le nom New Order.\" width=\"768\" height=\"487\" fetchpriority=\"auto\" src=\"https:\/\/www.europesays.com\/fr\/wp-content\/uploads\/2025\/12\/1765951754_589_S5VKD3X55FFF3BW6V4SEHXNP7I.png\"  data- data-optimumx=\"1\"\/>Ian Curtis, le chanteur de Joy Division, s&rsquo;est suicid\u00e9 en 18 mai 1980. Ses acolytes au sein du groupe, Bernard Sumner, Peter Hook et Stephen Morris, ont continu\u00e9 sous le nom New Order. \u00a9Capture d&rsquo;\u00e9cran YouTube<\/p>\n<p class=\"ap-StoryElement ap-StoryElement--mb ap-StoryText\">Vous r\u00eaviez de poss\u00e9der sur un m\u00eame support seize versions live diff\u00e9rentes de \u00ab\u00a0She&rsquo;s Lost Control\u00a0\u00bb de Joy Division ou un DVD de son concert donn\u00e9 le 16 octobre 1979 au Plan K, \u00e0 Bruxelles, film\u00e9 par une seule cam\u00e9ra zoomant et d\u00e9zoomant sur des musiciens \u00e0 peine \u00e9clair\u00e9s ? Le coffret Eternal devrait alors combler toutes vos attentes. Il rassemble quinze concerts de Joy Division, dont leur dernier show au High Hall de Birmingham le 2 mai 1980, seize jours avant le suicide par pendaison de son chanteur Ian Curtis (d\u00e9j\u00e0 disponible sur Still). Certains enregistrements sont professionnels, d&rsquo;autres ont \u00e9t\u00e9 capt\u00e9s par des fans au c\u0153ur de la foule. Pour les collectionneurs compulsifs.<\/p>\n<p class=\"ap-StoryElement ap-StoryElement--mb ap-StoryText\"><b>Joy Division, Eternal (15 CD, 2 DVD), 25\/9.<\/b><\/p>\n<p>Les marronniers<img loading=\"lazy\" decoding=\"async\" class=\"w-full lazyload lazyload--opacity object-contain\" style=\"aspect-ratio:67 \/ 100;opacity:1\" alt=\"Lana del rey\" width=\"768\" height=\"1152\" fetchpriority=\"auto\" src=\"https:\/\/www.europesays.com\/fr\/wp-content\/uploads\/2025\/12\/1765951754_589_S5VKD3X55FFF3BW6V4SEHXNP7I.png\"  data- data-optimumx=\"1\"\/><\/p>\n<p class=\"ap-StoryElement ap-StoryElement--mb ap-StoryText\">On les \u00e9voque r\u00e9guli\u00e8rement sans rien voir venir. Lana Del Rey ne parle plus d&rsquo;un album aux accents country et southern gothic, mais de deux albums. Rihanna n&rsquo;a plus rien sorti depuis 2016 et l&rsquo;on r\u00e9\u00e9crit cette phrase \u00e0 chaque arriv\u00e9e de l&rsquo;automne. Michael Stipe, ex-leader de R.E.M. devrait finir par se d\u00e9cider \u00e0 publier son premier disque solo. La venue, cet \u00e9t\u00e9, de The XX laisse esp\u00e9rer un successeur d&rsquo;I See You (2017).<\/p>\n","protected":false},"excerpt":{"rendered":"Ang\u00e8le, Instinct, 16\/10. Ang\u00e8le annonce deux dates de concert \u00e0 l&rsquo;ING Arena de Bruxelles les 20 et 21&hellip;\n","protected":false},"author":2,"featured_media":1166650,"comment_status":"","ping_status":"","sticky":false,"template":"","format":"standard","meta":{"footnotes":"","_share_on_mastodon":"0"},"categories":[1355],"tags":[6051,7043,58,59,1011,27,27909,1361,873,18730],"class_list":["post-1166649","post","type-post","status-publish","format-standard","has-post-thumbnail","category-musique","tag-bruxelles-villes","tag-celine-dion","tag-divertissement","tag-entertainment","tag-fr","tag-france","tag-mons","tag-music","tag-musique","tag-spa"],"share_on_mastodon":{"url":"https:\/\/pubeurope.com\/@fr\/117212225869444103","error":""},"_links":{"self":[{"href":"https:\/\/www.europesays.com\/fr\/wp-json\/wp\/v2\/posts\/1166649","targetHints":{"allow":["GET"]}}],"collection":[{"href":"https:\/\/www.europesays.com\/fr\/wp-json\/wp\/v2\/posts"}],"about":[{"href":"https:\/\/www.europesays.com\/fr\/wp-json\/wp\/v2\/types\/post"}],"author":[{"embeddable":true,"href":"https:\/\/www.europesays.com\/fr\/wp-json\/wp\/v2\/users\/2"}],"replies":[{"embeddable":true,"href":"https:\/\/www.europesays.com\/fr\/wp-json\/wp\/v2\/comments?post=1166649"}],"version-history":[{"count":0,"href":"https:\/\/www.europesays.com\/fr\/wp-json\/wp\/v2\/posts\/1166649\/revisions"}],"wp:featuredmedia":[{"embeddable":true,"href":"https:\/\/www.europesays.com\/fr\/wp-json\/wp\/v2\/media\/1166650"}],"wp:attachment":[{"href":"https:\/\/www.europesays.com\/fr\/wp-json\/wp\/v2\/media?parent=1166649"}],"wp:term":[{"taxonomy":"category","embeddable":true,"href":"https:\/\/www.europesays.com\/fr\/wp-json\/wp\/v2\/categories?post=1166649"},{"taxonomy":"post_tag","embeddable":true,"href":"https:\/\/www.europesays.com\/fr\/wp-json\/wp\/v2\/tags?post=1166649"}],"curies":[{"name":"wp","href":"https:\/\/api.w.org\/{rel}","templated":true}]}}