{"id":116666,"date":"2025-05-21T10:50:16","date_gmt":"2025-05-21T10:50:16","guid":{"rendered":"https:\/\/www.europesays.com\/fr\/116666\/"},"modified":"2025-05-21T10:50:16","modified_gmt":"2025-05-21T10:50:16","slug":"voici-les-brocantes-organisees-dans-le-nord-le-week-end-des-24-et-25-mai","status":"publish","type":"post","link":"https:\/\/www.europesays.com\/fr\/116666\/","title":{"rendered":"Voici les brocantes organis\u00e9es dans le Nord le week-end des 24 et 25 mai"},"content":{"rendered":"<p>            Par<br \/>\n        <strong><br \/>\n            <a href=\"https:\/\/actu.fr\/auteur\/hervine-mahaud\" title=\"Consulter tous les articles de Hervine Mahaud\" target=\"_blank\" rel=\"noopener\">Hervine Mahaud<\/a><br \/>\n        <\/strong><\/p>\n<p>        Publi\u00e9 le<\/p>\n<p>            21 mai 2025 \u00e0 12h00        <\/p>\n<p>Amateurs de chine, voici votre agenda du week-end\u2009! Samedi\u00a024 et dimanche 25\u00a0mai 2025, plusieurs <b>brocantes<\/b>, <b>braderies<\/b> et <b>vide-greniers<\/b> sont organis\u00e9s dans le <b>Nord<\/b>. Pour compl\u00e9ter, retrouvez <a href=\"https:\/\/actu.fr\/loisirs-culture\/pas-de-calais-les-brocantes-et-marches-aux-puces-prevus-les-samedi-24-et-dimanche-25-mai_62659728.html\" target=\"_blank\" rel=\"noopener\">la liste des march\u00e9s aux puces pr\u00e9vues dans le Pas-de-Calais<\/a>.<\/p>\n<p>Samedi 24\u00a0mai 2025<\/p>\n<p class=\" wall-content\"><b>Autour de\u00a0Dunkerque<\/b><\/p>\n<ul class=\" wall-content\">\n<li><b>Esquelbecq<\/b> \u2013 Brocante pu\u00e9riculture avec 40\u00a0exposants, de 9h \u00e0 18h. Parking de l\u2019\u00e9cole Andr\u00e9 Ammeux, 61 rue de Bergues.<\/li>\n<li><b>Petite-Synthe<\/b> \u2013 Brocante avec 800\u00a0exposants, de 8h \u00e0 17h. Rue Beausoleil, rue des Violettes, rue des Coquelicots, rue de la Cens\u00e9.<\/li>\n<li><b>Rosenda\u00ebl<\/b> \u2013 Brocante avec 350\u00a0exposants, de 7h \u00e0 17h. Rue Fran\u00e7ois Villon, rue Zamenhof, rue Alsace Lorraine, rue Georges Claeyman, boulevard Diderot.<\/li>\n<li><b>Saint-Pol-sur-Mer<\/b> \u2013 Brocante en salle avec 90\u00a0exposants, de 8h \u00e0 16h. Centre social culturel Jean Cocteau, boulevard de l\u2019Aurore.<\/li>\n<\/ul>\n<p class=\" wall-content\"><b>Autour de Lille<\/b><\/p>\n<ul class=\" wall-content\">\n<li><b>Baisieux<\/b> \u2013 Vide-greniers avec 350\u00a0exposants, de 12h \u00e0 18h. Rue Paul-\u00c9mile Victor, chemin d\u2019Ogimont.<\/li>\n<li><b>Haubourdin<\/b> \u2013 Vide-greniers avec 200\u00a0exposants, de 9h \u00e0 17h. Cour de l\u2019\u00e9cole \u00e9l\u00e9mentaire Louis Cordonnier, rue du Capitaine Haezebrouck.<\/li>\n<li><b>Lambersart<\/b> \u2013 Vide-greniers avec 250\u00a0exposants, de 13h \u00e0 19h. Rue Robert Schuman, rue 8\u00a0mai 1945, rue Jean Moulin.<\/li>\n<li><b>Lille<\/b> \u2013 Braderie de Wazemmes avec 400\u00a0exposants, de 9h \u00e0 16h. Rue de Wazemmes, rue de la Justice, rue d\u2019Artois.<\/li>\n<li><b>Lille<\/b> \u2013 Vente solidaire de v\u00eatements de 11h \u00e0 16h30. Salle de l\u2019Entraide protestante, 68 rue du March\u00e9.<\/li>\n<li><b>Lomme<\/b> \u2013 Vide-greniers de 8h \u00e0 13h. Cour de l\u2019\u00e9cole La Fontaine Roland Lamartine, 1 rue Lamartine.<\/li>\n<li><b>Marquette-lez-Lille<\/b> \u2013 Vide-greniers avec 100\u00a0exposants, de 10h \u00e0 16h. Rue Guynemer, rue Saint-Exup\u00e9ry, rue Jean Mermoz.<\/li>\n<li><b>Tourcoing<\/b> \u2013 March\u00e9 aux puces avec 300\u00a0exposants de 8h \u00e0 15h. Place des Phalempins.<\/li>\n<li><b>Villeneuve-d\u2019Ascq<\/b> \u2013 Brocante de 8h \u00e0 14h. Chemin des Visiteurs.<\/li>\n<li><b>Wasquehal<\/b> \u2013 Vide-greniers avec 100\u00a0exposants, de 8h \u00e0 16h. Avenue de la Victoire.<\/li>\n<li><b>Wattrelos<\/b> \u2013 Bourse des couturi\u00e8res avec 12\u00a0exposants, de 14h \u00e0 18h. Centre Stalingrad, 27 rue de Stalingrad.<\/li>\n<\/ul>\n<p class=\" wall-content\"><b>Autour de Douai<\/b><\/p>\n<ul class=\" wall-content\">\n<li><b>Monchecourt<\/b> \u2013 Brocante avec 110 emplacements, de 8h \u00e0 18h. Rue d\u2019\u00c9merchicourt.<\/li>\n<li><b>Orchies<\/b> \u2013 Brocante de 14h \u00e0 20h. Rue des Bleuets, rue des Jonquilles, rue des Iris, rue des Pivoines.<\/li>\n<\/ul>\n<p class=\" wall-content\"><b>Autour de Cambrai<\/b><\/p>\n<ul class=\" wall-content\">\n<li><b>Inchy<\/b> \u2013 Brocante avec 150\u00a0exposants, de 8h \u00e0 19h. Rue de Troisvilles, rue du Paradis, rue des J\u00e9suistes, rue du 19\u00a0Mars 1962, rue du Dr Eloire.<\/li>\n<li><b>Romeries<\/b> \u2013 Brocante avec 60\u00a0exposants, de 8h \u00e0 16h. Rue du Quesnoy.<\/li>\n<li><b>Saint-Hilaire-lez-Cambrai<\/b> \u2013 Brocante de 8h \u00e0 16h. Avenue Jules Guesde.<\/li>\n<\/ul>\n<p class=\" wall-content\"><b>Autour d\u2019Avesnes-sur-Helpe<\/b><\/p>\n<ul class=\" wall-content\">\n<li><b>Maubeuge<\/b> \u2013 Vide-greniers de 8h \u00e0 17h30. Espace Victor Hugo, rue de Jeanne d\u2019Arc.<\/li>\n<li><b>Monceau-Saint-Waast<\/b> \u2013 Brocante de 8h \u00e0 17h. Rue de Verdun.<\/li>\n<li><b>Salesches<\/b> \u2013 Vide jardins avec 20\u00a0exposants, de 9h \u00e0 16h. Au centre du village.<\/li>\n<li><b>Wignehies<\/b> \u2013 Brocante avec 100\u00a0exposants, de 8h30 \u00e0 17h30. Rue Jean Jaur\u00e8s, rue Boussu, rue des Soigneuses.<\/li>\n<\/ul>\n<p>Dimanche 25\u00a0mai 2025<\/p>\n<p class=\" wall-content\"><b>Autour de Dunkerque<\/b><\/p>\n<ul class=\" wall-content\">\n<li><b>Cappelle-la-Grande<\/b> \u2013 Brocante avec 230\u00a0exposants, de 6h \u00e0 16h. Rue de Picardie, rue de Bretagne, rue d\u2019Artois, rue de Lorraine, rue d\u2019Alsace.<\/li>\n<li><b>Strazeele<\/b> \u2013 Brocante avec 80\u00a0exposants, de 7h30 \u00e0 14h. Rue de l\u2019\u00c9glise.<\/li>\n<\/ul>\n<p class=\" wall-content\"><b>Autour de Lille<\/b><\/p>\n<ul class=\" wall-content\">\n<li><b>Croix<\/b> \u2013 Vide-greniers avec 400\u00a0exposants, de 8h \u00e0 16h. Rue Louis Seigneur, rue Charles St Venant, rue de l\u2019Allumette, rue de Mulhouse.<\/li>\n<li><b>Lambersart<\/b> \u2013 Brocante avec 150\u00a0exposants, de 8h \u00e0 13h. Place de la R\u00e9publique, avenue Vauban, rue Kl\u00e9ber.<\/li>\n<li><b>Villeneuve-d\u2019Ascq<\/b> \u2013 Vide-greniers avec 350\u00a0exposants, de 8h \u00e0 13h. Quai Hudson, avenue Harrison.<\/li>\n<li><b>Villeneuve-d\u2019Ascq<\/b> \u2013 Vente de disques vinyles, de 11h \u00e0 18h. La Maillerie, 127 Avenue Le N\u00f4tre.<\/li>\n<\/ul>\n<p class=\" wall-content\"><b>Autour de Douai<\/b><\/p>\n<ul class=\" wall-content\">\n<li><b>Roost-Warendin<\/b> \u2013 Vide-greniers de 8h \u00e0 17h. Parking et cour de l\u2019\u00e9cole de Bellefori\u00e8re, avenue du 8\u00a0Mai 1945.<\/li>\n<\/ul>\n<p class=\" wall-content\"><b>Autour de Cambrai<\/b><\/p>\n<ul class=\" wall-content\">\n<li><b>Cagnoncles<\/b> \u2013 Brocante avec 100\u00a0exposants, de 8h \u00e0 17h. Rue de l\u2019\u00c9glise, rue de Cambrai, rue de Naves, rue de Carni\u00e8res.<\/li>\n<li><b>Maurois<\/b> \u2013 Brocante avec 80\u00a0exposants, de 7h \u00e0 18h. Rue d\u2019en bas, rue de l\u2019\u00c9glise, rue Cl\u00e9ment Roche, rue du Calvaire.<\/li>\n<\/ul>\n<p class=\" wall-content\">Suivez toute l\u2019actualit\u00e9 de vos villes et m\u00e9dias favoris en vous inscrivant \u00e0 <a href=\"https:\/\/moncompte.actu.fr\" title=\"D\u00e9couvez Mon Actu\" rel=\"nofollow noopener\" data-trk=\"{&quot;cta&quot;:{&quot;action&quot;:&quot;https:\\\/\\\/moncompte.actu.fr&quot;,&quot;category&quot;:&quot;mon compte&quot;,&quot;from&quot;:&quot;article footer&quot;,&quot;name&quot;:&quot;Mon actu&quot;,&quot;type&quot;:&quot;cta&quot;}}\" target=\"_blank\">Mon Actu<\/a>.<\/p>\n","protected":false},"excerpt":{"rendered":"Par Hervine Mahaud Publi\u00e9 le 21 mai 2025 \u00e0 12h00 Amateurs de chine, voici votre agenda du week-end\u2009!&hellip;\n","protected":false},"author":2,"featured_media":116667,"comment_status":"","ping_status":"","sticky":false,"template":"","format":"standard","meta":{"footnotes":""},"categories":[2815],"tags":[1111,11,6961,1777,674,1011,27,811,1307,1652,12,25,7167,3365],"class_list":{"0":"post-116666","1":"post","2":"type-post","3":"status-publish","4":"format-standard","5":"has-post-thumbnail","7":"category-lille","8":"tag-actu","9":"tag-actualites","10":"tag-brocante","11":"tag-eu","12":"tag-europe","13":"tag-fr","14":"tag-france","15":"tag-hauts-de-france","16":"tag-lille","17":"tag-loisirs-culture","18":"tag-news","19":"tag-republique-francaise","20":"tag-seconde-main","21":"tag-vide-greniers"},"share_on_mastodon":{"url":"https:\/\/pubeurope.com\/@fr\/114545441349527190","error":""},"_links":{"self":[{"href":"https:\/\/www.europesays.com\/fr\/wp-json\/wp\/v2\/posts\/116666","targetHints":{"allow":["GET"]}}],"collection":[{"href":"https:\/\/www.europesays.com\/fr\/wp-json\/wp\/v2\/posts"}],"about":[{"href":"https:\/\/www.europesays.com\/fr\/wp-json\/wp\/v2\/types\/post"}],"author":[{"embeddable":true,"href":"https:\/\/www.europesays.com\/fr\/wp-json\/wp\/v2\/users\/2"}],"replies":[{"embeddable":true,"href":"https:\/\/www.europesays.com\/fr\/wp-json\/wp\/v2\/comments?post=116666"}],"version-history":[{"count":0,"href":"https:\/\/www.europesays.com\/fr\/wp-json\/wp\/v2\/posts\/116666\/revisions"}],"wp:featuredmedia":[{"embeddable":true,"href":"https:\/\/www.europesays.com\/fr\/wp-json\/wp\/v2\/media\/116667"}],"wp:attachment":[{"href":"https:\/\/www.europesays.com\/fr\/wp-json\/wp\/v2\/media?parent=116666"}],"wp:term":[{"taxonomy":"category","embeddable":true,"href":"https:\/\/www.europesays.com\/fr\/wp-json\/wp\/v2\/categories?post=116666"},{"taxonomy":"post_tag","embeddable":true,"href":"https:\/\/www.europesays.com\/fr\/wp-json\/wp\/v2\/tags?post=116666"}],"curies":[{"name":"wp","href":"https:\/\/api.w.org\/{rel}","templated":true}]}}