{"id":1166677,"date":"2026-09-04T10:25:22","date_gmt":"2026-09-04T10:25:22","guid":{"rendered":"https:\/\/www.europesays.com\/fr\/1166677\/"},"modified":"2026-09-04T10:25:22","modified_gmt":"2026-09-04T10:25:22","slug":"des-associations-lattendent-depuis-des-annees-ou-en-est-le-projet-de-musee-de-lhistoire-des-chantiers-navals-de-la-seyne","status":"publish","type":"post","link":"https:\/\/www.europesays.com\/fr\/1166677\/","title":{"rendered":"Des associations l\u2019attendent depuis des ann\u00e9es : o\u00f9 en est le projet de mus\u00e9e de l\u2019histoire des Chantiers navals de La Seyne\u00a0?"},"content":{"rendered":"<p>Dans l\u2019attente, depuis des ann\u00e9es, de la cr\u00e9ation d\u2019un mus\u00e9e des Chantiers navals, les associations regroupant les anciens travailleurs du site cultivent l\u2019espoir de voir le projet aboutir avec la nouvelle \u00e9quipe municipale.<\/p>\n<p>Raison pour laquelle, \u00ab\u00a0le 21\u00a0avril, <strong>nous avons demand\u00e9 \u00e0 la nouvelle municipalit\u00e9<\/strong>, comme aux anciennes, de <strong>faire de la Porte principale (cours Toussaint Merle), <\/strong><a href=\"https:\/\/www.nicematin.com\/societe\/histoire\/l-association-des-anciens-des-chantiers-defend-son-projet-de-musee-devant-le-maire-a-la-seyne-10678805\" rel=\"nofollow noopener\" target=\"_blank\"><strong>un lieu d\u2019histoire \u00e0 caract\u00e8re mus\u00e9al<\/strong> <\/a>afin que celle-ci reste \u00e0 jamais le symbole de la m\u00e9moire navale seynoise\u00a0\u00bb, explique Lucien Conac, pr\u00e9sident de l\u2019Association pour le maintien des int\u00e9r\u00eats des anciens de la Navale \u00e0 La Seyne (Amians).<\/p>\n<p>Il indique que<strong> le 21\u00a0juin, le maire \u00ab\u00a0est venu sur place<\/strong> pour se rendre compte par lui-m\u00eame de la faisabilit\u00e9 du projet. Et il a demand\u00e9 au responsable des b\u00e2timents communaux de commencer les travaux d\u00e8s septembre, <strong>pour transformer le 2e \u00e9tage en une salle d\u2019exposition permanente<\/strong> \u00e0 caract\u00e8re mus\u00e9al\u00a0\u00bb.<\/p>\n<p>Dans la foul\u00e9e, l\u2019Amians a constitu\u00e9 un groupe de travail \u00ab\u00a0pour faciliter la mise en place du projet\u00a0\u00bb.<\/p>\n<p>        <img id=\"article-thumbnail-5\" src=\"https:\/\/www.europesays.com\/fr\/wp-content\/uploads\/2026\/09\/ARTVIEW-10700760-1200-800-b70508e_upload-1-hrnp43gu7gg3-vue-general-chantiers.jpg\"   width=\"600\" height=\"400\" loading=\"lazy\" decoding=\"async\" alt=\"Une cinquantaine d\u2019entreprises pr\u00e9sentes sur le site de La Ciotat, dont certaines ont leur si\u00e8ge social dans le Var, font travailler tout un \u00e9cosyst\u00e8me de sous-traitants, \u00e0 cheval entre l\u2019ouest-Var et les Bouches-du-Rh\u00f4ne.&#10;Photo DR\" class=\"img-fluid position-absolute w-100 h-100 object-fit-cover rounded-2\"\/><\/p>\n<p>    \u00ab\u00a0Travaux avant la fin de l\u2019ann\u00e9e\u00a0\u00bb<\/p>\n<p class=\"fs-5 \">Ce groupe, qui rassemble l\u2019Amians, le Centre de ressources sur la construction navale (CRCN) et les associations Histoire &amp; Patrimoine seynois (HPS) et Caper 83 (Comit\u00e9 amiante pr\u00e9venir et r\u00e9parer) s\u2019est r\u00e9uni mercredi 2\u00a0septembre et \u00ab\u00a0a pris deux d\u00e9cisions\u00a0\u00bb, poursuit Lucien Conac\u00a0:<\/p>\n<p class=\"fs-5 \">\u00ab\u00a0<strong>Planifier et dessiner le projet <\/strong>d\u2019un possible ensemble mus\u00e9al naval seynois convenable\u00a0; et<strong> faire un inventaire de tout ce que La Seyne poss\u00e8de comme \u00e9l\u00e9ments pouvant \u00eatre pr\u00e9sent\u00e9s au public<\/strong>. Que ce soit dans l\u2019imm\u00e9diat \u00e0 la salle d\u2019exposition permanente sur la vie des chantiers\u00a0\u00bb ou, plus tard, dans un futur mus\u00e9e que le maire a annonc\u00e9 dans son programme \u00e9lectoral (dans le cadre du projet de Cit\u00e9 de la mer, Ndlr).<\/p>\n<p class=\"fs-5 \">Lucien Conac pr\u00e9cise que le groupe de travail, qui se r\u00e9unira \u00e0 nouveau le 16\u00a0septembre, \u00ab\u00a0reste ouvert \u00e0 toutes les associations et \u00e0 tous les volontaires d\u00e9sireux de travailler \u00e0 pr\u00e9server et faire vivre la m\u00e9moire navale seynoise\u00a0\u00bb.<\/p>\n<p class=\"fs-5 \">Du c\u00f4t\u00e9 de la mairie, on indique qu\u2019il n\u2019y a, \u00ab\u00a0<strong>pour le moment, pas de date arr\u00eat\u00e9e pour le d\u00e9but des travaux <\/strong>\u00e0 la Porte des chantiers\u00a0\u00bb, mais que ces travaux \u00ab\u00a0seront effectu\u00e9s <strong>avant la fin de l\u2019ann\u00e9e\u00a0\u00bb.<\/strong><\/p>\n","protected":false},"excerpt":{"rendered":"Dans l\u2019attente, depuis des ann\u00e9es, de la cr\u00e9ation d\u2019un mus\u00e9e des Chantiers navals, les associations regroupant les anciens&hellip;\n","protected":false},"author":2,"featured_media":1166678,"comment_status":"","ping_status":"","sticky":false,"template":"","format":"standard","meta":{"footnotes":"","_share_on_mastodon":"0"},"categories":[9619],"tags":[1111,11,1777,674,1011,27,12,882,25,2310],"class_list":["post-1166677","post","type-post","status-publish","format-standard","has-post-thumbnail","category-toulon","tag-actu","tag-actualites","tag-eu","tag-europe","tag-fr","tag-france","tag-news","tag-provence-alpes-cote-dazur","tag-republique-francaise","tag-toulon"],"share_on_mastodon":{"url":"https:\/\/pubeurope.com\/@fr\/117212292440593405","error":""},"_links":{"self":[{"href":"https:\/\/www.europesays.com\/fr\/wp-json\/wp\/v2\/posts\/1166677","targetHints":{"allow":["GET"]}}],"collection":[{"href":"https:\/\/www.europesays.com\/fr\/wp-json\/wp\/v2\/posts"}],"about":[{"href":"https:\/\/www.europesays.com\/fr\/wp-json\/wp\/v2\/types\/post"}],"author":[{"embeddable":true,"href":"https:\/\/www.europesays.com\/fr\/wp-json\/wp\/v2\/users\/2"}],"replies":[{"embeddable":true,"href":"https:\/\/www.europesays.com\/fr\/wp-json\/wp\/v2\/comments?post=1166677"}],"version-history":[{"count":0,"href":"https:\/\/www.europesays.com\/fr\/wp-json\/wp\/v2\/posts\/1166677\/revisions"}],"wp:featuredmedia":[{"embeddable":true,"href":"https:\/\/www.europesays.com\/fr\/wp-json\/wp\/v2\/media\/1166678"}],"wp:attachment":[{"href":"https:\/\/www.europesays.com\/fr\/wp-json\/wp\/v2\/media?parent=1166677"}],"wp:term":[{"taxonomy":"category","embeddable":true,"href":"https:\/\/www.europesays.com\/fr\/wp-json\/wp\/v2\/categories?post=1166677"},{"taxonomy":"post_tag","embeddable":true,"href":"https:\/\/www.europesays.com\/fr\/wp-json\/wp\/v2\/tags?post=1166677"}],"curies":[{"name":"wp","href":"https:\/\/api.w.org\/{rel}","templated":true}]}}