{"id":1166679,"date":"2026-09-04T10:26:22","date_gmt":"2026-09-04T10:26:22","guid":{"rendered":"https:\/\/www.europesays.com\/fr\/1166679\/"},"modified":"2026-09-04T10:26:22","modified_gmt":"2026-09-04T10:26:22","slug":"la-chaine-tv-lheure-et-les-compositions-de-bayonne-toulon","status":"publish","type":"post","link":"https:\/\/www.europesays.com\/fr\/1166679\/","title":{"rendered":"La cha\u00eene TV, l&rsquo;heure et les compositions de Bayonne-Toulon"},"content":{"rendered":"<p style=\"text-align: justify;\"><strong>Bayonne et Toulon s\u2019affrontent ce samedi \u00e0 l\u2019occasion de la 1re journ\u00e9e de Top 14. Horaire, cha\u00eene TV, compositions : voici tout ce qu\u2019il faut savoir pour suivre la rencontre.<\/strong><\/p>\n<ul style=\"text-align: justify;\">\n<li><strong>\u00c0 ce sujet \u2013 Classement Top 14 2026-2027 mis \u00e0 jour (\u00e0 venir)<\/strong><\/li>\n<\/ul>\n<p style=\"text-align: justify;\">Le match de la <strong>1re journ\u00e9e de la phase r\u00e9guli\u00e8re du Top 14<\/strong> entre l\u2019<strong>Aviron Bayonnais<\/strong> et le <strong>RC Toulon<\/strong> aura lieu ce <strong>samedi 5 septembre 2026<\/strong> \u00e0 <strong>19h05<\/strong>, au <strong>stade Jean-Dauger<\/strong> de Bayonne.<\/p>\n<p>Historique r\u00e9cent de Bayonne-Toulon<\/p>\n<p style=\"text-align: justify;\">Depuis le retour de Bayonne dans l\u2019\u00e9lite en 2022, Toulon n\u2019est venu s\u2019imposer qu\u2019une seule fois \u00e0 Jean-Dauger. Mais le RCT n\u2019avait pas fait les choses \u00e0 moiti\u00e9 lors de la saison 2023-2024, l\u2019emportant <a href=\"https:\/\/dicodusport.fr\/blog\/top-14-j20-bayonne-tombe-lourdement-a-anoeta-contre-toulon\/\" rel=\"nofollow noopener\" target=\"_blank\"><strong>10-46<\/strong><\/a>. N\u00e9anmoins, l\u2019an dernier, l\u2019Aviron avait arrach\u00e9 la victoire au terme d\u2019un grand match, ponctu\u00e9 d\u2019un drop victorieux de <strong>Joris Segonds<\/strong>.<\/p>\n<p style=\"text-align: justify;\">Probl\u00e8me : Bayonne \u00e9tait r\u00e9put\u00e9 pour \u00eatre imprenable \u00e0 domicile, mais tout cela a vol\u00e9 en \u00e9clats la saison derni\u00e8re. En effet, l\u2019Aviron s\u2019est inclin\u00e9 six fois \u00e0 Jean-Dauger lors du dernier exercice, toutes comp\u00e9titions confondues. Toulon, de son c\u00f4t\u00e9, n\u2019a gagn\u00e9 que deux fois en d\u00e9placement la saison pass\u00e9e en Top 14 : \u00e0 Montpellier, lors du tout premier match de la saison, et \u00e0 Montauban.<\/p>\n<p>Bayonne-Toulon : \u00e0 quelle heure et sur quelle cha\u00eene TV suivre le match ?<\/p>\n<p style=\"text-align: justify;\">Le match <strong>Bayonne-Toulon<\/strong> est \u00e0 suivre ce <strong>samedi 5 septembre 2026<\/strong> \u00e0 <strong>19h05<\/strong>, sur <strong>Canal+ Live 2<\/strong>, ainsi que dans le <strong>Multiplex<\/strong> sur <strong>Canal+<\/strong>.<\/p>\n<p>Les compositions probables de Bayonne-Toulon<br \/>\nLa composition de Bayonne<\/p>\n<p style=\"text-align: justify;\"><strong>XV de d\u00e9part<\/strong> : 15. Orab\u00e9\u2005; 14. Erbinartegaray, 13. Maqala, 12. Mori ou Du Preez, 11.Tambwe\u2005; 10. Du Preez ou Segonds, 9. Coly (cap.)\u2005; 7. Uhila, 8. Bruni, 6.Fischer\u2005; 5. Paulos, 4. Geraci\u2005; 3. Setiano, 2.Cramont, 1. Bordelai.<\/p>\n<p>\n<a href=\"https:\/\/dicodusport.fr\/blog\/le-club-dicodusport\/\" rel=\"nofollow noopener\" target=\"_blank\"><img loading=\"lazy\" decoding=\"async\" class=\"alignnone size-full wp-image-501284 perfmatters-lazy\" alt=\"\" width=\"1200\" height=\"200\" src=\"https:\/\/www.europesays.com\/fr\/wp-content\/uploads\/2026\/02\/Banniere-Club-Dicodusport-2026.png\"\/><\/a><\/p>\n<p style=\"text-align: justify;\"><strong>Rempla\u00e7ants<\/strong>\u2005: 16. Martin, 17. Cormenier, 18. Johnson ou Alainu\u2019uese, 19.Habel-K\u00fcffner, 20. Capilla ou H\u00e9guy, 21.Tilloles, 22.L\u00e9v\u00eaque ou Martocq, 23. Tatafu.<\/p>\n<p>La composition de Toulon<\/p>\n<p style=\"text-align: justify;\"><strong>XV de d\u00e9part<\/strong> : 15. Jaminet\u2005; 14. R. Rebbadj, 13. Sma\u00efli, 12. Fickou (cap.), 11.Fert\u00e9\u2005; 10. Garcia, 9. Serin\u2005; 7. Ollivon, 8. Mercer, 6. E.Abadie\u2005; 5.Cancoriet, 4. S. Rebbadj\u2005; 3. Sinckler, 2. Damond ou Baubigny, 1.Ametlla.<\/p>\n<p>\n<a href=\"https:\/\/dicodusport.fr\/blog\/le-club-dicodusport\/\" rel=\"nofollow noopener\" target=\"_blank\"><img loading=\"lazy\" decoding=\"async\" class=\"alignnone size-full wp-image-501296 perfmatters-lazy\" alt=\"\" width=\"400\" height=\"400\" src=\"https:\/\/www.europesays.com\/fr\/wp-content\/uploads\/2026\/02\/Le-Club-Dicodusport-Rejoins-nous-mobile.png\"\/><\/a><\/p>\n<p style=\"text-align: justify;\"><strong>Rempla\u00e7ants<\/strong>\u2005: 16. Damond ou Baubigny, 17. Jean-Christophe ou Gros, 18.Ju.Kpoku ou Asevedo, 19. Tuifua, 20. Quere-Karaba, 21.L.Keletaona, 22. Jones, 23. Slimani.<\/p>\n<p>Les cotes de Bayonne-Toulon<\/p>\n<tr style=\"height: 16px;\">\n<td style=\"background-color: #404040; text-align: left; border-color: #ededed; width: 500px;\" colspan=\"3\">Samedi 5 septembre 2026 19h05<\/td>\n<\/tr>\n<tr style=\"height: 24px;\">\n<td style=\"background-color: #ffffff; border-color: #ededed; vertical-align: middle; text-align: center; width: 266px;\"><b>Bayonne<br \/><\/b><a href=\"https:\/\/www.winamax.fr\/paris-sportifs\/match\/72875708?banid=33423\" class=\"su-button su-button-style-flat su-button-wide\" style=\"color:#fff;background-color:#000;border-color:#000000;border-radius:5px\" target=\"_blank\" rel=\"noopener noreferrer nofollow\"> 1.60<\/a><\/td>\n<td style=\"background-color: #ffffff; border-color: #ededed; vertical-align: middle; text-align: center; width: 266px;\"><strong>Match nul<\/strong><br \/><a href=\"https:\/\/www.winamax.fr\/paris-sportifs\/match\/72875708?banid=33423\" class=\"su-button su-button-style-flat su-button-wide\" style=\"color:#fff;background-color:#000;border-color:#000000;border-radius:5px\" target=\"_blank\" rel=\"noopener noreferrer nofollow\"> 20<\/a><\/td>\n<td style=\"background-color: #ffffff; border-color: #ededed; vertical-align: middle; text-align: center; width: 266px;\"><b>Toulon<\/b><br \/><a href=\"https:\/\/www.winamax.fr\/paris-sportifs\/match\/72875708?banid=33423\" class=\"su-button su-button-style-flat su-button-wide\" style=\"color:#fff;background-color:#000;border-color:#000000;border-radius:5px\" target=\"_blank\" rel=\"noopener noreferrer nofollow\"> 2.35<\/a><\/td>\n<\/tr>\n<p style=\"text-align: justify;\">Tentez votre chance en profitant de votre <a href=\"https:\/\/www.winamax.fr\/registration\/landing\/affiliation_Bonus100?banid=33423\" rel=\"nofollow noopener\" target=\"_blank\">1er d\u00e9p\u00f4t doubl\u00e9 jusqu\u2019\u00e0 100 \u20ac<\/a> direct en paris gratuits sur Winamax !<\/p>\n","protected":false},"excerpt":{"rendered":"Bayonne et Toulon s\u2019affrontent ce samedi \u00e0 l\u2019occasion de la 1re journ\u00e9e de Top 14. Horaire, cha\u00eene TV,&hellip;\n","protected":false},"author":2,"featured_media":1166680,"comment_status":"","ping_status":"","sticky":false,"template":"","format":"standard","meta":{"footnotes":"","_share_on_mastodon":"0"},"categories":[9619],"tags":[1111,11,4736,2113,1777,674,1011,27,12,502,882,8177,25,478,2310],"class_list":["post-1166679","post","type-post","status-publish","format-standard","has-post-thumbnail","category-toulon","tag-actu","tag-actualites","tag-aviron-bayonnais","tag-breve","tag-eu","tag-europe","tag-fr","tag-france","tag-news","tag-programme-tv","tag-provence-alpes-cote-dazur","tag-rc-toulon","tag-republique-francaise","tag-top-14","tag-toulon"],"share_on_mastodon":{"url":"https:\/\/pubeurope.com\/@fr\/117212297753397811","error":""},"_links":{"self":[{"href":"https:\/\/www.europesays.com\/fr\/wp-json\/wp\/v2\/posts\/1166679","targetHints":{"allow":["GET"]}}],"collection":[{"href":"https:\/\/www.europesays.com\/fr\/wp-json\/wp\/v2\/posts"}],"about":[{"href":"https:\/\/www.europesays.com\/fr\/wp-json\/wp\/v2\/types\/post"}],"author":[{"embeddable":true,"href":"https:\/\/www.europesays.com\/fr\/wp-json\/wp\/v2\/users\/2"}],"replies":[{"embeddable":true,"href":"https:\/\/www.europesays.com\/fr\/wp-json\/wp\/v2\/comments?post=1166679"}],"version-history":[{"count":0,"href":"https:\/\/www.europesays.com\/fr\/wp-json\/wp\/v2\/posts\/1166679\/revisions"}],"wp:featuredmedia":[{"embeddable":true,"href":"https:\/\/www.europesays.com\/fr\/wp-json\/wp\/v2\/media\/1166680"}],"wp:attachment":[{"href":"https:\/\/www.europesays.com\/fr\/wp-json\/wp\/v2\/media?parent=1166679"}],"wp:term":[{"taxonomy":"category","embeddable":true,"href":"https:\/\/www.europesays.com\/fr\/wp-json\/wp\/v2\/categories?post=1166679"},{"taxonomy":"post_tag","embeddable":true,"href":"https:\/\/www.europesays.com\/fr\/wp-json\/wp\/v2\/tags?post=1166679"}],"curies":[{"name":"wp","href":"https:\/\/api.w.org\/{rel}","templated":true}]}}