{"id":1166689,"date":"2026-09-04T10:35:16","date_gmt":"2026-09-04T10:35:16","guid":{"rendered":"https:\/\/www.europesays.com\/fr\/1166689\/"},"modified":"2026-09-04T10:35:16","modified_gmt":"2026-09-04T10:35:16","slug":"ce-pont-pieton-et-cycliste-tres-emprunte-a-grenoble-ferme-pendant-plusieurs-mois-pour-travaux","status":"publish","type":"post","link":"https:\/\/www.europesays.com\/fr\/1166689\/","title":{"rendered":"Ce pont pi\u00e9ton et cycliste tr\u00e8s emprunt\u00e9 \u00e0 Grenoble ferm\u00e9 pendant plusieurs mois pour travaux"},"content":{"rendered":"<p>                    Par<br \/>\n        <strong><br \/>\n            <a href=\"https:\/\/actu.fr\/auteur\/lisa-rodrigues\" title=\"Consulter tous les articles de Lisa Rodrigues\" rel=\"nofollow noopener\" target=\"_blank\">Lisa Rodrigues<\/a><br \/>\n                    <\/strong><\/p>\n<p>        Publi\u00e9 le<\/p>\n<p>            4 sept. 2026 \u00e0 12h11        <\/p>\n<p>Les pi\u00e9tons et v\u00e9los sont nombreux \u00e0 emprunter <strong>la passerelle Pique-Pierre<\/strong>, qui relie la Presqu\u2019\u00eele de <a href=\"https:\/\/actu.fr\/auvergne-rhone-alpes\/grenoble_38185\" rel=\"nofollow noopener\" target=\"_blank\">Grenoble<\/a> et son p\u00f4le d\u2019activit\u00e9s \u00e0 Saint-Martin-le-Vinoux. Mais la voie accol\u00e9e aux rails sur le pont ferroviaire a besoin d\u2019une large r\u00e9novation : c\u2019est le chantier que va lancer <a href=\"https:\/\/actu.fr\/tag\/grenoble-alpes-metropole\" rel=\"nofollow noopener\" target=\"_blank\">Grenoble-Alpes M\u00e9tropole<\/a> dans les prochains jours.<\/p>\n<p class=\" wall-content\">\u00c0 cause des sp\u00e9cificit\u00e9s de l\u2019ouvrage, \u00ab\u00a0les interventions sont r\u00e9alis\u00e9es exclusivement \u00e0 la main, par des personnels sp\u00e9cialis\u00e9s\u00a0\u00bb et n\u00e9cessitent la fermeture compl\u00e8te de la passerelle pour quatre mois.<\/p>\n<p>Un chantier sur quatre mois<\/p>\n<p class=\" wall-content\">La passerelle est \u00ab\u00a0fix\u00e9e \u00e0 un pont SNCF centenaire\u00a0\u00bb et traverse l\u2019Is\u00e8re, ainsi que des voies pi\u00e9tonnes et cyclables. \u00ab\u00a0\u00c0 ces contraintes s\u2019ajoute la pr\u00e9sence de plomb sur certaines parties de la structure, qui n\u00e9cessitent des pr\u00e9cautions sp\u00e9cifiques pendant les travaux\u00a0\u00bb, pr\u00e9cise la M\u00e9tropole.<\/p>\n<p class=\" wall-content\">Dans le d\u00e9tail, la structure doit \u00eatre renforc\u00e9e, le platelage en bois remplac\u00e9 par un platelage en r\u00e9sine et les garde-corps refaits \u00e0 neuf, tout comme les rampes d\u2019acc\u00e8s \u00e0 la passerelle. Le co\u00fbt des travaux est annonc\u00e9 \u00e0 <strong>420 750 euros TTC<\/strong>.<\/p>\n<p class=\" wall-content\">Une \u00ab\u00a0limitation des nuisances\u00a0\u00bb sera observ\u00e9e pour les riverains du chantier qui\u00a0doit d\u00e9marrer lundi 14 septembre et se terminer le vendredi 15 janvier 2027. La passerelle Pique-Pierre sera donc ferm\u00e9e sur la m\u00eame p\u00e9riode, pendant quatre mois environ.<\/p>\n<p class=\" wall-content\">Des travaux pr\u00e9paratoires seront lanc\u00e9s du 7 au 11 septembre, sans que l\u2019acc\u00e8s \u00e0 la passerelle ne soit bloqu\u00e9.<\/p>\n<p>Une d\u00e9viation par le pont d\u2019Oxford<\/p>\n<p class=\" wall-content\">Une d\u00e9viation pour les usagers pi\u00e9tons et v\u00e9los va donc \u00eatre mise en place.\u00a0<\/p>\n<p class=\" wall-content\">Il faudra ainsi <a href=\"https:\/\/actu.fr\/auvergne-rhone-alpes\/grenoble_38185\/grenoble-ce-pont-tres-prise-par-les-automobilistes-rouvre-en-avance-apres-de-longs-travaux_63261045.html\" rel=\"nofollow noopener\" target=\"_blank\">emprunter le pont d\u2019Oxford<\/a>, qui est lui ouvert \u00e0 la circulation automobile, quelques centaines de m\u00e8tres plus loin pour rejoindre la Presqu\u2019\u00eele depuis Saint-Martin-le-Vinoux. \u00ab\u00a0Les usagers sont invit\u00e9s \u00e0 anticiper leur trajet pendant cette p\u00e9riode\u00a0\u00bb, le temps de d\u00e9placement pouvant \u00eatre augment\u00e9, pr\u00e9vient la M\u00e9tropole.<\/p>\n<p class=\" wall-content\">Les voies sur les berges et les Chronov\u00e9los du secteur restent accessibles pendant les travaux.<\/p>\n<p class=\" wall-content\">Personnalisez votre actualit\u00e9 en ajoutant vos villes et m\u00e9dias en favori avec <a href=\"https:\/\/moncompte.actu.fr\" title=\"D\u00e9couvez Mon Actu\" rel=\"nofollow noopener\" data-trk=\"{&quot;cta&quot;:{&quot;action&quot;:&quot;https:\\\/\\\/moncompte.actu.fr&quot;,&quot;category&quot;:&quot;mon compte&quot;,&quot;from&quot;:&quot;article footer&quot;,&quot;name&quot;:&quot;Mon actu&quot;,&quot;type&quot;:&quot;cta&quot;}}\" target=\"_blank\">Mon Actu<\/a>.<\/p>\n","protected":false},"excerpt":{"rendered":"Par Lisa Rodrigues Publi\u00e9 le 4 sept. 2026 \u00e0 12h11 Les pi\u00e9tons et v\u00e9los sont nombreux \u00e0 emprunter&hellip;\n","protected":false},"author":2,"featured_media":1166690,"comment_status":"","ping_status":"","sticky":false,"template":"","format":"standard","meta":{"footnotes":"","_share_on_mastodon":"0"},"categories":[9566],"tags":[1111,11,2430,1777,674,1011,27,2731,12,4798,25,104,2086],"class_list":["post-1166689","post","type-post","status-publish","format-standard","has-post-thumbnail","category-grenoble","tag-actu","tag-actualites","tag-auvergne-rhone-alpes","tag-eu","tag-europe","tag-fr","tag-france","tag-grenoble","tag-news","tag-pistes-cyclables","tag-republique-francaise","tag-societe","tag-travaux"],"share_on_mastodon":{"url":"https:\/\/pubeurope.com\/@fr\/117212330355181423","error":""},"_links":{"self":[{"href":"https:\/\/www.europesays.com\/fr\/wp-json\/wp\/v2\/posts\/1166689","targetHints":{"allow":["GET"]}}],"collection":[{"href":"https:\/\/www.europesays.com\/fr\/wp-json\/wp\/v2\/posts"}],"about":[{"href":"https:\/\/www.europesays.com\/fr\/wp-json\/wp\/v2\/types\/post"}],"author":[{"embeddable":true,"href":"https:\/\/www.europesays.com\/fr\/wp-json\/wp\/v2\/users\/2"}],"replies":[{"embeddable":true,"href":"https:\/\/www.europesays.com\/fr\/wp-json\/wp\/v2\/comments?post=1166689"}],"version-history":[{"count":0,"href":"https:\/\/www.europesays.com\/fr\/wp-json\/wp\/v2\/posts\/1166689\/revisions"}],"wp:featuredmedia":[{"embeddable":true,"href":"https:\/\/www.europesays.com\/fr\/wp-json\/wp\/v2\/media\/1166690"}],"wp:attachment":[{"href":"https:\/\/www.europesays.com\/fr\/wp-json\/wp\/v2\/media?parent=1166689"}],"wp:term":[{"taxonomy":"category","embeddable":true,"href":"https:\/\/www.europesays.com\/fr\/wp-json\/wp\/v2\/categories?post=1166689"},{"taxonomy":"post_tag","embeddable":true,"href":"https:\/\/www.europesays.com\/fr\/wp-json\/wp\/v2\/tags?post=1166689"}],"curies":[{"name":"wp","href":"https:\/\/api.w.org\/{rel}","templated":true}]}}