{"id":1166694,"date":"2026-09-04T10:39:18","date_gmt":"2026-09-04T10:39:18","guid":{"rendered":"https:\/\/www.europesays.com\/fr\/1166694\/"},"modified":"2026-09-04T10:39:18","modified_gmt":"2026-09-04T10:39:18","slug":"indigne-meprisant-colere-et-stupeur-apres-la-fermeture-brutale-dune-grosse-ecole-privee-a-rennes","status":"publish","type":"post","link":"https:\/\/www.europesays.com\/fr\/1166694\/","title":{"rendered":"\u00ab\u00a0Indigne, m\u00e9prisant\u00a0\u00bb\u2026 Col\u00e8re et stupeur apr\u00e8s la fermeture brutale d\u2019une grosse \u00e9cole priv\u00e9e \u00e0 Rennes"},"content":{"rendered":"<p>Pas de rentr\u00e9e pour les \u00e9tudiants de The Land, \u00e0 <a href=\"https:\/\/www.20minutes.fr\/rennes\/\" class=\"c-link c-link--is-underlined\" rel=\"nofollow noopener\" target=\"_blank\">Rennes<\/a>. Dans ce campus priv\u00e9 implant\u00e9 aux portes de la capitale bretonne qui regroupe douze \u00e9coles sup\u00e9rieures, l\u2019annonce est tomb\u00e9e \u00e0 une semaine de la rentr\u00e9e. L\u2019\u00e9cole d\u00e9di\u00e9e \u00e0 la ruralit\u00e9 a mis la cl\u00e9 sous la porte et ferme donc sur-le-champ. Sans pr\u00e9venir. Sans aucun soutien pour ses \u00e9tudiants. Plusieurs dizaines d\u2019\u00e9l\u00e8ves seraient sur le carreau. Tous ont re\u00e7u un simple mail annon\u00e7ant la fin des cours, comme l\u2019ont r\u00e9v\u00e9l\u00e9 <a href=\"https:\/\/www.letelegramme.fr\/ille-et-vilaine\/rennes-35000\/nous-ne-sommes-plus-en-mesure-dassurer-votre-formation-a-rennes-ce-vaste-campus-cesse-brutalement-ses-activites-7109310.php\" target=\"_blank\" class=\"c-link c-link--is-underlined\" rel=\"nofollow noopener\">nos confr\u00e8res du T\u00e9l\u00e9gramme<\/a>. \u00ab\u00a0Nous ne sommes plus en mesure d\u2019assurer la poursuite de votre formation.\u00a0\u00bb Point barre.<\/p>\n<p>Dans les rangs des \u00e9l\u00e8ves, l\u2019annonce a \u00e9videmment fait l\u2019effet d\u2019une bombe. \u00ab\u00a0Mon ann\u00e9e est foutue en l\u2019air\u00a0\u00bb, commente une \u00e9l\u00e8ve qui affirme avoir appris \u00ab\u00a0le jour de la rentr\u00e9e que le campus fermait pour cessation d\u2019activit\u00e9\u00a0\u00bb. Dans son message, la jeune femme d\u00e9nonce la disparition du directeur et de \u00ab\u00a0tout le corps p\u00e9dagogique\u00a0\u00bb. Cet \u00e9t\u00e9, l\u2019\u00e9cole continuait de faire sa promo sur ses r\u00e9seaux sociaux.<\/p>\n<\/p>\n<p>Dans un communiqu\u00e9 tranchant comme rarement, Rennes m\u00e9tropole critique \u00e9galement ce choix. \u00ab\u00a0Cette fa\u00e7on de faire est indigne et m\u00e9prisante vis-\u00e0-vis des \u00e9tudiants qui ont engag\u00e9 des frais pour se loger et pour suivre les formations propos\u00e9es par cet organisme\u00a0\u00bb, tacle la collectivit\u00e9. La m\u00e9tropole souhaite intervenir pour \u00ab\u00a0garantir une continuit\u00e9 p\u00e9dagogique et r\u00e9pondre rapidement aux situations les plus urgentes.\u00a0\u00bb<\/p>\n<p>Trois lyc\u00e9es int\u00e9gr\u00e9s puis retir\u00e9s<\/p>\n<p>Implant\u00e9 \u00e0 la Lande du Breil, le campus The Land avait \u00e9t\u00e9 cr\u00e9\u00e9 en\u00a02020 et a regroup\u00e9 jusqu\u2019\u00e0 700 \u00e9l\u00e8ves lorsqu\u2019il avait sous sa coupe trois lyc\u00e9es agricoles. Il y a un an, <a href=\"https:\/\/www.letelegramme.fr\/ille-et-vilaine\/rennes-35000\/crise-dans-ce-campus-a-rennes-trois-lycees-font-secession-le-directeur-sous-pression-6940232.php\" target=\"_blank\" class=\"c-link c-link--is-underlined\" rel=\"nofollow noopener\">les trois \u00e9tablissements avaient quitt\u00e9 l\u2019institution<\/a> apr\u00e8s de multiples alertes sur la situation financi\u00e8re de la structure, rapporte Le T\u00e9l\u00e9gramme. Une gr\u00e8ve avait \u00e9t\u00e9 largement suivie, r\u00e9v\u00e9lant une vive opposition entre le personnel et la direction.<\/p>\n<p>En\u00a02020, son directeur, Jean-Marc Esneault, s\u2019\u00e9tait entour\u00e9 des plus grands patrons bretons <a href=\"https:\/\/www.20minutes.fr\/rennes\/2792723-20200604-rennes-cache-derriere-ecole-b5-ena-bretonne-formera-futurs-leaders-bretagne\" class=\"c-link c-link--is-underlined\" rel=\"nofollow noopener\" target=\"_blank\">pour cr\u00e9er une \u00ab\u00a0\u00e9cole de la vision\u00a0\u00bb<\/a> cens\u00e9e former les \u00ab\u00a0futurs leaders de la Bretagne\u00a0\u00bb.<\/p>\n","protected":false},"excerpt":{"rendered":"Pas de rentr\u00e9e pour les \u00e9tudiants de The Land, \u00e0 Rennes. Dans ce campus priv\u00e9 implant\u00e9 aux portes&hellip;\n","protected":false},"author":2,"featured_media":1166695,"comment_status":"","ping_status":"","sticky":false,"template":"","format":"standard","meta":{"footnotes":"","_share_on_mastodon":"0"},"categories":[2821],"tags":[1111,47,11,829,1122,4854,4081,1777,674,13407,1011,27,848,12,584,25,104],"class_list":["post-1166694","post","type-post","status-publish","format-standard","has-post-thumbnail","category-rennes","tag-actu","tag-actualite","tag-actualites","tag-bretagne","tag-ecole","tag-enseignement-superieur","tag-etudiant","tag-eu","tag-europe","tag-fermeture","tag-fr","tag-france","tag-ille-et-vilaine","tag-news","tag-rennes","tag-republique-francaise","tag-societe"],"share_on_mastodon":{"url":"https:\/\/pubeurope.com\/@fr\/117212346622381701","error":""},"_links":{"self":[{"href":"https:\/\/www.europesays.com\/fr\/wp-json\/wp\/v2\/posts\/1166694","targetHints":{"allow":["GET"]}}],"collection":[{"href":"https:\/\/www.europesays.com\/fr\/wp-json\/wp\/v2\/posts"}],"about":[{"href":"https:\/\/www.europesays.com\/fr\/wp-json\/wp\/v2\/types\/post"}],"author":[{"embeddable":true,"href":"https:\/\/www.europesays.com\/fr\/wp-json\/wp\/v2\/users\/2"}],"replies":[{"embeddable":true,"href":"https:\/\/www.europesays.com\/fr\/wp-json\/wp\/v2\/comments?post=1166694"}],"version-history":[{"count":0,"href":"https:\/\/www.europesays.com\/fr\/wp-json\/wp\/v2\/posts\/1166694\/revisions"}],"wp:featuredmedia":[{"embeddable":true,"href":"https:\/\/www.europesays.com\/fr\/wp-json\/wp\/v2\/media\/1166695"}],"wp:attachment":[{"href":"https:\/\/www.europesays.com\/fr\/wp-json\/wp\/v2\/media?parent=1166694"}],"wp:term":[{"taxonomy":"category","embeddable":true,"href":"https:\/\/www.europesays.com\/fr\/wp-json\/wp\/v2\/categories?post=1166694"},{"taxonomy":"post_tag","embeddable":true,"href":"https:\/\/www.europesays.com\/fr\/wp-json\/wp\/v2\/tags?post=1166694"}],"curies":[{"name":"wp","href":"https:\/\/api.w.org\/{rel}","templated":true}]}}