{"id":1166696,"date":"2026-09-04T10:40:23","date_gmt":"2026-09-04T10:40:23","guid":{"rendered":"https:\/\/www.europesays.com\/fr\/1166696\/"},"modified":"2026-09-04T10:40:23","modified_gmt":"2026-09-04T10:40:23","slug":"les-journees-de-larchitecture-en-alsace-2026-dates-infos-et-programme","status":"publish","type":"post","link":"https:\/\/www.europesays.com\/fr\/1166696\/","title":{"rendered":"Les Journ\u00e9es de l\u2019Architecture en Alsace 2026 : dates, infos et programme"},"content":{"rendered":"<p class=\"intro\">Les <strong>Journ\u00e9es de l\u2019Architecture en Alsace<\/strong> auront lieu du 1er au 25 octobre 2026. Port\u00e9 par la Maison europ\u00e9enne de l\u2019architecture \u2013 Rhin sup\u00e9rieur, ce festival transfrontalier unique fait dialoguer la France, l\u2019Allemagne et la Suisse autour d\u2019une m\u00eame passion\u00a0: l\u2019architecture.<\/p>\n<p><a data-lightbox=\"article\" data-title=\"Les Journ\u00e9es de l&#039;Architecture en Alsace DR\" class=\"image detail fullwidth  position-relative d-block\" href=\"https:\/\/www.jds.fr\/medias\/image\/les-journees-de-l-architecture-en-alsace-1-1076071-920-0-F.webp\" title=\"Les Journ\u00e9es de l&#039;Architecture en Alsace DR\" rel=\"nofollow noopener\" target=\"_blank\"><br \/>\n<img decoding=\"async\" loading=\"lazy\" src=\"https:\/\/www.europesays.com\/fr\/wp-content\/uploads\/2026\/09\/les-journees-de-l-architecture-en-alsace-1-1076071-1200-0.webp\"   width=\"685\" alt=\"Les Journ\u00e9es de l'Architecture en Alsace\" class=\"border\"\/><br \/>\nDR<br \/>\nLes Journ\u00e9es de l&rsquo;Architecture en Alsace<br \/>\n<\/a><\/p>\n<p>Les Journ\u00e9es de l\u2019Architecture\u00a0: un festival transfrontalier majeur<\/p>\n<p>Avec plus de 150 manifestations et pr\u00e8s de 20 000 visiteurs chaque ann\u00e9e, <strong>les Journ\u00e9es de l\u2019Architecture \u00e0 Strasbourg et en Alsace<\/strong> sont devenues l\u2019un des plus grands festivals d\u2019Europe consacr\u00e9s \u00e0 la culture architecturale. Conf\u00e9rences, visites guid\u00e9es, expositions, cin\u00e9-d\u00e9bats ou encore balades urbaines\u00a0: la programmation se d\u00e9ploie dans une quarantaine de villes d\u2019Alsace, du Bade-Wurtemberg et des deux cantons de B\u00e2le.<\/p>\n<p>Quand se d\u00e9rouleront les Journ\u00e9es de l&rsquo;Architecture en Alsace et \u00e0 Strasbourg\u00a0?<\/p>\n<p>Les <strong>Journ\u00e9es de l\u2019Architecture en Alsace se d\u00e9rouleront du 1er au 25 octobre 2026<\/strong>. Certaines manifestations sont gratuites, d\u2019autres sur inscription ou avec une participation modeste.<\/p>\n<p>Le programme complet et les inscriptions sont accessibles sur le site officiel\u00a0: <a href=\"https:\/\/www.m-ea.eu\/les-journees-de-larchitecture\/\" rel=\"nofollow noopener\" target=\"_blank\">m-ea.eu<\/a><\/p>\n<p>Pendant un mois, <strong>l\u2019Alsace vivra au rythme de l\u2019architecture<\/strong>\u00a0: une occasion unique de d\u00e9couvrir notre patrimoine, d\u2019explorer les tendances actuelles et d\u2019imaginer la ville de demain.<\/p>\n<p>Le programme des Journ\u00e9es de l&rsquo;Architecture 2026<\/p>\n<p>Les <strong>Journ\u00e9es de l&rsquo;Architecture reviennent du 1er au 25 octobre 2026 autour du th\u00e8me\u00a0\u00ab\u00a0Architecture et paysage\u00a0\u00bb<\/strong>. Plus de 150 manifestations sont annonc\u00e9es dans une quarantaine de villes du Rhin sup\u00e9rieur, avec de nombreux rendez-vous en Alsace.<\/p>\n<p>Cette nouvelle \u00e9dition explore les relations entre le b\u00e2ti et les paysages qui composent notre quotidien. Architecture, v\u00e9g\u00e9tation, gestion de l&rsquo;eau, patrimoine, friches industrielles ou encore transformation des espaces publics seront au coeur des visites, conf\u00e9rences, expositions, ateliers et d\u00e9ambulations propos\u00e9es pendant le festival.<\/p>\n<p>Le programme complet est \u00e0 retrouver sur notre page consacr\u00e9e aux <a href=\"https:\/\/www.jds.fr\/alsace\/manifestations\/les-journees-de-l-architecture-en-alsace-1194752_A\" rel=\"nofollow noopener\" target=\"_blank\">Journ\u00e9es de l&rsquo;Architecture en Alsace<\/a>.<\/p>\n<p>Les temps forts des Journ\u00e9es de l&rsquo;Architecture 2026 en Alsace<\/p>\n<p>\u00c0 Colmar, l&rsquo;\u00e9dition sera lanc\u00e9e le 2 octobre avec <strong>Totem<\/strong>, un spectacle de danse verticale de la compagnie Retouramont devant le Mus\u00e9e Unterlinden. Le mus\u00e9e proposera ensuite plusieurs ateliers et visites permettant de d\u00e9couvrir son architecture, du clo\u00eetre m\u00e9di\u00e9val \u00e0 l&rsquo;extension contemporaine de Herzog &amp; de Meuron.<\/p>\n<p>\u00c0 Strasbourg, l&rsquo;exposition <strong>Archifoto<\/strong> sera pr\u00e9sent\u00e9e \u00e0 La Chambre, tandis que l&rsquo;architecte norv\u00e9gien <strong>Reiulf Ramstad<\/strong> donnera une conf\u00e9rence au Maillon le 9 octobre. Plusieurs parcours aborderont \u00e9galement la transformation des cours d&rsquo;\u00e9cole, la ceinture verte, les paysages rh\u00e9nans et la gestion de l&rsquo;eau en ville.<\/p>\n<p>Mulhouse b\u00e9n\u00e9ficiera d&rsquo;une programmation particuli\u00e8rement dense. Le public pourra d\u00e9couvrir le Bas Rebberg, la r\u00e9habilitation de Miroir Cit\u00e9 et des jardins du Drouot, le chantier du coll\u00e8ge Alice Milliat ou encore plusieurs rendez-vous consacr\u00e9s au site DMC. Le 15 octobre, l&rsquo;agence suisse <strong>RWPA<\/strong> sera invit\u00e9e \u00e0 La Filature, tandis que les <strong>7es rencontres de la Frugalit\u00e9 heureuse et cr\u00e9ative<\/strong> investiront MoToCo du 15 au 18 octobre.<\/p>\n<p>\u00c0 Guebwiller, le Ch\u00e2teau de la Neuenbourg accueillera \u00e0 partir du 7 octobre l&rsquo;exposition <strong>Habiter les paysages ordinaires<\/strong>, accompagn\u00e9e d&rsquo;une visite guid\u00e9e et d&rsquo;un atelier familial.<\/p>\n<p>Des visites et balades dans toute l&rsquo;Alsace<\/p>\n<p>Les Journ\u00e9es de l&rsquo;Architecture permettront \u00e9galement de sortir des grandes villes pour d\u00e9couvrir des projets tr\u00e8s vari\u00e9s\u00a0: transformation d&rsquo;une ferme en \u00e9colieu \u00e0 Boofzheim, reconversion d&rsquo;un moulin en m\u00e9diath\u00e8que \u00e0 Gerstheim, sur\u00e9l\u00e9vation bois et projet bas carbone \u00e0 Illkirch-Graffenstaden, nouveau coeur de village \u00e0 La Wantzenau ou encore r\u00e9habilitation et extension de l&rsquo;\u00e9cole Jules Ferry \u00e0 Marckolsheim.<\/p>\n<p>Plusieurs rendez-vous s&rsquo;int\u00e9resseront aussi aux r\u00e9ponses apport\u00e9es au changement climatique. \u00c0 Strasbourg, Schiltigheim, Molsheim, Kutzenhausen ou Muttersholtz, des visites montreront notamment comment la v\u00e9g\u00e9talisation, la d\u00e9simperm\u00e9abilisation des sols et une nouvelle gestion des eaux de pluie peuvent transformer les espaces publics.<\/p>\n<p>Entre patrimoine et projets contemporains, cette \u00e9dition 2026 propose ainsi de parcourir l&rsquo;Alsace en observant autrement les liens entre architecture, paysage et cadre de vie.<\/p>\n<p>FAQ &#8211; Les Journ\u00e9es de l&rsquo;Architecture en Alsace<\/p>\n<p class=\"faq-title\"><strong>Quels types d&rsquo;activit\u00e9s sont propos\u00e9s lors des Journ\u00e9es de l&rsquo;Architecture \u00e0 Strasbourg\u00a0? \ud83c\udfdb\ufe0f<\/strong><\/p>\n<p>Les Journ\u00e9es de l&rsquo;Architecture \u00e0 Strasbourg offrent une vari\u00e9t\u00e9 d&rsquo;activit\u00e9s, notamment des visites de b\u00e2timents embl\u00e9matiques, des expositions, des projections, des ateliers interactifs, des parcours \u00e0 v\u00e9lo et des conf\u00e9rences anim\u00e9es par des architectes contemporains. Ces \u00e9v\u00e9nements permettent de d\u00e9couvrir l&rsquo;architecture sous diff\u00e9rents angles et de rencontrer des experts du domaine.<\/p>\n<p class=\"faq-title\"><strong>Comment puis-je participer aux visites de chantiers organis\u00e9es pendant l&rsquo;\u00e9v\u00e9nement\u00a0? \ud83c\udfd7\ufe0f<\/strong><\/p>\n<p>Pour participer aux visites de chantiers, il est g\u00e9n\u00e9ralement n\u00e9cessaire de s&rsquo;inscrire \u00e0 l&rsquo;avance. Les inscriptions se font directement aupr\u00e8s des organisateurs des Journ\u00e9es de l&rsquo;Architecture. Il est recommand\u00e9 de consulter le programme d\u00e9taill\u00e9 pour conna\u00eetre les modalit\u00e9s sp\u00e9cifiques de chaque visite.<\/p>\n<p class=\"faq-title\"><strong>Les Journ\u00e9es de l&rsquo;Architecture sont-elles adapt\u00e9es aux familles et aux enfants\u00a0? \ud83d\udc68\u200d\ud83d\udc69\u200d\ud83d\udc67\u200d\ud83d\udc66<\/strong><\/p>\n<p>Oui, l&rsquo;\u00e9v\u00e9nement propose des activit\u00e9s ludiques et interactives adapt\u00e9es aux familles et aux enfants, telles que des ateliers cr\u00e9atifs et des chasses au tr\u00e9sor th\u00e9matiques. Ces initiatives permettent aux plus jeunes de d\u00e9couvrir l&rsquo;architecture de mani\u00e8re amusante et \u00e9ducative.<\/p>\n<p class=\"faq-title\"><strong>Quel est le th\u00e8me des Journ\u00e9es de l&rsquo;Architecture 2026\u00a0? \ud83c\udfa8<\/strong><\/p>\n<p>Le th\u00e8me de l&rsquo;\u00e9dition 2026 est \u00ab Habiter le Rhin sup\u00e9rieur\u00a0: 2000-2026-2050 \u00bb. Ce th\u00e8me invite \u00e0 une r\u00e9flexion sur l&rsquo;\u00e9volution de l&rsquo;architecture dans la r\u00e9gion du Rhin sup\u00e9rieur, en explorant le pass\u00e9, le pr\u00e9sent et les perspectives futures de l&rsquo;habitat dans cette zone transfrontali\u00e8re.<\/p>\n<p>Date de derni\u00e8re mise \u00e0 jour le 04\/09\/2026.<\/p>\n","protected":false},"excerpt":{"rendered":"Les Journ\u00e9es de l\u2019Architecture en Alsace auront lieu du 1er au 25 octobre 2026. Port\u00e9 par la Maison&hellip;\n","protected":false},"author":2,"featured_media":1166697,"comment_status":"","ping_status":"","sticky":false,"template":"","format":"standard","meta":{"footnotes":"","_share_on_mastodon":"0"},"categories":[2820],"tags":[1111,11,1777,674,1011,27,775,12,25,640],"class_list":["post-1166696","post","type-post","status-publish","format-standard","has-post-thumbnail","category-strasbourg","tag-actu","tag-actualites","tag-eu","tag-europe","tag-fr","tag-france","tag-grand-est","tag-news","tag-republique-francaise","tag-strasbourg"],"share_on_mastodon":{"url":"https:\/\/pubeurope.com\/@fr\/117212351834338765","error":""},"_links":{"self":[{"href":"https:\/\/www.europesays.com\/fr\/wp-json\/wp\/v2\/posts\/1166696","targetHints":{"allow":["GET"]}}],"collection":[{"href":"https:\/\/www.europesays.com\/fr\/wp-json\/wp\/v2\/posts"}],"about":[{"href":"https:\/\/www.europesays.com\/fr\/wp-json\/wp\/v2\/types\/post"}],"author":[{"embeddable":true,"href":"https:\/\/www.europesays.com\/fr\/wp-json\/wp\/v2\/users\/2"}],"replies":[{"embeddable":true,"href":"https:\/\/www.europesays.com\/fr\/wp-json\/wp\/v2\/comments?post=1166696"}],"version-history":[{"count":0,"href":"https:\/\/www.europesays.com\/fr\/wp-json\/wp\/v2\/posts\/1166696\/revisions"}],"wp:featuredmedia":[{"embeddable":true,"href":"https:\/\/www.europesays.com\/fr\/wp-json\/wp\/v2\/media\/1166697"}],"wp:attachment":[{"href":"https:\/\/www.europesays.com\/fr\/wp-json\/wp\/v2\/media?parent=1166696"}],"wp:term":[{"taxonomy":"category","embeddable":true,"href":"https:\/\/www.europesays.com\/fr\/wp-json\/wp\/v2\/categories?post=1166696"},{"taxonomy":"post_tag","embeddable":true,"href":"https:\/\/www.europesays.com\/fr\/wp-json\/wp\/v2\/tags?post=1166696"}],"curies":[{"name":"wp","href":"https:\/\/api.w.org\/{rel}","templated":true}]}}